{"id":136119,"date":"2026-01-07T19:18:08","date_gmt":"2026-01-07T19:18:08","guid":{"rendered":"https:\/\/www.europesays.com\/fi\/136119\/"},"modified":"2026-01-07T19:18:08","modified_gmt":"2026-01-07T19:18:08","slug":"auerin-lapset-eivat-leikkineet-vanhojen-kavereidensa-kanssa-asiantuntija-nakee-piirteita-vieraannuttamisesta-kotimaa","status":"publish","type":"post","link":"https:\/\/www.europesays.com\/fi\/136119\/","title":{"rendered":"Auerin lapset eiv\u00e4t leikkineet vanhojen kavereidensa kanssa \u2013 asiantuntija n\u00e4kee piirteit\u00e4 vieraan\u00adnuttamisesta | Kotimaa"},"content":{"rendered":"<p class=\"aw-1gybjub aw-5vja16 kEtdKx kmuxyA yle__article__paragraph\">Oikeus on jatkanut Anneli Auerin ja Jens Ihlen seksuaali\u00adrikossyytteiden k\u00e4sittely\u00e4 joulutauon j\u00e4lkeen.<\/p>\n<p><img decoding=\"async\" alt=\"Anneli Auer median edess\u00e4.\" src=\"https:\/\/www.europesays.com\/fi\/wp-content\/uploads\/2026\/01\/39-156344069301a6bebf1d.jpeg\" class=\"aw-1l9m598 hKVVvP\"\/><\/p>\n<p>Avaa kuvien katselu<\/p>\n<p>Anneli Auer median edess\u00e4 joulukuussa 2025. Kuva: Kalle M\u00e4kel\u00e4 \/ Yle<\/p>\n<ul class=\"aw-1jjocuh iJTSwP yle__article__list yle__article__list--ul\">\n<li class=\"aw-1j7gwms gNYKfi\">Anneli Auerin ja Jens Ihlen seksuaalirikossyytteiden oikeusk\u00e4sittelyss\u00e4 kuultiin t\u00e4n\u00e4\u00e4n Auerien vanhaa naapuria, joka oli v\u00e4itettyjen rikosten aikaan 3\u20134-vuotias.<\/li>\n<li class=\"aw-1j7gwms gNYKfi\">H\u00e4n oli asianomistajana aiemmassa oikeudenk\u00e4ynniss\u00e4, jonka syytteisiin lukeutui my\u00f6s Auerin naapuruston lapsien hyv\u00e4ksik\u00e4ytt\u00f6\u00e4. Naapuruston lapsia koskevat syytteet kaatuivat tuolloin.<\/li>\n<li class=\"aw-1j7gwms gNYKfi\">Todistaja muisti, miten Auerin lasten k\u00e4yt\u00f6s muuttui huostaanoton j\u00e4lkeen.<\/li>\n<li class=\"aw-1j7gwms gNYKfi\">Oikeuspsykologian dosentti Julia Korkmanin lausunnon mukaan sijaisvanhempien toiminta muistuttaa vieraannuttamista, joka voi selitt\u00e4\u00e4 lasten aiempia kertomuksia.<\/li>\n<li class=\"aw-1j7gwms gNYKfi\">Syytt\u00e4j\u00e4n mukaan lausunto ei todista vieraannuttamista Auerin lasten tapauksessa.<\/li>\n<\/ul>\n<p class=\"aw-1gybjub aw-1p7kakr kEtdKx cEmitX yle__article__paragraph\"><strong class=\"aw-ak79eh KyCXm yle__article__strong\">Anneli Auerin<\/strong> ja <strong class=\"aw-ak79eh KyCXm yle__article__strong\">Jens Ihlen<\/strong> seksuaalirikossyytteiden k\u00e4sittely jatkui oikeudessa keskiviikkona kolmen viikon tauon j\u00e4lkeen.<\/p>\n<p class=\"aw-1gybjub aw-1p7kakr kEtdKx cEmitX yle__article__paragraph\">Varsinais-Suomen k\u00e4r\u00e4j\u00e4oikeus kuuli aamulla parikymppist\u00e4 naista, joka asui v\u00e4itettyjen seksuaalirikosten aikaan Auerien naapurustossa Turun Halisissa. Todistaja oli tuolloin 3\u20134-vuotias.<\/p>\n<p class=\"aw-1gybjub aw-1p7kakr kEtdKx cEmitX yle__article__paragraph\">H\u00e4n oli asianomistajana aiemmassa oikeudenk\u00e4ynniss\u00e4. Tuolloin syytteisiin lukeutui naapuruston lapsiin kohdistunutta hyv\u00e4ksik\u00e4ytt\u00f6\u00e4. Naapurin lapsia koskevat syytteet kaatuivat k\u00e4r\u00e4j\u00e4oikeudessa vuonna 2012.<\/p>\n<p class=\"aw-1gybjub aw-1p7kakr kEtdKx cEmitX yle__article__paragraph\">Puolustus kysyi t\u00e4lt\u00e4 todistajalta, onko h\u00e4neen kohdistunut seksuaalisia tekoja lapsuudessa.<\/p>\n<p class=\"aw-1gybjub aw-1p7kakr kEtdKx cEmitX yle__article__paragraph\">\u2013 Ei ole, eik\u00e4 minulla miss\u00e4\u00e4n kohtaa ollut sellaista tunnetta, ett\u00e4 jotain t\u00e4llaista olisi tapahtunut, nainen vastasi.<\/p>\n<p class=\"aw-1gybjub aw-1p7kakr kEtdKx cEmitX yle__article__paragraph\">Todistaja muisti olleensa tekemisiss\u00e4 Auerin kahden nuorimman tytt\u00e4ren kanssa. Yst\u00e4vyys loppui kuin sein\u00e4\u00e4n, kun lapset huostaanotettiin syksyll\u00e4 2009 Anneli Auerin tutkintavankeuden vuoksi.<\/p>\n<p class=\"aw-1gybjub aw-1p7kakr kEtdKx cEmitX yle__article__paragraph\">Todistaja kuvaili, miten h\u00e4n kohtasi Auerin lapset my\u00f6hemmin sijaisvanhempien tuodessa heid\u00e4t Halisiin. Auerin lapset eiv\u00e4t suostuneet leikkim\u00e4\u00e4n vanhojen naapuriensa kanssa.<\/p>\n<p class=\"aw-1gybjub aw-1p7kakr kEtdKx cEmitX yle__article__paragraph\">\u2013 Lapset vaikuttivat silt\u00e4, etteiv\u00e4t he halunneet ottaa mit\u00e4\u00e4n kontaktia. Kaikki katsoivat vain maahan. Kukaan ei sanonut minulle mit\u00e4\u00e4n.<\/p>\n<p class=\"aw-1gybjub aw-1p7kakr kEtdKx cEmitX yle__article__paragraph\">Oikeus kuuli my\u00f6s toista todistajaa suljetuin ovin.<\/p>\n<p>Asiantuntija: Sijaisvanhempien k\u00e4yt\u00f6s muistuttaa vieraannuttamista<\/p>\n<p class=\"aw-1gybjub aw-1p7kakr kEtdKx cEmitX yle__article__paragraph\">Puolustus esitti oikeudessa oikeuspsykologian dosentti <strong class=\"aw-ak79eh KyCXm yle__article__strong\">Julia Korkmanin<\/strong> vieraannuttamista koskevan lausunnon.<\/p>\n<p class=\"aw-1gybjub aw-1p7kakr kEtdKx cEmitX yle__article__paragraph\">Vieraannuttamisella tarkoitetaan esimerkiksi toimintaa, jolla aikuinen pyrkii vahingoittamaan lapsen suhdetta toiseen aikuiseen. Ilmi\u00f6 on tunnistettu erityisesti vaikeissa huoltajuuskiistoissa. Korkmanin mukaan ilmi\u00f6 on huomattavasti yleistynyt viime vuosina.<\/p>\n<p><img decoding=\"async\" alt=\"R\u00e4ttspsykolog Julia Korkman utanf\u00f6r Tankeh\u00f6rnan vid Helsingfors universitet.\" src=\"https:\/\/www.europesays.com\/fi\/wp-content\/uploads\/2026\/01\/39-144161367e3efca7118f.jpeg\" loading=\"lazy\" class=\"aw-1l9m598 hKVVvP\"\/><\/p>\n<p>Avaa kuvien katselu<\/p>\n<p>Julia Korkman toimi Auerin lapsia haastatelleiden psykologien ty\u00f6nohjaajana vuonna 2011. H\u00e4n arvioi omien sanojensa mukaan jo tuolloin lasten kertomusten saattaneen synty\u00e4 sijaisvanhempien johdattelun seurauksena. Kuva: Jenny J\u00e4gerhorn \/ Yle<\/p>\n<p class=\"aw-1gybjub aw-1p7kakr kEtdKx cEmitX yle__article__paragraph\">Korkmanin lausunto liikkuu p\u00e4\u00e4asiassa yleisell\u00e4 tasolla, mutta h\u00e4n ottaa my\u00f6s kantaa Auerin lasten sijaisvanhempien toimintaan.<\/p>\n<p class=\"aw-1gybjub aw-1p7kakr kEtdKx cEmitX yle__article__paragraph\">\u2013 Lasten kertomassa sijaisvanhempien toiminnassa kuvastuu varsin selv\u00e4sti vieraannuttavaa k\u00e4yt\u00f6st\u00e4 siten kuin se kuvastuu tutkimuksissa.<\/p>\n<p class=\"aw-1gybjub aw-1p7kakr kEtdKx cEmitX yle__article__paragraph\">Merkkin\u00e4 vieraannuttamisesta h\u00e4n pit\u00e4\u00e4 tapaa, jolla sijaisvanhemmat lasten mukaan reagoivat negatiivisesti, kun lapset eiv\u00e4t kertoneet kielteisi\u00e4 asioita \u00e4idist\u00e4\u00e4n ja isosiskostaan.<\/p>\n<p class=\"aw-1gybjub aw-1p7kakr kEtdKx cEmitX yle__article__paragraph\">Perusteettomien v\u00e4kivaltakertomusten riski on Korkmanin mukaan kohonnut vieraannuttamistapauksissa.<\/p>\n<p class=\"aw-1gybjub aw-1p7kakr kEtdKx cEmitX yle__article__paragraph\">\u2013 He kertoivat yksityiskohtaisia, v\u00e4rikk\u00e4it\u00e4 ja seksuaalisesti eksplisiittisi\u00e4 kertomuksia, joihin sis\u00e4ltyi tapahtuman kuvauksia, joita voidaan pit\u00e4\u00e4 \u00e4\u00e4rimm\u00e4isin\u00e4 ja ep\u00e4uskottavina, Korkman sanoo ja viittaa Auerin lapsiin.<\/p>\n<p>Syytt\u00e4j\u00e4 kritisoi lausuntoa<\/p>\n<p class=\"aw-1gybjub aw-1p7kakr kEtdKx cEmitX yle__article__paragraph\">Erikoissyytt\u00e4j\u00e4 <strong class=\"aw-ak79eh KyCXm yle__article__strong\">Leena Koivuniemi<\/strong> ei katso puolustuksen esitt\u00e4m\u00e4n asiantuntijalausunnon todistavan vieraannuttamista.<\/p>\n<p class=\"aw-1gybjub aw-1p7kakr kEtdKx cEmitX yle__article__paragraph\">Syytt\u00e4j\u00e4 kritisoi Korkmanin lausuntoa my\u00f6s siit\u00e4, ettei se ota huomioon vaihtoehtoisia selityksi\u00e4 lasten muuttuneille kertomuksille.<\/p>\n<p><img decoding=\"async\" alt=\"Nainen median edess\u00e4.\" src=\"https:\/\/www.europesays.com\/fi\/wp-content\/uploads\/2026\/01\/39-1563244692fecbd5ff79.jpeg\" loading=\"lazy\" class=\"aw-1l9m598 hKVVvP\"\/><\/p>\n<p>Avaa kuvien katselu<\/p>\n<p>Erikoissyytt\u00e4j\u00e4 Leena Koivuniemi Ylen haastattelussa 3.12. Kuva: Kalle M\u00e4kel\u00e4 \/ Yle<\/p>\n<p class=\"aw-1gybjub aw-1p7kakr kEtdKx cEmitX yle__article__paragraph\">Syytt\u00e4j\u00e4n esitt\u00e4m\u00e4ss\u00e4 <a class=\"aw-iao6s4 iHOxEa yle__article__link\" href=\"https:\/\/yle.fi\/a\/74-20197282\" role=\"link\" rel=\"nofollow noopener\" target=\"_blank\">hypoteesilausunnossa<\/a> rahaa pidet\u00e4\u00e4n yhten\u00e4 mahdollisena motiivina lasten p\u00e4\u00e4t\u00f6kselle py\u00f6rt\u00e4\u00e4 puheensa.<\/p>\n<p class=\"aw-1gybjub aw-1p7kakr kEtdKx cEmitX yle__article__paragraph\">Oikeudenk\u00e4ynti jatkuu torstaina. Silloin oikeus kuulee muun muassa Auerin lasten kanssa ty\u00f6skennelleit\u00e4 sosiaality\u00f6ntekij\u00f6it\u00e4. Puolustuksen todistajaksi saapuu my\u00f6s Auerin entinen avopuoliso 1990-luvulta.<\/p>\n<p class=\"aw-1gybjub aw-1p7kakr kEtdKx cEmitX yle__article__paragraph\">Vieraannuttamisen asiantuntija Julia Korkman saapuu oikeuden kuultavaksi ensi viikolla.<\/p>\n","protected":false},"excerpt":{"rendered":"Oikeus on jatkanut Anneli Auerin ja Jens Ihlen seksuaali\u00adrikossyytteiden k\u00e4sittely\u00e4 joulutauon j\u00e4lkeen. Avaa kuvien katselu Anneli Auer median&hellip;\n","protected":false},"author":2,"featured_media":136120,"comment_status":"","ping_status":"","sticky":false,"template":"","format":"standard","meta":{"footnotes":""},"categories":[5],"tags":[10877,22,23,26,27,33,31,30,17,71,24,25,28,29,15788,15,2098,18,21,581,32,19,20,662,16,6472,663],"class_list":{"0":"post-136119","1":"post","2":"type-post","3":"status-publish","4":"format-standard","5":"has-post-thumbnail","7":"category-otsikot","8":"tag-anneli-auer","9":"tag-breaking-news","10":"tag-breakingnews","11":"tag-featured-news","12":"tag-featurednews","13":"tag-fi","14":"tag-finland","15":"tag-finnish","16":"tag-headlines","17":"tag-kotimaa","18":"tag-latest-news","19":"tag-latestnews","20":"tag-main-news","21":"tag-mainnews","22":"tag-naapurusto","23":"tag-news","24":"tag-oikeudenkaynnit","25":"tag-otsikot","26":"tag-paauutiset","27":"tag-rikokset","28":"tag-suomi","29":"tag-top-stories","30":"tag-topstories","31":"tag-turku","32":"tag-uutiset","33":"tag-varsinais-suomen-karajaoikeus","34":"tag-varsinais-suomi"},"share_on_mastodon":{"url":"https:\/\/pubeurope.com\/@fi\/115855432305532283","error":""},"_links":{"self":[{"href":"https:\/\/www.europesays.com\/fi\/wp-json\/wp\/v2\/posts\/136119","targetHints":{"allow":["GET"]}}],"collection":[{"href":"https:\/\/www.europesays.com\/fi\/wp-json\/wp\/v2\/posts"}],"about":[{"href":"https:\/\/www.europesays.com\/fi\/wp-json\/wp\/v2\/types\/post"}],"author":[{"embeddable":true,"href":"https:\/\/www.europesays.com\/fi\/wp-json\/wp\/v2\/users\/2"}],"replies":[{"embeddable":true,"href":"https:\/\/www.europesays.com\/fi\/wp-json\/wp\/v2\/comments?post=136119"}],"version-history":[{"count":0,"href":"https:\/\/www.europesays.com\/fi\/wp-json\/wp\/v2\/posts\/136119\/revisions"}],"wp:featuredmedia":[{"embeddable":true,"href":"https:\/\/www.europesays.com\/fi\/wp-json\/wp\/v2\/media\/136120"}],"wp:attachment":[{"href":"https:\/\/www.europesays.com\/fi\/wp-json\/wp\/v2\/media?parent=136119"}],"wp:term":[{"taxonomy":"category","embeddable":true,"href":"https:\/\/www.europesays.com\/fi\/wp-json\/wp\/v2\/categories?post=136119"},{"taxonomy":"post_tag","embeddable":true,"href":"https:\/\/www.europesays.com\/fi\/wp-json\/wp\/v2\/tags?post=136119"}],"curies":[{"name":"wp","href":"https:\/\/api.w.org\/{rel}","templated":true}]}}