{"id":136150,"date":"2026-01-07T20:04:08","date_gmt":"2026-01-07T20:04:08","guid":{"rendered":"https:\/\/www.europesays.com\/fi\/136150\/"},"modified":"2026-01-07T20:04:08","modified_gmt":"2026-01-07T20:04:08","slug":"pirkanmaalainen-draamasarja-nousee-valtakunnalliselle-tv-kanavalle-tuulilaakso-kertoo-vallasta-ja-perhesuhteiden-monimutkaisuudesta","status":"publish","type":"post","link":"https:\/\/www.europesays.com\/fi\/136150\/","title":{"rendered":"Pirkanmaalainen draamasarja nousee valtakunnalliselle tv-kanavalle \u2013 Tuulilaakso kertoo vallasta ja perhesuhteiden monimutkaisuudesta"},"content":{"rendered":"<p>Pirkanmaalainen Ajattomat filmit ry tekee Tuulilaakso-nimist\u00e4 tv-sarjaa. Ensimm\u00e4inen kausi n\u00e4hd\u00e4\u00e4n valtakunnallisella Eveo-kanavalla syksyll\u00e4, ja jatkostakin on suunnitelmia.<\/p>\n<p class=\"article-body mb-nof-24 px-nof-16\">Kovasti kasvanut valtakunnallinen tv-kanava Eveo laajentuu ensi syksyn\u00e4 uuteen suuntaan, kun kanavalla esitet\u00e4\u00e4n kotimainen draamasarja Tuulilaakso. Sarjan tuotannosta vastaa sastamalalainen Ajattomat filmit ry.<\/p>\n<p class=\"article-body mb-nof-24 px-nof-16\">Tuulilaakson vastaava tuottaja <a class=\"font-bold underline-offset-[0.12em] [text-decoration:var(--person-link-text-decoration)] ![text-decoration-color:var(--person-link-text-decoration-color)]\" href=\"https:\/\/www.aamulehti.fi\/haku\/?query=Onni%20Vesa\" rel=\"nofollow noopener\" target=\"_blank\">Onni Vesa<\/a> kertoo, ett\u00e4 kyseess\u00e4 on intensiivinen draamasarja, joka seuraa kahden kilpailevan perheen el\u00e4m\u00e4\u00e4 kuvitteellisessa Tuulilaakson kunnassa.<\/p>\n","protected":false},"excerpt":{"rendered":"Pirkanmaalainen Ajattomat filmit ry tekee Tuulilaakso-nimist\u00e4 tv-sarjaa. Ensimm\u00e4inen kausi n\u00e4hd\u00e4\u00e4n valtakunnallisella Eveo-kanavalla syksyll\u00e4, ja jatkostakin on suunnitelmia. Kovasti&hellip;\n","protected":false},"author":2,"featured_media":136151,"comment_status":"","ping_status":"","sticky":false,"template":"","format":"standard","meta":{"footnotes":""},"categories":[130],"tags":[157,137,33,31,30,32,109],"class_list":{"0":"post-136150","1":"post","2":"type-post","3":"status-publish","4":"format-standard","5":"has-post-thumbnail","7":"category-viihde","8":"tag-aamulehti","9":"tag-entertainment","10":"tag-fi","11":"tag-finland","12":"tag-finnish","13":"tag-suomi","14":"tag-viihde"},"share_on_mastodon":{"url":"https:\/\/pubeurope.com\/@fi\/115855613118063667","error":""},"_links":{"self":[{"href":"https:\/\/www.europesays.com\/fi\/wp-json\/wp\/v2\/posts\/136150","targetHints":{"allow":["GET"]}}],"collection":[{"href":"https:\/\/www.europesays.com\/fi\/wp-json\/wp\/v2\/posts"}],"about":[{"href":"https:\/\/www.europesays.com\/fi\/wp-json\/wp\/v2\/types\/post"}],"author":[{"embeddable":true,"href":"https:\/\/www.europesays.com\/fi\/wp-json\/wp\/v2\/users\/2"}],"replies":[{"embeddable":true,"href":"https:\/\/www.europesays.com\/fi\/wp-json\/wp\/v2\/comments?post=136150"}],"version-history":[{"count":0,"href":"https:\/\/www.europesays.com\/fi\/wp-json\/wp\/v2\/posts\/136150\/revisions"}],"wp:featuredmedia":[{"embeddable":true,"href":"https:\/\/www.europesays.com\/fi\/wp-json\/wp\/v2\/media\/136151"}],"wp:attachment":[{"href":"https:\/\/www.europesays.com\/fi\/wp-json\/wp\/v2\/media?parent=136150"}],"wp:term":[{"taxonomy":"category","embeddable":true,"href":"https:\/\/www.europesays.com\/fi\/wp-json\/wp\/v2\/categories?post=136150"},{"taxonomy":"post_tag","embeddable":true,"href":"https:\/\/www.europesays.com\/fi\/wp-json\/wp\/v2\/tags?post=136150"}],"curies":[{"name":"wp","href":"https:\/\/api.w.org\/{rel}","templated":true}]}}