{"id":136211,"date":"2026-01-07T21:40:10","date_gmt":"2026-01-07T21:40:10","guid":{"rendered":"https:\/\/www.europesays.com\/fi\/136211\/"},"modified":"2026-01-07T21:40:10","modified_gmt":"2026-01-07T21:40:10","slug":"brigitte-bardot-haudattiin-saint-tropezissa-hs-fi","status":"publish","type":"post","link":"https:\/\/www.europesays.com\/fi\/136211\/","title":{"rendered":"Brigitte Bardot haudattiin Saint-Tropezissa | HS.fi"},"content":{"rendered":"<p>Kuvat n\u00e4ytt\u00e4v\u00e4t|Hautajaisvieraiksi saapuivat muiden muassa \u00e4\u00e4rioikeistopoliitikko Marine Le Pen ja laulaja Mireille Mathieu.<\/p>\n<p>Lue tiivistelm\u00e4<\/p>\n<p class=\"article-body mb-nof-24 px-nof-16 sndp-summary-bullet-point-font\">N\u00e4yttelij\u00e4 Brigitte Bardot haudattiin keskiviikkona kotikyl\u00e4ss\u00e4\u00e4n Saint-Tropezissa Etel\u00e4-Ranskassa.<\/p>\n<p class=\"article-body mb-nof-24 px-nof-16 sndp-summary-bullet-point-font\">Bardot kuoli 28. joulukuuta 91-vuotiaana sy\u00f6p\u00e4\u00e4n.<\/p>\n<p class=\"article-body mb-nof-24 px-nof-16 sndp-summary-bullet-point-font\">Hautajaisvieraiksi saapuivat muiden muassa \u00e4\u00e4rioikeistopoliitikko Marine Le Pen ja laulaja Mireille Mathieu.<\/p>\n<p class=\"article-body mb-nof-24 px-nof-16 sndp-summary-bullet-point-font\">Bardot j\u00e4tti elokuvauransa vuonna 1973 ja omistautui sen j\u00e4lkeen el\u00e4inoikeusty\u00f6lle.<\/p>\n<p class=\"article-body mb-nof-24 px-nof-16\">N\u00e4yttelij\u00e4 <a class=\"font-bold underline-offset-[0.12em] [text-decoration:var(--person-link-text-decoration)] ![text-decoration-color:var(--person-link-text-decoration-color)]\" href=\"https:\/\/www.hs.fi\/haku\/?query=Brigitte%20Bardot\" rel=\"nofollow noopener\" target=\"_blank\">Brigitte Bardot<\/a> haudattiin keskiviikkona kotikyl\u00e4ss\u00e4\u00e4n Saint-Tropezissa Etel\u00e4-Ranskassa, jossa h\u00e4n kuoli 28. joulukuuta 2025. H\u00e4n oli 91-vuotias.<\/p>\n<p class=\"article-body mb-nof-24 px-nof-16\">Bardot\u2019n puoliso <a class=\"font-bold underline-offset-[0.12em] [text-decoration:var(--person-link-text-decoration)] ![text-decoration-color:var(--person-link-text-decoration-color)]\" href=\"https:\/\/www.hs.fi\/haku\/?query=Bernard%20d%E2%80%99Ormale\" rel=\"nofollow noopener\" target=\"_blank\">Bernard d\u2019Ormale<\/a> kertoi tiistai-iltana Paris Match -lehdess\u00e4 julkaistussa haastattelussa, ett\u00e4 Bardot kuoli sy\u00f6p\u00e4\u00e4n ja oli ennen kuolemaansa kahdessa leikkauksessa, kertoo <a class=\"underline underline-offset-[0.12em] [text-decoration-thickness:var(--generic-link-underline-thickness)] [text-decoration-color:var(--generic-link-underline-color)] [text-decoration-skip-ink:var(--generic-link-underline-skip-ink)] break-words\" href=\"https:\/\/apnews.com\/article\/brigitte-bardot-funeral-france-saint-tropez-f34c030aced4f88dbc94af426b1872ba\" rel=\"nofollow noopener\" target=\"_blank\">uutistoimisto AP<\/a>.<\/p>\n<p class=\"article-body mb-nof-24 px-nof-16\">Bardot oli asettunut Saint-Tropeziin vuonna 1973 j\u00e4tetty\u00e4\u00e4n menestyksekk\u00e4\u00e4n elokuvauransa. Sen j\u00e4lkeen h\u00e4n omistautui el\u00e4inoikeusty\u00f6lle ja perusti vuonna 1986 nime\u00e4\u00e4n kantavan el\u00e4insuojelus\u00e4\u00e4ti\u00f6n.<\/p>\n<p class=\"article-body mb-nof-24 px-nof-16\">Bardot sai osakseen paljon kritiikki\u00e4 rasistisista ja homofobisista kannanotoistaan, ja h\u00e4n sai rikostuomioita esimerkiksi kiihottamisesta kansanryhm\u00e4\u00e4 vastaan.<\/p>\n<p class=\"article-body mb-nof-24 px-nof-16\">H\u00e4n kannatti ranskalaista \u00e4\u00e4rioikeistopuoluetta Kansallista liittoumaa, jonka johtaja <a class=\"font-bold underline-offset-[0.12em] [text-decoration:var(--person-link-text-decoration)] ![text-decoration-color:var(--person-link-text-decoration-color)]\" href=\"https:\/\/www.hs.fi\/haku\/?query=Marine%20Le%20Pen\" rel=\"nofollow noopener\" target=\"_blank\">Marine Le Pen<\/a> olikin yksi hautajaisvieraista keskiviikkona.<\/p>\n<p><img decoding=\"async\" src=\"https:\/\/www.europesays.com\/fi\/wp-content\/uploads\/2026\/01\/1767822009_660_468.jpg\" alt=\"Marine Le Pen saapui Brigitte Bardot\u2019n hautajaisiin.\" class=\"_Img_1rerz_1\" style=\"aspect-ratio:0.6666666666666666\" loading=\"eager\"\/><\/p>\n<p class=\"article-picture-caption\">Marine Le Pen saapui Brigitte Bardot\u2019n hautajaisiin. Kuva:\u00a0Alexandre Dimou \/ Reuters<\/p>\n<p><img decoding=\"async\" src=\"https:\/\/www.europesays.com\/fi\/wp-content\/uploads\/2026\/01\/1767822009_887_468.jpg\" alt=\"Brigitte Bardot\u2019n arkku tuotiin kirkkoon keskiviikkoaamuna.\" class=\"_Img_1rerz_1\" style=\"aspect-ratio:0.678125\" loading=\"eager\"\/><\/p>\n<p class=\"article-picture-caption\">Brigitte Bardot\u2019n arkku tuotiin kirkkoon keskiviikkoaamuna. Kuva:\u00a0Manon Cruz \/ Reuters<\/p>\n<p><img decoding=\"async\" src=\"https:\/\/www.europesays.com\/fi\/wp-content\/uploads\/2026\/01\/1767822009_495_468.jpg\" alt=\"Fanit ker\u00e4\u00e4ntyiv\u00e4t hautajaisten j\u00e4lkeen Brigitte Bardot\u2019n haudalle Saint-Tropezissa.\" class=\"_Img_1rerz_1\" style=\"aspect-ratio:1.5011727912431587\" loading=\"eager\"\/><\/p>\n<p class=\"article-picture-caption\">Fanit ker\u00e4\u00e4ntyiv\u00e4t hautajaisten j\u00e4lkeen Brigitte Bardot\u2019n haudalle Saint-Tropezissa. Kuva:\u00a0Alexandre Dimou \/ Reuters<\/p>\n<p class=\"article-body mb-nof-24 px-nof-16\">Varsinainen Notre-Dame-de-l\u2019Assomption -kirkossa j\u00e4rjestetty hautajaispalvelus oli avoin vain Bardot\u2019n perheen ja Fondation Brigitte Bardot\u2019n kutsumille vieraille, mutta yleis\u00f6ll\u00e4 oli mahdollisuus j\u00e4tt\u00e4\u00e4 j\u00e4\u00e4hyv\u00e4iset Saint-Tropezin kaduilla edenneen hautajaiskulkueen yhteydess\u00e4.<\/p>\n<p class=\"article-body mb-nof-24 px-nof-16\">Palvelus n\u00e4ytettiin my\u00f6s satamaan ja Place des Lices -puistoon pystytetyill\u00e4 kuvaruuduilla, kertoo ranskalaislehti <a class=\"underline underline-offset-[0.12em] [text-decoration-thickness:var(--generic-link-underline-thickness)] [text-decoration-color:var(--generic-link-underline-color)] [text-decoration-skip-ink:var(--generic-link-underline-skip-ink)] break-words\" href=\"https:\/\/www.lefigaro.fr\/culture\/en-direct-obseques-de-brigitte-bardot-personnalites-et-fans-a-saint-tropez-pour-un-dernier-hommage-a-bb-20260107\" rel=\"nofollow noopener\" target=\"_blank\">Le Figaro<\/a>. Lehden mukaan sadat ihmiset kuvasivat hautajaiskulkuetta puhelimillaan Bardot\u2019n arkun saapuessa kirkkoon.<\/p>\n<p><img decoding=\"async\" src=\"https:\/\/www.europesays.com\/fi\/wp-content\/uploads\/2026\/01\/1767822009_766_468.jpg\" alt=\"N\u00e4yttelij\u00e4 Bernard Montiel saapui Brigitte Bardot\u2019n hautajaisiin.\" class=\"_Img_1rerz_1\" style=\"aspect-ratio:1.5\" loading=\"eager\"\/><\/p>\n<p class=\"article-picture-caption\">N\u00e4yttelij\u00e4 Bernard Montiel saapui Brigitte Bardot\u2019n hautajaisiin. Kuva:\u00a0Manon Cruz \/ Reuters<\/p>\n<p><img decoding=\"async\" src=\"https:\/\/www.europesays.com\/fi\/wp-content\/uploads\/2026\/01\/1767822010_996_468.jpg\" alt=\"Laulaja Mireille Mathieu (3. vasemmalta) sek\u00e4 ministeri Aurore Berg\u00e9 saapuivat Brigitte Bardot\u2019n hautajaisiin.\" class=\"_Img_1rerz_1\" style=\"aspect-ratio:1.5\" loading=\"eager\"\/><\/p>\n<p class=\"article-picture-caption\">Laulaja Mireille Mathieu (3. vasemmalta) sek\u00e4 ministeri Aurore Berg\u00e9 saapuivat Brigitte Bardot\u2019n hautajaisiin. Kuva:\u00a0Alexandre Dimou \/ Reuters<\/p>\n<p class=\"article-body mb-nof-24 px-nof-16\">Hautajaisvieraina n\u00e4htiin lukuisia ranskalaisia julkisuuden henkil\u00f6it\u00e4, esimerkiksi n\u00e4yttelij\u00e4 <a class=\"font-bold underline-offset-[0.12em] [text-decoration:var(--person-link-text-decoration)] ![text-decoration-color:var(--person-link-text-decoration-color)]\" href=\"https:\/\/www.hs.fi\/haku\/?query=Bernard%20Montiel\" rel=\"nofollow noopener\" target=\"_blank\">Bernard Montiel<\/a>, yritt\u00e4j\u00e4 ja televisiopersoona <a class=\"font-bold underline-offset-[0.12em] [text-decoration:var(--person-link-text-decoration)] ![text-decoration-color:var(--person-link-text-decoration-color)]\" href=\"https:\/\/www.hs.fi\/haku\/?query=Caroline%20Margeridon\" rel=\"nofollow noopener\" target=\"_blank\">Caroline Margeridon<\/a>, radio- ja televisiojuontaja <a class=\"font-bold underline-offset-[0.12em] [text-decoration:var(--person-link-text-decoration)] ![text-decoration-color:var(--person-link-text-decoration-color)]\" href=\"https:\/\/www.hs.fi\/haku\/?query=Jean-Luc%20Reichmann\" rel=\"nofollow noopener\" target=\"_blank\">Jean-Luc Reichmann<\/a> sek\u00e4 laulaja <a class=\"font-bold underline-offset-[0.12em] [text-decoration:var(--person-link-text-decoration)] ![text-decoration-color:var(--person-link-text-decoration-color)]\" href=\"https:\/\/www.hs.fi\/haku\/?query=Mireille%20Mathieu\" rel=\"nofollow noopener\" target=\"_blank\">Mireille Mathieu<\/a>, joka my\u00f6s lauloi kirkossa Panis Angelicus -hymnin. Tenori <a class=\"font-bold underline-offset-[0.12em] [text-decoration:var(--person-link-text-decoration)] ![text-decoration-color:var(--person-link-text-decoration-color)]\" href=\"https:\/\/www.hs.fi\/haku\/?query=Vincent%20Niclo\" rel=\"nofollow noopener\" target=\"_blank\">Vincent Niclo<\/a> lauloi Ave Marian.<\/p>\n<p class=\"article-body mb-nof-24 px-nof-16\">Muita hautajaisvieraita olivat kilpa-ajaja ja n\u00e4yttelij\u00e4 <a class=\"font-bold underline-offset-[0.12em] [text-decoration:var(--person-link-text-decoration)] ![text-decoration-color:var(--person-link-text-decoration-color)]\" href=\"https:\/\/www.hs.fi\/haku\/?query=Paul%20Belmondo\" rel=\"nofollow noopener\" target=\"_blank\">Paul Belmondo<\/a>, Gipsy Kings -yhtyeest\u00e4 tuttu muusikko <a class=\"font-bold underline-offset-[0.12em] [text-decoration:var(--person-link-text-decoration)] ![text-decoration-color:var(--person-link-text-decoration-color)]\" href=\"https:\/\/www.hs.fi\/haku\/?query=Chico%20Bouchikhi\" rel=\"nofollow noopener\" target=\"_blank\">Chico Bouchikhi<\/a>. T\u00e4m\u00e4n toinen yhtye Chico and the Gypsies soitti kirkossa tilaisuuden lopussa, kun Bardot\u2019n rottinkista arkkua kannettiin ulos, kertoo ranskalaislehti <a class=\"underline underline-offset-[0.12em] [text-decoration-thickness:var(--generic-link-underline-thickness)] [text-decoration-color:var(--generic-link-underline-color)] [text-decoration-skip-ink:var(--generic-link-underline-skip-ink)] break-words\" href=\"https:\/\/www.lemonde.fr\/culture\/article\/2026\/01\/07\/les-obseques-de-brigitte-bardot-sont-celebrees-a-saint-tropez-ce-mercredi_6660853_3246.html\" rel=\"nofollow noopener\" target=\"_blank\">Le Monde<\/a>.<\/p>\n<p class=\"article-body mb-nof-24 px-nof-16\">Poliitikoista paikalla olivat Marine Le Penin ohella ainakin Debout la France -pienpuolueen puheenjohtaja <a class=\"font-bold underline-offset-[0.12em] [text-decoration:var(--person-link-text-decoration)] ![text-decoration-color:var(--person-link-text-decoration-color)]\" href=\"https:\/\/www.hs.fi\/haku\/?query=Nicolas%20Dupont-Aignan\" rel=\"nofollow noopener\" target=\"_blank\">Nicolas Dupont-Aignan<\/a> sek\u00e4 Renaissance-puolueeseen kuuluva tasa-arvoministeri <a class=\"font-bold underline-offset-[0.12em] [text-decoration:var(--person-link-text-decoration)] ![text-decoration-color:var(--person-link-text-decoration-color)]\" href=\"https:\/\/www.hs.fi\/haku\/?query=Aurore%20Berg%C3%A9\" rel=\"nofollow noopener\" target=\"_blank\">Aurore Berg\u00e9<\/a>. Presidentti <a class=\"font-bold underline-offset-[0.12em] [text-decoration:var(--person-link-text-decoration)] ![text-decoration-color:var(--person-link-text-decoration-color)]\" href=\"https:\/\/www.hs.fi\/haku\/?query=Emmanuel%20Macron\" rel=\"nofollow noopener\" target=\"_blank\">Emmanuel Macron<\/a> puolisoineen l\u00e4hetti tilaisuuteen seppeleen, Le Figaro kertoo.<\/p>\n<p><img decoding=\"async\" src=\"https:\/\/www.europesays.com\/fi\/wp-content\/uploads\/2026\/01\/1767822010_101_468.jpg\" alt=\"Chico and the Gypsies esiintyi ennen hautajaispalvelusta my\u00f6s kirkon ulkopuolella.\" class=\"_Img_1rerz_1\" style=\"aspect-ratio:1.5\" loading=\"eager\"\/><\/p>\n<p class=\"article-picture-caption\">Chico and the Gypsies esiintyi ennen hautajaispalvelusta my\u00f6s kirkon ulkopuolella. Kuva:\u00a0Alexandre Dimou \/ Reuters<\/p>\n","protected":false},"excerpt":{"rendered":"Kuvat n\u00e4ytt\u00e4v\u00e4t|Hautajaisvieraiksi saapuivat muiden muassa \u00e4\u00e4rioikeistopoliitikko Marine Le Pen ja laulaja Mireille Mathieu. Lue tiivistelm\u00e4 N\u00e4yttelij\u00e4 Brigitte Bardot&hellip;\n","protected":false},"author":2,"featured_media":136212,"comment_status":"","ping_status":"","sticky":false,"template":"","format":"standard","meta":{"footnotes":""},"categories":[136],"tags":[407,137,33,31,30,46,408,32,109],"class_list":{"0":"post-136211","1":"post","2":"type-post","3":"status-publish","4":"format-standard","5":"has-post-thumbnail","7":"category-julkkikset","8":"tag-celebrities","9":"tag-entertainment","10":"tag-fi","11":"tag-finland","12":"tag-finnish","13":"tag-helsingin-sanomat","14":"tag-julkkikset","15":"tag-suomi","16":"tag-viihde"},"share_on_mastodon":{"url":"https:\/\/pubeurope.com\/@fi\/115855990689421849","error":""},"_links":{"self":[{"href":"https:\/\/www.europesays.com\/fi\/wp-json\/wp\/v2\/posts\/136211","targetHints":{"allow":["GET"]}}],"collection":[{"href":"https:\/\/www.europesays.com\/fi\/wp-json\/wp\/v2\/posts"}],"about":[{"href":"https:\/\/www.europesays.com\/fi\/wp-json\/wp\/v2\/types\/post"}],"author":[{"embeddable":true,"href":"https:\/\/www.europesays.com\/fi\/wp-json\/wp\/v2\/users\/2"}],"replies":[{"embeddable":true,"href":"https:\/\/www.europesays.com\/fi\/wp-json\/wp\/v2\/comments?post=136211"}],"version-history":[{"count":0,"href":"https:\/\/www.europesays.com\/fi\/wp-json\/wp\/v2\/posts\/136211\/revisions"}],"wp:featuredmedia":[{"embeddable":true,"href":"https:\/\/www.europesays.com\/fi\/wp-json\/wp\/v2\/media\/136212"}],"wp:attachment":[{"href":"https:\/\/www.europesays.com\/fi\/wp-json\/wp\/v2\/media?parent=136211"}],"wp:term":[{"taxonomy":"category","embeddable":true,"href":"https:\/\/www.europesays.com\/fi\/wp-json\/wp\/v2\/categories?post=136211"},{"taxonomy":"post_tag","embeddable":true,"href":"https:\/\/www.europesays.com\/fi\/wp-json\/wp\/v2\/tags?post=136211"}],"curies":[{"name":"wp","href":"https:\/\/api.w.org\/{rel}","templated":true}]}}