{"id":136213,"date":"2026-01-07T21:43:07","date_gmt":"2026-01-07T21:43:07","guid":{"rendered":"https:\/\/www.europesays.com\/fi\/136213\/"},"modified":"2026-01-07T21:43:07","modified_gmt":"2026-01-07T21:43:07","slug":"teppo-nummisen-nicklas-poika-vaihtoi-seuraa-kanadassa","status":"publish","type":"post","link":"https:\/\/www.europesays.com\/fi\/136213\/","title":{"rendered":"Teppo Nummisen Nicklas-poika vaihtoi seuraa Kanadassa"},"content":{"rendered":"<p>Nicklas Numminen vaihtoi samalla my\u00f6s sarjaa.<\/p>\n<p class=\"article-body mb-nof-24 px-nof-16\">Aamulehti<\/p>\n<p class=\"article-body mb-nof-24 px-nof-16\">J\u00e4\u00e4kiekkoilija <a class=\"font-bold underline-offset-[0.12em] [text-decoration:var(--person-link-text-decoration)] ![text-decoration-color:var(--person-link-text-decoration-color)]\" href=\"https:\/\/www.aamulehti.fi\/haku\/?query=Nicklas%20Numminen\" rel=\"nofollow noopener\" target=\"_blank\">Nicklas Numminen<\/a>, 19, siirtyi joulun alla pelaamaan uuteen seuraan.<\/p>\n<p class=\"article-body mb-nof-24 px-nof-16\">Nummisen j\u00e4\u00e4kiekkosukuun kuuluva <a class=\"font-bold underline-offset-[0.12em] [text-decoration:var(--person-link-text-decoration)] ![text-decoration-color:var(--person-link-text-decoration-color)]\" href=\"https:\/\/www.aamulehti.fi\/haku\/?query=Teppo%20Nummisen\" rel=\"nofollow noopener\" target=\"_blank\">Teppo Nummisen<\/a> poika jatkaa uraansa Chiliwack Chiefsin riveiss\u00e4. British Columbia Hockey Leaguessa pelaava joukkue uskoi <a class=\"underline underline-offset-[0.12em] [text-decoration-thickness:var(--generic-link-underline-thickness)] [text-decoration-color:var(--generic-link-underline-color)] [text-decoration-skip-ink:var(--generic-link-underline-skip-ink)] break-words\" href=\"https:\/\/www.chilliwackchiefs.net\/chiefs-sign-defenceman-nicklas-numminen\" rel=\"nofollow noopener\" target=\"_blank\">tiedotteessaan<\/a>, ett\u00e4 Nummista ei onnistuttu hy\u00f6dynt\u00e4m\u00e4\u00e4n kunnolla h\u00e4nen aiemmassa seurassaan. Numminen edusti aiemmin Chicoutimi Saguen\u00e9ensi\u00e4 Quebecin junioriliigassa.<\/p>\n<p class=\"article-body mb-nof-24 px-nof-16\">\u201dUskomme, ett\u00e4 h\u00e4nell\u00e4 on enemm\u00e4n vahvuuksia ja saamme ne esiin t\u00e4\u00e4ll\u00e4. H\u00e4n on taitava luistelija, joka pelaa tyylikk\u00e4\u00e4sti ja itsevarmasti kiekollisena\u201d, joukkueen p\u00e4\u00e4valmentaja <a class=\"font-bold underline-offset-[0.12em] [text-decoration:var(--person-link-text-decoration)] ![text-decoration-color:var(--person-link-text-decoration-color)]\" href=\"https:\/\/www.aamulehti.fi\/haku\/?query=Brian%20Maloney\" rel=\"nofollow noopener\" target=\"_blank\">Brian Maloney<\/a> sanoi.<\/p>\n<p class=\"article-body mb-nof-24 px-nof-16\">Numminen siirtyi Pohjois-Amerikkaan t\u00e4ksi kaudeksi. Viel\u00e4 viime kaudella h\u00e4n kiekkoili Tapparan U20-joukkueessa.<\/p>\n","protected":false},"excerpt":{"rendered":"Nicklas Numminen vaihtoi samalla my\u00f6s sarjaa. Aamulehti J\u00e4\u00e4kiekkoilija Nicklas Numminen, 19, siirtyi joulun alla pelaamaan uuteen seuraan. Nummisen&hellip;\n","protected":false},"author":2,"featured_media":136214,"comment_status":"","ping_status":"","sticky":false,"template":"","format":"standard","meta":{"footnotes":""},"categories":[133],"tags":[157,137,33,31,30,32,206,156,109],"class_list":{"0":"post-136213","1":"post","2":"type-post","3":"status-publish","4":"format-standard","5":"has-post-thumbnail","7":"category-televisiot","8":"tag-aamulehti","9":"tag-entertainment","10":"tag-fi","11":"tag-finland","12":"tag-finnish","13":"tag-suomi","14":"tag-televisiot","15":"tag-tv","16":"tag-viihde"},"share_on_mastodon":{"url":"https:\/\/pubeurope.com\/@fi\/115856002440121533","error":""},"_links":{"self":[{"href":"https:\/\/www.europesays.com\/fi\/wp-json\/wp\/v2\/posts\/136213","targetHints":{"allow":["GET"]}}],"collection":[{"href":"https:\/\/www.europesays.com\/fi\/wp-json\/wp\/v2\/posts"}],"about":[{"href":"https:\/\/www.europesays.com\/fi\/wp-json\/wp\/v2\/types\/post"}],"author":[{"embeddable":true,"href":"https:\/\/www.europesays.com\/fi\/wp-json\/wp\/v2\/users\/2"}],"replies":[{"embeddable":true,"href":"https:\/\/www.europesays.com\/fi\/wp-json\/wp\/v2\/comments?post=136213"}],"version-history":[{"count":0,"href":"https:\/\/www.europesays.com\/fi\/wp-json\/wp\/v2\/posts\/136213\/revisions"}],"wp:featuredmedia":[{"embeddable":true,"href":"https:\/\/www.europesays.com\/fi\/wp-json\/wp\/v2\/media\/136214"}],"wp:attachment":[{"href":"https:\/\/www.europesays.com\/fi\/wp-json\/wp\/v2\/media?parent=136213"}],"wp:term":[{"taxonomy":"category","embeddable":true,"href":"https:\/\/www.europesays.com\/fi\/wp-json\/wp\/v2\/categories?post=136213"},{"taxonomy":"post_tag","embeddable":true,"href":"https:\/\/www.europesays.com\/fi\/wp-json\/wp\/v2\/tags?post=136213"}],"curies":[{"name":"wp","href":"https:\/\/api.w.org\/{rel}","templated":true}]}}