{"id":136215,"date":"2026-01-07T21:47:08","date_gmt":"2026-01-07T21:47:08","guid":{"rendered":"https:\/\/www.europesays.com\/fi\/136215\/"},"modified":"2026-01-07T21:47:08","modified_gmt":"2026-01-07T21:47:08","slug":"ilveksen-ennatysvoittoa-todisti-seuran-areena-ajan-pienin-liigapelin-yleisomaara","status":"publish","type":"post","link":"https:\/\/www.europesays.com\/fi\/136215\/","title":{"rendered":"Ilveksen enn\u00e4tysvoittoa todisti seuran areena-ajan pienin liigapelin yleis\u00f6m\u00e4\u00e4r\u00e4"},"content":{"rendered":"<p>Ilveksen peliss\u00e4 oli keskiviikkona 4\u202f366 katsojaa.<\/p>\n<p class=\"article-body mb-nof-24 px-nof-16\">Aamulehti<\/p>\n<p class=\"article-body mb-nof-24 px-nof-16\">Vaikka Ilves mets\u00e4sti j\u00e4\u00e4kiekkoliigassa enn\u00e4tyksellist\u00e4 voittoputkea Vaasan Sportia vastaan, ei yleis\u00f6 syttynyt keskiviikkoillan ottelulle sarjajumboa vastaan. Illan yleis\u00f6m\u00e4\u00e4r\u00e4 4\u202f366 katsojaa on Ilveksen historian huonoin areena-aikana, kun pois lasketaan koronarajoitusten takia ilman yleis\u00f6\u00e4 pelatut ottelut.<\/p>\n<p class=\"article-body mb-nof-24 px-nof-16\">Ennen Sport-peli\u00e4 Ilveksen pienin yleis\u00f6m\u00e4\u00e4r\u00e4 oli syyskuussa pelatun JYP-ottelun 4\u202f556 katsojaa, joten vaatimattomin lukema tuli liki 200 katsojan verran alasp\u00e4in.<\/p>\n<p class=\"article-body mb-nof-24 px-nof-16\">Pieni yleis\u00f6m\u00e4\u00e4r\u00e4 ei Ilvest\u00e4 hidastanut vaan joukkue kaatoi Sportin jatkoajalla. Voitto oli joukkueelle 11:s per\u00e4kk\u00e4in.<\/p>\n<p class=\"article-body mb-nof-24 px-nof-16\">Ilves pelaa kotipelej\u00e4 t\u00e4ll\u00e4 hetkell\u00e4 tiiviiseen tahtiin. 30. joulukuuta Ilveksell\u00e4 alkoi jakso, johon kuuluu yhdeks\u00e4n kotipeli\u00e4 tammikuun loppuun menness\u00e4. Kahdessa edellisess\u00e4 ottelussaan Ilves ker\u00e4si 10\u202f371 ja 9\u202f882 katsojan yleis\u00f6t TPS:\u00e4\u00e4 ja K\u00e4rppi\u00e4 vastaan. T\u00e4ll\u00e4 viikolla Ilves kohtaa kotipeliss\u00e4\u00e4n viel\u00e4 Helsingin IFK:n lauantaina.<\/p>\n<p class=\"article-body mb-nof-24 px-nof-16\">CHL:n puolella Ilveksen yleis\u00f6m\u00e4\u00e4r\u00e4t olivat t\u00e4ll\u00e4 kaudella viel\u00e4 reilusti j\u00e4\u00e4kiekkoliigaa kehnommat. Pinguins Bremerhavenia vastaan Nokia-areenassa oli katsojia vain 1\u202f914.<\/p>\n","protected":false},"excerpt":{"rendered":"Ilveksen peliss\u00e4 oli keskiviikkona 4\u202f366 katsojaa. Aamulehti Vaikka Ilves mets\u00e4sti j\u00e4\u00e4kiekkoliigassa enn\u00e4tyksellist\u00e4 voittoputkea Vaasan Sportia vastaan, ei yleis\u00f6&hellip;\n","protected":false},"author":2,"featured_media":136216,"comment_status":"","ping_status":"","sticky":false,"template":"","format":"standard","meta":{"footnotes":""},"categories":[158],"tags":[157,33,31,30,159,32,160],"class_list":{"0":"post-136215","1":"post","2":"type-post","3":"status-publish","4":"format-standard","5":"has-post-thumbnail","7":"category-urheilu","8":"tag-aamulehti","9":"tag-fi","10":"tag-finland","11":"tag-finnish","12":"tag-sports","13":"tag-suomi","14":"tag-urheilu"},"share_on_mastodon":{"url":"https:\/\/pubeurope.com\/@fi\/115856018255936504","error":""},"_links":{"self":[{"href":"https:\/\/www.europesays.com\/fi\/wp-json\/wp\/v2\/posts\/136215","targetHints":{"allow":["GET"]}}],"collection":[{"href":"https:\/\/www.europesays.com\/fi\/wp-json\/wp\/v2\/posts"}],"about":[{"href":"https:\/\/www.europesays.com\/fi\/wp-json\/wp\/v2\/types\/post"}],"author":[{"embeddable":true,"href":"https:\/\/www.europesays.com\/fi\/wp-json\/wp\/v2\/users\/2"}],"replies":[{"embeddable":true,"href":"https:\/\/www.europesays.com\/fi\/wp-json\/wp\/v2\/comments?post=136215"}],"version-history":[{"count":0,"href":"https:\/\/www.europesays.com\/fi\/wp-json\/wp\/v2\/posts\/136215\/revisions"}],"wp:featuredmedia":[{"embeddable":true,"href":"https:\/\/www.europesays.com\/fi\/wp-json\/wp\/v2\/media\/136216"}],"wp:attachment":[{"href":"https:\/\/www.europesays.com\/fi\/wp-json\/wp\/v2\/media?parent=136215"}],"wp:term":[{"taxonomy":"category","embeddable":true,"href":"https:\/\/www.europesays.com\/fi\/wp-json\/wp\/v2\/categories?post=136215"},{"taxonomy":"post_tag","embeddable":true,"href":"https:\/\/www.europesays.com\/fi\/wp-json\/wp\/v2\/tags?post=136215"}],"curies":[{"name":"wp","href":"https:\/\/api.w.org\/{rel}","templated":true}]}}