{"id":136300,"date":"2026-01-08T00:24:10","date_gmt":"2026-01-08T00:24:10","guid":{"rendered":"https:\/\/www.europesays.com\/fi\/136300\/"},"modified":"2026-01-08T00:24:10","modified_gmt":"2026-01-08T00:24:10","slug":"vain-elamaa-artistia-syytetaan-raiskauksesta","status":"publish","type":"post","link":"https:\/\/www.europesays.com\/fi\/136300\/","title":{"rendered":"Vain el\u00e4m\u00e4\u00e4 -artistia syytet\u00e4\u00e4n raiskauksesta"},"content":{"rendered":"<p><img decoding=\"async\" class=\"image image-show image-preview\" src=\"https:\/\/www.europesays.com\/fi\/wp-content\/uploads\/2025\/09\/70ec926952beaf299b899eb500eb7bf43d4871475b1fd3596767b9384f369654.jpg\" alt=\"\"\/><img decoding=\"async\" class=\"image image-show\" src=\"https:\/\/www.europesays.com\/fi\/wp-content\/uploads\/2025\/09\/1757756109_962_70ec926952beaf299b899eb500eb7bf43d4871475b1fd3596767b9384f369654.jpg\" alt=\"\"\/><\/p>\n<p>Nikke Ankara on aiemminkin tuomittu seksuaalirikoksesta. Henri K\u00e4rkk\u00e4inen<\/p>\n<p class=\"paragraph\">Nikke Ankaraa vastaan on nostettu syyte raiskauksesta. Asiasta kertoo <a href=\"https:\/\/www.is.fi\/viihde\/art-2000011734529.html\" rel=\"noopener nofollow\" target=\"_blank\">Ilta-Sanomat<\/a>. R\u00e4pp\u00e4rin oikea nimi on <strong>Niiles Hiirola<\/strong>.<\/p>\n<p class=\"paragraph\">Syyte on nostettu t\u00e4n\u00e4\u00e4n 7. tammikuuta.<\/p>\n<p class=\"paragraph\">R\u00e4pp\u00e4ri\u00e4 ep\u00e4ill\u00e4\u00e4n muutama vuosi sitten Haminassa tapahtuneesta raiskauksesta.<\/p>\n<p class=\"paragraph\">Nikke Ankara tuomittiin vuonna 2020 Helsingin k\u00e4r\u00e4j\u00e4oikeudessa sakkoihin pakottamisesta seksuaaliseen tekoon.<\/p>\n<p class=\"paragraph\">Vuonna 2022 h\u00e4n <a href=\"https:\/\/www.iltalehti.fi\/viihdeuutiset\/48a99bb5-60cd-4769-9aa4-c43720b5c1d2\" rel=\"nofollow noopener\" target=\"_blank\">kuvaili rikostaan<\/a> \u201del\u00e4m\u00e4ns\u00e4 pahimmaksi munaukseksi\u201d.<\/p>\n<p class=\"paragraph\">Lahdesta kotoisin olevan r\u00e4pp\u00e4rin ura alkoi vuonna 2013 rapin SM-kisoissa. Vuonna 2017 h\u00e4n osallistui Vain el\u00e4m\u00e4\u00e4 -ohjelman kuudennelle tuotantokaudelle.<\/p>\n<p class=\"paragraph\">Nikke Ankara vietti tuomionsa j\u00e4lkeen hiljaiseloa, kunnes h\u00e4n viime vuonna palasi keikkalavoille ja julkaisi uutta musiikkia.<\/p>\n<p class=\"paragraph\">L\u00e4hde: <a href=\"https:\/\/www.is.fi\/viihde\/art-2000011734529.html\" rel=\"noopener nofollow\" target=\"_blank\">Ilta-Sanomat<\/a><\/p>\n","protected":false},"excerpt":{"rendered":"Nikke Ankara on aiemminkin tuomittu seksuaalirikoksesta. Henri K\u00e4rkk\u00e4inen Nikke Ankaraa vastaan on nostettu syyte raiskauksesta. Asiasta kertoo Ilta-Sanomat.&hellip;\n","protected":false},"author":2,"featured_media":33652,"comment_status":"","ping_status":"","sticky":false,"template":"","format":"standard","meta":{"footnotes":""},"categories":[130],"tags":[35,138,137,33,31,30,53,47,141,976,32,109],"class_list":{"0":"post-136300","1":"post","2":"type-post","3":"status-publish","4":"format-standard","5":"has-post-thumbnail","7":"category-viihde","8":"tag-24h","9":"tag-audio","10":"tag-entertainment","11":"tag-fi","12":"tag-finland","13":"tag-finnish","14":"tag-laki-oikeus-ja-rikos","15":"tag-musiikki","16":"tag-muusikot-bandit","17":"tag-oikeusprosessit","18":"tag-suomi","19":"tag-viihde"},"share_on_mastodon":{"url":"https:\/\/pubeurope.com\/@fi\/115856635527074110","error":""},"_links":{"self":[{"href":"https:\/\/www.europesays.com\/fi\/wp-json\/wp\/v2\/posts\/136300","targetHints":{"allow":["GET"]}}],"collection":[{"href":"https:\/\/www.europesays.com\/fi\/wp-json\/wp\/v2\/posts"}],"about":[{"href":"https:\/\/www.europesays.com\/fi\/wp-json\/wp\/v2\/types\/post"}],"author":[{"embeddable":true,"href":"https:\/\/www.europesays.com\/fi\/wp-json\/wp\/v2\/users\/2"}],"replies":[{"embeddable":true,"href":"https:\/\/www.europesays.com\/fi\/wp-json\/wp\/v2\/comments?post=136300"}],"version-history":[{"count":0,"href":"https:\/\/www.europesays.com\/fi\/wp-json\/wp\/v2\/posts\/136300\/revisions"}],"wp:featuredmedia":[{"embeddable":true,"href":"https:\/\/www.europesays.com\/fi\/wp-json\/wp\/v2\/media\/33652"}],"wp:attachment":[{"href":"https:\/\/www.europesays.com\/fi\/wp-json\/wp\/v2\/media?parent=136300"}],"wp:term":[{"taxonomy":"category","embeddable":true,"href":"https:\/\/www.europesays.com\/fi\/wp-json\/wp\/v2\/categories?post=136300"},{"taxonomy":"post_tag","embeddable":true,"href":"https:\/\/www.europesays.com\/fi\/wp-json\/wp\/v2\/tags?post=136300"}],"curies":[{"name":"wp","href":"https:\/\/api.w.org\/{rel}","templated":true}]}}