{"id":136313,"date":"2026-01-08T00:53:26","date_gmt":"2026-01-08T00:53:26","guid":{"rendered":"https:\/\/www.europesays.com\/fi\/136313\/"},"modified":"2026-01-08T00:53:26","modified_gmt":"2026-01-08T00:53:26","slug":"posti-aloittaa-muutosneuvottelut-172-tyopaikkaa-uhattuna","status":"publish","type":"post","link":"https:\/\/www.europesays.com\/fi\/136313\/","title":{"rendered":"Posti aloittaa muutosneuvottelut, 172 ty\u00f6paikkaa uhattuna"},"content":{"rendered":"<p>Muutokset koskevat postikeskuksen lajittelua, myym\u00e4l\u00f6it\u00e4 ja asiakaspalvelua.<\/p>\n<p>7.1. 15:39<\/p>\n<p class=\"article-body mb-nof-24 px-nof-16\">Posti suunnittelee alkuvuodelle useita muutoksia, jotka voivat johtaa enint\u00e4\u00e4n 172 vakituisen ty\u00f6ntekij\u00e4n v\u00e4hennykseen. Muutosneuvottelut koskevat postikeskuksen lajittelua, myym\u00e4l\u00f6it\u00e4 ja asiakaspalvelua.<\/p>\n<p class=\"article-body mb-nof-24 px-nof-16\">Postin jakaman paperisen postin m\u00e4\u00e4r\u00e4 on v\u00e4hentynyt noin 75 prosentilla viimeisen kymmenen vuoden aikana, ja m\u00e4\u00e4r\u00e4 jatkaa laskuaan, Posti kertoo tiedotteessaan.<\/p>\n","protected":false},"excerpt":{"rendered":"Muutokset koskevat postikeskuksen lajittelua, myym\u00e4l\u00f6it\u00e4 ja asiakaspalvelua. 7.1. 15:39 Posti suunnittelee alkuvuodelle useita muutoksia, jotka voivat johtaa enint\u00e4\u00e4n&hellip;\n","protected":false},"author":2,"featured_media":136314,"comment_status":"","ping_status":"","sticky":false,"template":"","format":"standard","meta":{"footnotes":""},"categories":[76],"tags":[79,77,33,31,30,1510,32,78],"class_list":{"0":"post-136313","1":"post","2":"type-post","3":"status-publish","4":"format-standard","5":"has-post-thumbnail","7":"category-talous","8":"tag-business","9":"tag-economy","10":"tag-fi","11":"tag-finland","12":"tag-finnish","13":"tag-kankaanpaan-seutu","14":"tag-suomi","15":"tag-talous"},"share_on_mastodon":{"url":"https:\/\/pubeurope.com\/@fi\/115856749618683456","error":""},"_links":{"self":[{"href":"https:\/\/www.europesays.com\/fi\/wp-json\/wp\/v2\/posts\/136313","targetHints":{"allow":["GET"]}}],"collection":[{"href":"https:\/\/www.europesays.com\/fi\/wp-json\/wp\/v2\/posts"}],"about":[{"href":"https:\/\/www.europesays.com\/fi\/wp-json\/wp\/v2\/types\/post"}],"author":[{"embeddable":true,"href":"https:\/\/www.europesays.com\/fi\/wp-json\/wp\/v2\/users\/2"}],"replies":[{"embeddable":true,"href":"https:\/\/www.europesays.com\/fi\/wp-json\/wp\/v2\/comments?post=136313"}],"version-history":[{"count":0,"href":"https:\/\/www.europesays.com\/fi\/wp-json\/wp\/v2\/posts\/136313\/revisions"}],"wp:featuredmedia":[{"embeddable":true,"href":"https:\/\/www.europesays.com\/fi\/wp-json\/wp\/v2\/media\/136314"}],"wp:attachment":[{"href":"https:\/\/www.europesays.com\/fi\/wp-json\/wp\/v2\/media?parent=136313"}],"wp:term":[{"taxonomy":"category","embeddable":true,"href":"https:\/\/www.europesays.com\/fi\/wp-json\/wp\/v2\/categories?post=136313"},{"taxonomy":"post_tag","embeddable":true,"href":"https:\/\/www.europesays.com\/fi\/wp-json\/wp\/v2\/tags?post=136313"}],"curies":[{"name":"wp","href":"https:\/\/api.w.org\/{rel}","templated":true}]}}