{"id":136318,"date":"2026-01-08T00:56:10","date_gmt":"2026-01-08T00:56:10","guid":{"rendered":"https:\/\/www.europesays.com\/fi\/136318\/"},"modified":"2026-01-08T00:56:10","modified_gmt":"2026-01-08T00:56:10","slug":"nain-trump-kommentoi-minneapolisin-ampumista","status":"publish","type":"post","link":"https:\/\/www.europesays.com\/fi\/136318\/","title":{"rendered":"N\u00e4in Trump kommentoi Minneapolisin ampumista"},"content":{"rendered":"<p>Trump syytti sosiaalisessa mediassa ICE-agentin ampumaa naista raakalaismaisesta k\u00e4yt\u00f6ksest\u00e4.<\/p>\n<p>7.1. 23:18<\/p>\n<p class=\"article-body mb-nof-24 px-nof-16\">Yhdysvaltain presidentti <a class=\"font-bold underline-offset-[0.12em] [text-decoration:var(--person-link-text-decoration)] ![text-decoration-color:var(--person-link-text-decoration-color)]\" href=\"https:\/\/www.is.fi\/haku\/?query=Donald%20Trump\" rel=\"nofollow noopener\" target=\"_blank\">Donald Trump<\/a> kommentoi Minneapolisin ampumav\u00e4likohtausta Truth Social -palvelussa. Trump mukailee Yhdysvaltain sis\u00e4isen turvallisuuden ministeri\u00f6n kertomusta, jonka mukaan kyse oli maahanmuutto\u00adviranomaisten itsepuolustuksesta.<\/p>\n<p class=\"article-body mb-nof-24 px-nof-16\">\u2013 Olen juuri katsonut videon tapahtumasta, joka sattui Minneapolisissa Minnesotassa. Se on kauheaa katsottavaa, Trump kirjoitti.<\/p>\n<p class=\"article-body mb-nof-24 px-nof-16\">\u2013 Huutava nainen oli selv\u00e4sti ammattimainen agitaattori, ja autoa ajanut nainen k\u00e4ytt\u00e4ytyi hyvin h\u00e4iriintyneesti, esti viranomaisia ja vastusti heit\u00e4, ja sitten ajoi v\u00e4kivaltaisesti, tahallisesti ja raakalaismaisesti ICE-agentin yli, joka n\u00e4ytt\u00e4\u00e4 ampuneen h\u00e4nt\u00e4 itsepuolustukseksi.<\/p>\n<p><img decoding=\"async\" src=\"https:\/\/www.europesays.com\/fi\/wp-content\/uploads\/2026\/01\/1767833770_55_468.jpg\" alt=\"ICE-agentin ampuma auto ajautui pys\u00e4k\u00f6ityihin autoihin ja pylv\u00e4\u00e4seen.\" class=\"_Img_1rerz_1\" style=\"aspect-ratio:1.5\" loading=\"eager\"\/><\/p>\n<p class=\"article-picture-caption\">ICE-agentin ampuma auto ajautui pys\u00e4k\u00f6ityihin autoihin ja pylv\u00e4\u00e4seen. Kuva:\u00a0CRAIG LASSIG<\/p>\n<p class=\"article-body mb-nof-24 px-nof-16\">Trump v\u00e4itti ilman todisteita, ett\u00e4 ICE-agentti on loukkaantunut ja h\u00e4net on kuljetettu sairaalaan. Tapauksesta levi\u00e4v\u00e4n videon perusteella autoa ampunut viranomainen j\u00e4i tapauksen j\u00e4lkeen seisoen seuraamaan, kun auto kolaroi pys\u00e4k\u00f6ityihin autoihin.<\/p>\n<p class=\"article-body mb-nof-24 px-nof-16\">\u2013 Videon perusteella on vaikea uskoa, ett\u00e4 h\u00e4n on elossa, mutta h\u00e4n on nyt toipumassa sairaalassa. Tilannetta tutkitaan kokonaisuudessaan, mutta syy siihen, miksi t\u00e4llaisia tapauksia tapahtuu, on se, ett\u00e4 Radikaali Vasemmisto uhkaa, pahoinpitelee ja kohdistaa hy\u00f6kk\u00e4yksi\u00e4 lainvalvontaviranomaisiamme ja ICE-agenttejamme vastaan joka p\u00e4iv\u00e4.<\/p>\n<p class=\"article-body mb-nof-24 px-nof-16\">Trump jakoi julkaisuun videon, jossa tilanne n\u00e4kyy kauempaa ja eri kuvakulmasta. Videolla kuitenkin n\u00e4kyy, ett\u00e4 auton ymp\u00e4rill\u00e4 olleet viranomaiset j\u00e4\u00e4v\u00e4t seuraamaan ammutun auton liikkeit\u00e4.<\/p>\n<p class=\"article-body mb-nof-24 px-nof-16\">\u2013 He yritt\u00e4v\u00e4t vain tehd\u00e4 ty\u00f6ns\u00e4, TEHD\u00c4KSEEN AMERIKASTA TURVALLISEN. Meid\u00e4n on seist\u00e4v\u00e4 lainvalvonta\u00adviranomaistemme rinnalla ja suojeltava heit\u00e4 t\u00e4lt\u00e4 Radikaalin Vasemmiston v\u00e4kivallan ja vihan liikkeelt\u00e4!<\/p>\n","protected":false},"excerpt":{"rendered":"Trump syytti sosiaalisessa mediassa ICE-agentin ampumaa naista raakalaismaisesta k\u00e4yt\u00f6ksest\u00e4. 7.1. 23:18 Yhdysvaltain presidentti Donald Trump kommentoi Minneapolisin ampumav\u00e4likohtausta&hellip;\n","protected":false},"author":2,"featured_media":136319,"comment_status":"","ping_status":"","sticky":false,"template":"","format":"standard","meta":{"footnotes":""},"categories":[5],"tags":[22,23,26,27,33,31,30,17,34,24,25,28,29,15,18,21,32,19,20,16],"class_list":{"0":"post-136318","1":"post","2":"type-post","3":"status-publish","4":"format-standard","5":"has-post-thumbnail","7":"category-otsikot","8":"tag-breaking-news","9":"tag-breakingnews","10":"tag-featured-news","11":"tag-featurednews","12":"tag-fi","13":"tag-finland","14":"tag-finnish","15":"tag-headlines","16":"tag-ilta-sanomat","17":"tag-latest-news","18":"tag-latestnews","19":"tag-main-news","20":"tag-mainnews","21":"tag-news","22":"tag-otsikot","23":"tag-paauutiset","24":"tag-suomi","25":"tag-top-stories","26":"tag-topstories","27":"tag-uutiset"},"share_on_mastodon":{"url":"https:\/\/pubeurope.com\/@fi\/115856761361286850","error":""},"_links":{"self":[{"href":"https:\/\/www.europesays.com\/fi\/wp-json\/wp\/v2\/posts\/136318","targetHints":{"allow":["GET"]}}],"collection":[{"href":"https:\/\/www.europesays.com\/fi\/wp-json\/wp\/v2\/posts"}],"about":[{"href":"https:\/\/www.europesays.com\/fi\/wp-json\/wp\/v2\/types\/post"}],"author":[{"embeddable":true,"href":"https:\/\/www.europesays.com\/fi\/wp-json\/wp\/v2\/users\/2"}],"replies":[{"embeddable":true,"href":"https:\/\/www.europesays.com\/fi\/wp-json\/wp\/v2\/comments?post=136318"}],"version-history":[{"count":0,"href":"https:\/\/www.europesays.com\/fi\/wp-json\/wp\/v2\/posts\/136318\/revisions"}],"wp:featuredmedia":[{"embeddable":true,"href":"https:\/\/www.europesays.com\/fi\/wp-json\/wp\/v2\/media\/136319"}],"wp:attachment":[{"href":"https:\/\/www.europesays.com\/fi\/wp-json\/wp\/v2\/media?parent=136318"}],"wp:term":[{"taxonomy":"category","embeddable":true,"href":"https:\/\/www.europesays.com\/fi\/wp-json\/wp\/v2\/categories?post=136318"},{"taxonomy":"post_tag","embeddable":true,"href":"https:\/\/www.europesays.com\/fi\/wp-json\/wp\/v2\/tags?post=136318"}],"curies":[{"name":"wp","href":"https:\/\/api.w.org\/{rel}","templated":true}]}}