{"id":136322,"date":"2026-01-08T01:15:08","date_gmt":"2026-01-08T01:15:08","guid":{"rendered":"https:\/\/www.europesays.com\/fi\/136322\/"},"modified":"2026-01-08T01:15:08","modified_gmt":"2026-01-08T01:15:08","slug":"akaa-volley-nousi-komeasti-ja-eteni-eurokentilla-jatkoon-urheilu","status":"publish","type":"post","link":"https:\/\/www.europesays.com\/fi\/136322\/","title":{"rendered":"Akaa Volley nousi komeasti ja eteni eurokentill\u00e4 jatkoon | Urheilu"},"content":{"rendered":"<p>Akaa Volley eteni pitk\u00e4n kaavan kautta jatkoon lentopallon miesten CEV-cupin pudotuspeleiss\u00e4.<\/p>\n<p>Akaa Volley oli h\u00e4vinnyt kotipelins\u00e4 it\u00e4valtalaiselle SK Zadruga Aich\/Dobille suoraan kolmessa er\u00e4ss\u00e4, joten se oli keskiviikkona selk\u00e4 sein\u00e4\u00e4 vasten vieraskent\u00e4ll\u00e4.<\/p>\n<p>It\u00e4valtalaisryhm\u00e4 kuitenkin taipui kotikent\u00e4ll\u00e4\u00e4n erin 1\u20133 (26\u201328, 23\u201325, 25\u201316, 20\u201325), joten edess\u00e4 oli niin sanottu kultainen er\u00e4. Sen Akaa Volley vei nimiins\u00e4 lukemin 15\u20138, joten se nappasi jatkopaikan.<\/p>\n<p>Akaa Volley eteni 16 parhaan joukkoon ja saa seuraavaksi vastaansa puolalaisen JSW Jastrzebski Wegielin.<\/p>\n","protected":false},"excerpt":{"rendered":"Akaa Volley eteni pitk\u00e4n kaavan kautta jatkoon lentopallon miesten CEV-cupin pudotuspeleiss\u00e4. Akaa Volley oli h\u00e4vinnyt kotipelins\u00e4 it\u00e4valtalaiselle SK&hellip;\n","protected":false},"author":2,"featured_media":132948,"comment_status":"","ping_status":"","sticky":false,"template":"","format":"standard","meta":{"footnotes":""},"categories":[158],"tags":[33,31,30,41,159,32,160,161],"class_list":{"0":"post-136322","1":"post","2":"type-post","3":"status-publish","4":"format-standard","5":"has-post-thumbnail","7":"category-urheilu","8":"tag-fi","9":"tag-finland","10":"tag-finnish","11":"tag-liikunta-ja-urheilu","12":"tag-sports","13":"tag-suomi","14":"tag-urheilu","15":"tag-urheilutapahtumat"},"share_on_mastodon":{"url":"https:\/\/pubeurope.com\/@fi\/115856836070175732","error":""},"_links":{"self":[{"href":"https:\/\/www.europesays.com\/fi\/wp-json\/wp\/v2\/posts\/136322","targetHints":{"allow":["GET"]}}],"collection":[{"href":"https:\/\/www.europesays.com\/fi\/wp-json\/wp\/v2\/posts"}],"about":[{"href":"https:\/\/www.europesays.com\/fi\/wp-json\/wp\/v2\/types\/post"}],"author":[{"embeddable":true,"href":"https:\/\/www.europesays.com\/fi\/wp-json\/wp\/v2\/users\/2"}],"replies":[{"embeddable":true,"href":"https:\/\/www.europesays.com\/fi\/wp-json\/wp\/v2\/comments?post=136322"}],"version-history":[{"count":0,"href":"https:\/\/www.europesays.com\/fi\/wp-json\/wp\/v2\/posts\/136322\/revisions"}],"wp:featuredmedia":[{"embeddable":true,"href":"https:\/\/www.europesays.com\/fi\/wp-json\/wp\/v2\/media\/132948"}],"wp:attachment":[{"href":"https:\/\/www.europesays.com\/fi\/wp-json\/wp\/v2\/media?parent=136322"}],"wp:term":[{"taxonomy":"category","embeddable":true,"href":"https:\/\/www.europesays.com\/fi\/wp-json\/wp\/v2\/categories?post=136322"},{"taxonomy":"post_tag","embeddable":true,"href":"https:\/\/www.europesays.com\/fi\/wp-json\/wp\/v2\/tags?post=136322"}],"curies":[{"name":"wp","href":"https:\/\/api.w.org\/{rel}","templated":true}]}}