{"id":136327,"date":"2026-01-08T01:20:08","date_gmt":"2026-01-08T01:20:08","guid":{"rendered":"https:\/\/www.europesays.com\/fi\/136327\/"},"modified":"2026-01-08T01:20:08","modified_gmt":"2026-01-08T01:20:08","slug":"emmanuel-macron-haluaa-puhua-vladimir-putinille-lahitulevaisuudessa","status":"publish","type":"post","link":"https:\/\/www.europesays.com\/fi\/136327\/","title":{"rendered":"Emmanuel Macron haluaa puhua Vladimir Putinille l\u00e4hitulevaisuudessa"},"content":{"rendered":"<p class=\"ai-optimize-6 ai-optimize-introduction\">Ranskan presidentti <strong>Emmanuel Macron<\/strong> sanoo aikovansa puhua Ven\u00e4j\u00e4n presidentin <strong>Vladimir Putinin<\/strong> kanssa l\u00e4hiviikkoina.<\/p>\n<p class=\"ai-optimize-6 ai-optimize-introduction\">Macron kertoi asiasta Pariisissa, jossa Ukrainaa tukeva niin kutsuttu halukkaiden koalitio kokoontui tiistaina. Kokoukseen osallistuivat my\u00f6s Ukrainan presidentti <strong>Volodymyr Zelenskyi<\/strong> sek\u00e4 USA:n delegaatio.<\/p>\n<p class=\"ai-optimize-7\">\u2013 Teemme parhaillaan j\u00e4rjestelyj\u00e4 yhteydenpidon palauttamiseksi tulevina viikkoina, Macron sanoi ranskalaisen tv-kanavan haastattelussa.<\/p>\n<p class=\"ai-optimize-8\">Macron korosti, ett\u00e4 tavoite Ukrainassa on rauha, mutta ei kuitenkaan maan antautumisen kustannuksella.<\/p>\n<p class=\"ai-optimize-9\">\u2013 Lyhyell\u00e4 t\u00e4ht\u00e4imell\u00e4 meid\u00e4n t\u00e4ytyy jatkaa Ukrainan puolustuksen tukemista. Mik\u00e4 on juuri se, mit\u00e4 teemme. (\u2013) Emme halua t\u00e4m\u00e4n rauhan olevan Ukrainan antautuminen, Macron sanoi muun muassa Ukrainska Pravdan <a href=\"https:\/\/www.pravda.com.ua\/eng\/news\/2026\/01\/07\/8014996\/\" target=\"_blank\" rel=\"noopener nofollow\">mukaan<\/a>.<\/p>\n<p class=\"ai-optimize-12\">Halukkaiden koalitio sopi tiistaina vahvoista turvatakuista Ukrainalle, jotka tulevat voimaan tulitauon j\u00e4lkeen.<\/p>\n<p class=\"ai-optimize-10\">Macron esitti toiveen keskusteluyhteyden palauttamisesta Ven\u00e4j\u00e4\u00e4n my\u00f6s aiemmin joulukuussa. Tuolloin Macron kommentoi, ett\u00e4 Euroopan pit\u00e4isi l\u00f6yt\u00e4\u00e4 tapa vuoropuheluun Putinin kanssa, jottei Eurooppaa sivuuteta, kun Yhdysvallat hieroo rauhansopimusta Kiovan ja Moskovan v\u00e4lille.<\/p>\n<p class=\"ai-optimize-11\">Viime hein\u00e4kuussa Macron puhui Putinin kanssa yli kolmen vuoden tauon j\u00e4lkeen. Tuolloin kaksituntisen puhelinkeskustelun p\u00e4\u00e4tteeksi presidentit totesivat olevansa syv\u00e4sti erimielisi\u00e4 Ukrainan tilanteesta.<\/p>\n","protected":false},"excerpt":{"rendered":"Ranskan presidentti Emmanuel Macron sanoo aikovansa puhua Ven\u00e4j\u00e4n presidentin Vladimir Putinin kanssa l\u00e4hiviikkoina. Macron kertoi asiasta Pariisissa, jossa&hellip;\n","protected":false},"author":2,"featured_media":136328,"comment_status":"","ping_status":"","sticky":false,"template":"","format":"standard","meta":{"footnotes":""},"categories":[14],"tags":[22,23,26,27,33,31,30,17,24,25,28,29,15,18,21,2807,32,19,20,56,16,547,59,60,61],"class_list":{"0":"post-136327","1":"post","2":"type-post","3":"status-publish","4":"format-standard","5":"has-post-thumbnail","7":"category-ulkomaat","8":"tag-breaking-news","9":"tag-breakingnews","10":"tag-featured-news","11":"tag-featurednews","12":"tag-fi","13":"tag-finland","14":"tag-finnish","15":"tag-headlines","16":"tag-latest-news","17":"tag-latestnews","18":"tag-main-news","19":"tag-mainnews","20":"tag-news","21":"tag-otsikot","22":"tag-paauutiset","23":"tag-sota-ukrainassa","24":"tag-suomi","25":"tag-top-stories","26":"tag-topstories","27":"tag-ulkomaat","28":"tag-uutiset","29":"tag-venaja","30":"tag-world","31":"tag-world-news","32":"tag-worldnews"},"share_on_mastodon":{"url":"https:\/\/pubeurope.com\/@fi\/115856855724901643","error":""},"_links":{"self":[{"href":"https:\/\/www.europesays.com\/fi\/wp-json\/wp\/v2\/posts\/136327","targetHints":{"allow":["GET"]}}],"collection":[{"href":"https:\/\/www.europesays.com\/fi\/wp-json\/wp\/v2\/posts"}],"about":[{"href":"https:\/\/www.europesays.com\/fi\/wp-json\/wp\/v2\/types\/post"}],"author":[{"embeddable":true,"href":"https:\/\/www.europesays.com\/fi\/wp-json\/wp\/v2\/users\/2"}],"replies":[{"embeddable":true,"href":"https:\/\/www.europesays.com\/fi\/wp-json\/wp\/v2\/comments?post=136327"}],"version-history":[{"count":0,"href":"https:\/\/www.europesays.com\/fi\/wp-json\/wp\/v2\/posts\/136327\/revisions"}],"wp:featuredmedia":[{"embeddable":true,"href":"https:\/\/www.europesays.com\/fi\/wp-json\/wp\/v2\/media\/136328"}],"wp:attachment":[{"href":"https:\/\/www.europesays.com\/fi\/wp-json\/wp\/v2\/media?parent=136327"}],"wp:term":[{"taxonomy":"category","embeddable":true,"href":"https:\/\/www.europesays.com\/fi\/wp-json\/wp\/v2\/categories?post=136327"},{"taxonomy":"post_tag","embeddable":true,"href":"https:\/\/www.europesays.com\/fi\/wp-json\/wp\/v2\/tags?post=136327"}],"curies":[{"name":"wp","href":"https:\/\/api.w.org\/{rel}","templated":true}]}}