{"id":136329,"date":"2026-01-08T01:21:08","date_gmt":"2026-01-08T01:21:08","guid":{"rendered":"https:\/\/www.europesays.com\/fi\/136329\/"},"modified":"2026-01-08T01:21:08","modified_gmt":"2026-01-08T01:21:08","slug":"viron-lapsiperhetuet-ovat-suurempia-kuin-suomen","status":"publish","type":"post","link":"https:\/\/www.europesays.com\/fi\/136329\/","title":{"rendered":"Viron lapsiperhetuet ovat suurempia kuin Suomen"},"content":{"rendered":"<p>HS Virossa|Mikael ja Maria Hugg kiitt\u00e4v\u00e4t Viron lapsitukij\u00e4rjestelm\u00e4\u00e4 vauvastaan. HS vertaili tukia. Kolmilapsinen perhe saa Virossa huomattavasti enemm\u00e4n tukia kuin Suomessa.<\/p>\n<p class=\"article-body mb-nof-24 px-nof-16\">Loo<\/p>\n<p class=\"article-body mb-nof-24 px-nof-16\">Yritt\u00e4jin\u00e4 ty\u00f6skentelev\u00e4t <a class=\"font-bold underline-offset-[0.12em] [text-decoration:var(--person-link-text-decoration)] ![text-decoration-color:var(--person-link-text-decoration-color)]\" href=\"https:\/\/www.hs.fi\/haku\/?query=Mikael\" rel=\"nofollow noopener\" target=\"_blank\">Mikael<\/a> ja <a class=\"font-bold underline-offset-[0.12em] [text-decoration:var(--person-link-text-decoration)] ![text-decoration-color:var(--person-link-text-decoration-color)]\" href=\"https:\/\/www.hs.fi\/haku\/?query=Maria%20Hugg\" rel=\"nofollow noopener\" target=\"_blank\">Maria Hugg<\/a> olivat muuttaneet Helsingist\u00e4 Tallinnaan ja ihastuneet yritt\u00e4j\u00e4henkiseen ilmapiiriin. Yksi unelma ei kuitenkaan ollut t\u00e4yttynyt yrityksist\u00e4 huolimatta. He halusivat vauvan.<\/p>\n<p class=\"article-body mb-nof-24 px-nof-16\">Perhel\u00e4\u00e4k\u00e4ri ehdotti IVF-hoitoa eli koeputkihedelm\u00f6ityst\u00e4. Pariskunta empi, koska oli Suomessa kuullut pilvi\u00e4 hipovista kuluista ja jonotuksesta.<\/p>\n","protected":false},"excerpt":{"rendered":"HS Virossa|Mikael ja Maria Hugg kiitt\u00e4v\u00e4t Viron lapsitukij\u00e4rjestelm\u00e4\u00e4 vauvastaan. HS vertaili tukia. Kolmilapsinen perhe saa Virossa huomattavasti enemm\u00e4n&hellip;\n","protected":false},"author":2,"featured_media":136330,"comment_status":"","ping_status":"","sticky":false,"template":"","format":"standard","meta":{"footnotes":""},"categories":[12],"tags":[22,23,26,27,33,31,30,17,46,24,25,28,29,15,18,21,32,19,20,16],"class_list":{"0":"post-136329","1":"post","2":"type-post","3":"status-publish","4":"format-standard","5":"has-post-thumbnail","7":"category-suomi","8":"tag-breaking-news","9":"tag-breakingnews","10":"tag-featured-news","11":"tag-featurednews","12":"tag-fi","13":"tag-finland","14":"tag-finnish","15":"tag-headlines","16":"tag-helsingin-sanomat","17":"tag-latest-news","18":"tag-latestnews","19":"tag-main-news","20":"tag-mainnews","21":"tag-news","22":"tag-otsikot","23":"tag-paauutiset","24":"tag-suomi","25":"tag-top-stories","26":"tag-topstories","27":"tag-uutiset"},"share_on_mastodon":{"url":"https:\/\/pubeurope.com\/@fi\/115856859656110585","error":""},"_links":{"self":[{"href":"https:\/\/www.europesays.com\/fi\/wp-json\/wp\/v2\/posts\/136329","targetHints":{"allow":["GET"]}}],"collection":[{"href":"https:\/\/www.europesays.com\/fi\/wp-json\/wp\/v2\/posts"}],"about":[{"href":"https:\/\/www.europesays.com\/fi\/wp-json\/wp\/v2\/types\/post"}],"author":[{"embeddable":true,"href":"https:\/\/www.europesays.com\/fi\/wp-json\/wp\/v2\/users\/2"}],"replies":[{"embeddable":true,"href":"https:\/\/www.europesays.com\/fi\/wp-json\/wp\/v2\/comments?post=136329"}],"version-history":[{"count":0,"href":"https:\/\/www.europesays.com\/fi\/wp-json\/wp\/v2\/posts\/136329\/revisions"}],"wp:featuredmedia":[{"embeddable":true,"href":"https:\/\/www.europesays.com\/fi\/wp-json\/wp\/v2\/media\/136330"}],"wp:attachment":[{"href":"https:\/\/www.europesays.com\/fi\/wp-json\/wp\/v2\/media?parent=136329"}],"wp:term":[{"taxonomy":"category","embeddable":true,"href":"https:\/\/www.europesays.com\/fi\/wp-json\/wp\/v2\/categories?post=136329"},{"taxonomy":"post_tag","embeddable":true,"href":"https:\/\/www.europesays.com\/fi\/wp-json\/wp\/v2\/tags?post=136329"}],"curies":[{"name":"wp","href":"https:\/\/api.w.org\/{rel}","templated":true}]}}