{"id":136345,"date":"2026-01-08T01:48:08","date_gmt":"2026-01-08T01:48:08","guid":{"rendered":"https:\/\/www.europesays.com\/fi\/136345\/"},"modified":"2026-01-08T01:48:08","modified_gmt":"2026-01-08T01:48:08","slug":"usa-vetaytyy-kymmenien-kansainvalisten-jarjestojen-toiminnasta-listalla-myos-ykn-ilmastonsuojelun-puitesopimus-uutisia-lyhyesti","status":"publish","type":"post","link":"https:\/\/www.europesays.com\/fi\/136345\/","title":{"rendered":"USA vet\u00e4ytyy kymmenien kansainv\u00e4listen j\u00e4rjest\u00f6jen toiminnasta \u2013 listalla my\u00f6s YK:n ilmastonsuojelun puitesopimus | Uutisia lyhyesti"},"content":{"rendered":"<p class=\"aw-1gybjub aw-5vja16 kEtdKx kmuxyA yle__article__paragraph\">Vet\u00e4ytymisten syyksi kerrotaan se, ett\u00e4 j\u00e4rjest\u00f6t eiv\u00e4t edist\u00e4 Yhdysvaltojen intressej\u00e4.<\/p>\n<p><img decoding=\"async\" alt=\"I f\u00f6rgrunden FN:s logo, i bakgrunden en tv-sk\u00e4rm d\u00e4r USA:s president Donald Trump syns talandes inf\u00f6r generalf\u00f6rsamlingen.\" src=\"https:\/\/www.europesays.com\/fi\/wp-content\/uploads\/2026\/01\/39-42953259c201630e141.jpeg\" class=\"aw-1l9m598 hKVVvP\"\/><\/p>\n<p>Avaa kuvien katselu<\/p>\n<p>Yhdysvaltain presidentti Donald Trump m\u00e4\u00e4r\u00e4si Yhdysvallat vet\u00e4ytym\u00e4\u00e4n 31:n YK:n alaisen j\u00e4rjest\u00f6n toiminnasta ja rahoituksesta. Kuva: EPA-EFE\/JUSTIN LANE<\/p>\n<p class=\"aw-1gybjub aw-1p7kakr kEtdKx cEmitX yle__article__paragraph\">Yhdysvallat vet\u00e4ytyy 31:n YK:n alaisen j\u00e4rjest\u00f6n ja 35:n muun kansainv\u00e4lisen j\u00e4rjest\u00f6n toiminnasta.<\/p>\n<p class=\"aw-1gybjub aw-1p7kakr kEtdKx cEmitX yle__article__paragraph\">Valkoinen talo julkaisi <a class=\"aw-iao6s4 iHOxEa yle__article__link\" href=\"https:\/\/www.whitehouse.gov\/presidential-actions\/2026\/01\/withdrawing-the-united-states-from-international-organizations-conventions-and-treaties-that-are-contrary-to-the-interests-of-the-united-states\/\" role=\"link\" rel=\"nofollow noopener\" target=\"_blank\">verkkosivuillaan<\/a> Yhdysvaltain presidentti <strong class=\"aw-ak79eh KyCXm yle__article__strong\">Donald Trumpin<\/strong> allekirjoittaman presidentillisen muistion, jossa Trump m\u00e4\u00e4r\u00e4\u00e4 Yhdysvaltojen vet\u00e4ytymisen muun muassa hallitustenv\u00e4lisest\u00e4 ilmastopaneelista (IPCC), YK:n ilmastonsuojelun puitesopimuksesta (UNFCCC) sek\u00e4 kansainv\u00e4lisest\u00e4 demokratia- ja vaaliapuinstituutista (IDEA).<\/p>\n<p class=\"aw-1gybjub aw-1p7kakr kEtdKx cEmitX yle__article__paragraph\">Vuonna 1992 syntyneell\u00e4 ilmastonmuutoksen puitesopimuksella on rahoitettu kehittyvien maiden ilmastotoimia. Se oli keskeinen pohja vuoden 2015 Pariisin ilmastosopimukselle, josta Trump vet\u00e4ytyi pian p\u00e4\u00e4sty\u00e4\u00e4n takaisin Valkoiseen taloon.<\/p>\n<p class=\"aw-1gybjub aw-1p7kakr kEtdKx cEmitX yle__article__paragraph\">Valkoisen talon keskiviikkona julkaiseman <a class=\"aw-iao6s4 iHOxEa yle__article__link\" href=\"https:\/\/web.archive.org\/web\/20260107215723\/https:\/\/www.whitehouse.gov\/fact-sheets\/2026\/01\/fact-sheet-president-donald-j-trump-withdraws-the-united-states-from-international-organizations-that-are-contrary-to-the-interests-of-the-united-states\/\" role=\"link\" rel=\"nofollow noopener\" target=\"_blank\">tiedotteen<\/a> mukaan vet\u00e4ytymisten syyn\u00e4 on se, ett\u00e4 j\u00e4rjest\u00f6t eiv\u00e4t edist\u00e4 Yhdysvaltojen intressej\u00e4 ja edist\u00e4v\u00e4t muun muassa \u201dradikaalia ilmastopolitiikkaa\u201d ja \u201dideologisia ohjelmia\u201d. Tiedotteen mukaan muistiossa lueteltujen tahojen rahoittaminen ja yhteisty\u00f6 niiden kanssa lopetetaan.<\/p>\n<p class=\"aw-1gybjub aw-1p7kakr kEtdKx cEmitX yle__article__paragraph\">Trumpin toisen kauden aikana Yhdysvallat on jo aiemmin vet\u00e4nyt tukensa muun muassa maailman terveysj\u00e4rjest\u00f6lt\u00e4 (WHO), YK:n palestiinalaispakolaisten j\u00e4rjest\u00f6lt\u00e4 (UNRWA), YK:n ihmisoikeusneuvostolta (UNHRC) ja Yhdistyneiden kansakuntien kasvatus-, tiede- ja kulttuurij\u00e4rjest\u00f6lt\u00e4 (UNESCO).<\/p>\n<p class=\"aw-1gybjub aw-1p7kakr kEtdKx cEmitX yle__article__paragraph\">L\u00e4hde: AP<\/p>\n<p class=\"aw-1gybjub aw-1p7kakr kEtdKx cEmitX yle__article__paragraph\">P\u00e4ivitetty 8.1.2026 kello 2.45 lis\u00e4tiedoilla sek\u00e4 tiedoilla muistiossa mainituista j\u00e4rjest\u00f6ist\u00e4.<\/p>\n","protected":false},"excerpt":{"rendered":"Vet\u00e4ytymisten syyksi kerrotaan se, ett\u00e4 j\u00e4rjest\u00f6t eiv\u00e4t edist\u00e4 Yhdysvaltojen intressej\u00e4. Avaa kuvien katselu Yhdysvaltain presidentti Donald Trump m\u00e4\u00e4r\u00e4si&hellip;\n","protected":false},"author":2,"featured_media":136346,"comment_status":"","ping_status":"","sticky":false,"template":"","format":"standard","meta":{"footnotes":""},"categories":[5],"tags":[22,23,585,26,27,33,31,30,17,5679,24,25,28,29,15,18,21,32,19,20,56,16,619,7272],"class_list":{"0":"post-136345","1":"post","2":"type-post","3":"status-publish","4":"format-standard","5":"has-post-thumbnail","7":"category-otsikot","8":"tag-breaking-news","9":"tag-breakingnews","10":"tag-donald-trump","11":"tag-featured-news","12":"tag-featurednews","13":"tag-fi","14":"tag-finland","15":"tag-finnish","16":"tag-headlines","17":"tag-kansainvaliset-organisaatiot-ja-sopimukset","18":"tag-latest-news","19":"tag-latestnews","20":"tag-main-news","21":"tag-mainnews","22":"tag-news","23":"tag-otsikot","24":"tag-paauutiset","25":"tag-suomi","26":"tag-top-stories","27":"tag-topstories","28":"tag-ulkomaat","29":"tag-uutiset","30":"tag-yhdysvallat","31":"tag-yk"},"share_on_mastodon":{"url":"https:\/\/pubeurope.com\/@fi\/115856965807047739","error":""},"_links":{"self":[{"href":"https:\/\/www.europesays.com\/fi\/wp-json\/wp\/v2\/posts\/136345","targetHints":{"allow":["GET"]}}],"collection":[{"href":"https:\/\/www.europesays.com\/fi\/wp-json\/wp\/v2\/posts"}],"about":[{"href":"https:\/\/www.europesays.com\/fi\/wp-json\/wp\/v2\/types\/post"}],"author":[{"embeddable":true,"href":"https:\/\/www.europesays.com\/fi\/wp-json\/wp\/v2\/users\/2"}],"replies":[{"embeddable":true,"href":"https:\/\/www.europesays.com\/fi\/wp-json\/wp\/v2\/comments?post=136345"}],"version-history":[{"count":0,"href":"https:\/\/www.europesays.com\/fi\/wp-json\/wp\/v2\/posts\/136345\/revisions"}],"wp:featuredmedia":[{"embeddable":true,"href":"https:\/\/www.europesays.com\/fi\/wp-json\/wp\/v2\/media\/136346"}],"wp:attachment":[{"href":"https:\/\/www.europesays.com\/fi\/wp-json\/wp\/v2\/media?parent=136345"}],"wp:term":[{"taxonomy":"category","embeddable":true,"href":"https:\/\/www.europesays.com\/fi\/wp-json\/wp\/v2\/categories?post=136345"},{"taxonomy":"post_tag","embeddable":true,"href":"https:\/\/www.europesays.com\/fi\/wp-json\/wp\/v2\/tags?post=136345"}],"curies":[{"name":"wp","href":"https:\/\/api.w.org\/{rel}","templated":true}]}}