{"id":136375,"date":"2026-01-08T02:59:08","date_gmt":"2026-01-08T02:59:08","guid":{"rendered":"https:\/\/www.europesays.com\/fi\/136375\/"},"modified":"2026-01-08T02:59:08","modified_gmt":"2026-01-08T02:59:08","slug":"saipan-jyra-vyoryi-lukon-yli-mutta-kaipaatko-viela-joukkueeseen-vahvistuksia-tomi-lamsa","status":"publish","type":"post","link":"https:\/\/www.europesays.com\/fi\/136375\/","title":{"rendered":"SaiPan jyr\u00e4 vy\u00f6ryi Lukon yli \u2013 Mutta kaipaatko viel\u00e4 joukkueeseen vahvistuksia, Tomi L\u00e4ms\u00e4?"},"content":{"rendered":"<p>Lukko on h\u00e4vinnyt 12 viime pelist\u00e4\u00e4n vain kaksi, molemmat SaiPalle.<\/p>\n<p>7.1. 22:05<\/p>\n<p class=\"article-body mb-nof-24 px-nof-16\">Rauma<\/p>\n<p class=\"article-body nof-ui-body-medium mb-nof-24 px-nof-16\">Lukko\u2013SaiPa 3\u20134<\/p>\n<p class=\"article-body mb-nof-24 px-nof-16\">Helpostihan t\u00e4m\u00e4 t\u00e4st\u00e4 hoituu, ajatteli ehk\u00e4 joku, kun Mikael Ruohomaa t\u00e4r\u00e4ytti ylivoimalla Lukolle kolmannen maalin.<\/p>\n<p class=\"article-body mb-nof-24 px-nof-16\">Se palautti eron SaiPaan taas kahteen osumaan.<\/p>\n<p class=\"article-body mb-nof-24 px-nof-16\">Mutta er\u00e4n verran oli tuossa vaiheessa viel\u00e4 pelaamatta. Ja se er\u00e4 oli aivan tarpeeksi, ett\u00e4 lappeenrantalaisvieraat k\u00e4\u00e4nsiv\u00e4t asetelman p\u00e4\u00e4laelleen.<\/p>\n","protected":false},"excerpt":{"rendered":"Lukko on h\u00e4vinnyt 12 viime pelist\u00e4\u00e4n vain kaksi, molemmat SaiPalle. 7.1. 22:05 Rauma Lukko\u2013SaiPa 3\u20134 Helpostihan t\u00e4m\u00e4 t\u00e4st\u00e4&hellip;\n","protected":false},"author":2,"featured_media":136376,"comment_status":"","ping_status":"","sticky":false,"template":"","format":"standard","meta":{"footnotes":""},"categories":[158],"tags":[33,31,30,80,159,32,160],"class_list":{"0":"post-136375","1":"post","2":"type-post","3":"status-publish","4":"format-standard","5":"has-post-thumbnail","7":"category-urheilu","8":"tag-fi","9":"tag-finland","10":"tag-finnish","11":"tag-satakunnan-kansa","12":"tag-sports","13":"tag-suomi","14":"tag-urheilu"},"share_on_mastodon":{"url":"https:\/\/pubeurope.com\/@fi\/115857245144650697","error":""},"_links":{"self":[{"href":"https:\/\/www.europesays.com\/fi\/wp-json\/wp\/v2\/posts\/136375","targetHints":{"allow":["GET"]}}],"collection":[{"href":"https:\/\/www.europesays.com\/fi\/wp-json\/wp\/v2\/posts"}],"about":[{"href":"https:\/\/www.europesays.com\/fi\/wp-json\/wp\/v2\/types\/post"}],"author":[{"embeddable":true,"href":"https:\/\/www.europesays.com\/fi\/wp-json\/wp\/v2\/users\/2"}],"replies":[{"embeddable":true,"href":"https:\/\/www.europesays.com\/fi\/wp-json\/wp\/v2\/comments?post=136375"}],"version-history":[{"count":0,"href":"https:\/\/www.europesays.com\/fi\/wp-json\/wp\/v2\/posts\/136375\/revisions"}],"wp:featuredmedia":[{"embeddable":true,"href":"https:\/\/www.europesays.com\/fi\/wp-json\/wp\/v2\/media\/136376"}],"wp:attachment":[{"href":"https:\/\/www.europesays.com\/fi\/wp-json\/wp\/v2\/media?parent=136375"}],"wp:term":[{"taxonomy":"category","embeddable":true,"href":"https:\/\/www.europesays.com\/fi\/wp-json\/wp\/v2\/categories?post=136375"},{"taxonomy":"post_tag","embeddable":true,"href":"https:\/\/www.europesays.com\/fi\/wp-json\/wp\/v2\/tags?post=136375"}],"curies":[{"name":"wp","href":"https:\/\/api.w.org\/{rel}","templated":true}]}}