{"id":136380,"date":"2026-01-08T03:04:09","date_gmt":"2026-01-08T03:04:09","guid":{"rendered":"https:\/\/www.europesays.com\/fi\/136380\/"},"modified":"2026-01-08T03:04:09","modified_gmt":"2026-01-08T03:04:09","slug":"teboil-ei-viela-osaa-kertoa-voisiko-amerikkalaisyhtioiden-ostosuunnitelma-pelastaa-sen-huoltoasemat-uutisia-lyhyesti","status":"publish","type":"post","link":"https:\/\/www.europesays.com\/fi\/136380\/","title":{"rendered":"Teboil ei viel\u00e4 osaa kertoa, voisiko amerikkalais\u00adyhti\u00f6iden ostosuunnitelma pelastaa sen huoltoasemat | Uutisia lyhyesti"},"content":{"rendered":"<p class=\"aw-1gybjub aw-5vja16 kEtdKx kmuxyA yle__article__paragraph\">Teboil-yritt\u00e4j\u00e4t pit\u00e4v\u00e4t huoltoasemia edelleen auki, vaikka polttoaineen myynti on jouduttu keskeytt\u00e4m\u00e4\u00e4n.<\/p>\n<p><img decoding=\"async\" alt=\"Teboilin huoltoasema talvisen luonnon ymp\u00e4r\u00f6im\u00e4n\u00e4.\" src=\"https:\/\/www.europesays.com\/fi\/wp-content\/uploads\/2026\/01\/39-1556425691ddb52054fb.jpeg\" class=\"aw-1l9m598 hKVVvP\"\/><\/p>\n<p>Avaa kuvien katselu<\/p>\n<p>Teboil-kylm\u00e4asema Helsingin Mets\u00e4l\u00e4ss\u00e4 marraskuussa 2025. Kuva: Terhi Liimu \/ Yle<\/p>\n<p class=\"aw-1gybjub aw-1p7kakr kEtdKx cEmitX yle__article__paragraph\">Amerikkalais\u00adyhti\u00f6t suunnittelevat Teboilin emoyhti\u00f6n Lukoilin ostamista, <a class=\"aw-iao6s4 iHOxEa yle__article__link\" href=\"https:\/\/www.ft.com\/content\/20e6d968-54c9-40ce-b9fd-bc066a908fff\" role=\"link\" rel=\"nofollow noopener\" target=\"_blank\">Financial Times<\/a> kertoi aiemmin t\u00e4n\u00e4\u00e4n.<\/p>\n<p class=\"aw-1gybjub aw-1p7kakr kEtdKx cEmitX yle__article__paragraph\">\u2013 Olemme tietoisia neuvotteluista, mutta emme niihin liittyvist\u00e4 yksityiskohdista, Teboilin markkinointi- ja viestint\u00e4johtaja <strong class=\"aw-ak79eh KyCXm yle__article__strong\">Toni Flyckt<\/strong> kertoo Ylelle s\u00e4hk\u00f6postitse.<\/p>\n<p class=\"aw-1gybjub aw-1p7kakr kEtdKx cEmitX yle__article__paragraph\">H\u00e4n ei kommentoi neuvotteluita sen enemp\u00e4\u00e4.<\/p>\n<p class=\"aw-1gybjub aw-1p7kakr kEtdKx cEmitX yle__article__paragraph\">\u2013 Emme ole tietoisia neuvotteluiden yksityiskohdista. Omistaja tulee tiedottamaan asiasta aikanaan, Flyck kertoo.<\/p>\n<p class=\"aw-1gybjub aw-1p7kakr kEtdKx cEmitX yle__article__paragraph\">Yhdysvaltalainen \u00f6ljy-yhti\u00f6 Chevron ja p\u00e4\u00e4omasijoitusyhti\u00f6 Quantum Capital Group suunnittelevat pakotteiden alaisen ven\u00e4l\u00e4isen Lukoilin ostamista yhdess\u00e4. Suunniteltuun kauppaan kuuluu smy\u00f6s Teboil, jonka emoyhti\u00f6 Lukoil on.<\/p>\n<p class=\"aw-1gybjub aw-1p7kakr kEtdKx cEmitX yle__article__paragraph\">Flycktin mukaan on viel\u00e4 liian aikaista ottaa kantaa siihen, voisiko kauppa pelastaa vaikeuksissa olevat huoltamoyritt\u00e4j\u00e4t.<\/p>\n<p class=\"aw-1gybjub aw-1p7kakr kEtdKx cEmitX yle__article__paragraph\">Teboil-asemat ovat toistaiseksi joutuneet keskeytt\u00e4m\u00e4\u00e4n polttoaineen myynnin, koska suomalaispankit ovat keskeytt\u00e4neet niiden maksuliikenteen pakote-ep\u00e4selvyyksien vuoksi.<\/p>\n<p class=\"aw-1gybjub aw-1p7kakr kEtdKx cEmitX yle__article__paragraph\">\u2013 Teboil-kauppiaat pit\u00e4v\u00e4t asemia auki itsen\u00e4isesti omalla riskill\u00e4\u00e4n ja palvelevat asiakkaita normaalisti ravintola- ja kahviopalveluiden osalta, Flyckt kertoo.<\/p>\n","protected":false},"excerpt":{"rendered":"Teboil-yritt\u00e4j\u00e4t pit\u00e4v\u00e4t huoltoasemia edelleen auki, vaikka polttoaineen myynti on jouduttu keskeytt\u00e4m\u00e4\u00e4n. Avaa kuvien katselu Teboil-kylm\u00e4asema Helsingin Mets\u00e4l\u00e4ss\u00e4 marraskuussa&hellip;\n","protected":false},"author":2,"featured_media":136381,"comment_status":"","ping_status":"","sticky":false,"template":"","format":"standard","meta":{"footnotes":""},"categories":[14],"tags":[22,23,26,27,33,31,30,17,24,25,15597,28,29,15,18,21,32,78,15389,19,20,56,16,59,60,61],"class_list":{"0":"post-136380","1":"post","2":"type-post","3":"status-publish","4":"format-standard","5":"has-post-thumbnail","7":"category-ulkomaat","8":"tag-breaking-news","9":"tag-breakingnews","10":"tag-featured-news","11":"tag-featurednews","12":"tag-fi","13":"tag-finland","14":"tag-finnish","15":"tag-headlines","16":"tag-latest-news","17":"tag-latestnews","18":"tag-lukoil","19":"tag-main-news","20":"tag-mainnews","21":"tag-news","22":"tag-otsikot","23":"tag-paauutiset","24":"tag-suomi","25":"tag-talous","26":"tag-teboil","27":"tag-top-stories","28":"tag-topstories","29":"tag-ulkomaat","30":"tag-uutiset","31":"tag-world","32":"tag-world-news","33":"tag-worldnews"},"share_on_mastodon":{"url":"https:\/\/pubeurope.com\/@fi\/115857264703800816","error":""},"_links":{"self":[{"href":"https:\/\/www.europesays.com\/fi\/wp-json\/wp\/v2\/posts\/136380","targetHints":{"allow":["GET"]}}],"collection":[{"href":"https:\/\/www.europesays.com\/fi\/wp-json\/wp\/v2\/posts"}],"about":[{"href":"https:\/\/www.europesays.com\/fi\/wp-json\/wp\/v2\/types\/post"}],"author":[{"embeddable":true,"href":"https:\/\/www.europesays.com\/fi\/wp-json\/wp\/v2\/users\/2"}],"replies":[{"embeddable":true,"href":"https:\/\/www.europesays.com\/fi\/wp-json\/wp\/v2\/comments?post=136380"}],"version-history":[{"count":0,"href":"https:\/\/www.europesays.com\/fi\/wp-json\/wp\/v2\/posts\/136380\/revisions"}],"wp:featuredmedia":[{"embeddable":true,"href":"https:\/\/www.europesays.com\/fi\/wp-json\/wp\/v2\/media\/136381"}],"wp:attachment":[{"href":"https:\/\/www.europesays.com\/fi\/wp-json\/wp\/v2\/media?parent=136380"}],"wp:term":[{"taxonomy":"category","embeddable":true,"href":"https:\/\/www.europesays.com\/fi\/wp-json\/wp\/v2\/categories?post=136380"},{"taxonomy":"post_tag","embeddable":true,"href":"https:\/\/www.europesays.com\/fi\/wp-json\/wp\/v2\/tags?post=136380"}],"curies":[{"name":"wp","href":"https:\/\/api.w.org\/{rel}","templated":true}]}}