{"id":136412,"date":"2026-01-08T03:58:10","date_gmt":"2026-01-08T03:58:10","guid":{"rendered":"https:\/\/www.europesays.com\/fi\/136412\/"},"modified":"2026-01-08T03:58:10","modified_gmt":"2026-01-08T03:58:10","slug":"taidetalon-uudet-nayttelyt-loimaa","status":"publish","type":"post","link":"https:\/\/www.europesays.com\/fi\/136412\/","title":{"rendered":"Taidetalon uudet n\u00e4yttelyt | Loimaa"},"content":{"rendered":"<p class=\"single-article-page__date\"> 7.1.2026 <\/p>\n<p>\n\t\t\t\t\t\t\t\t\t\tLoimaan taidemuseo on taas auki joulutauon j\u00e4lkeen kahden uuden n\u00e4yttelyn voimin\t\t\t\t\t\t\t\t\t<\/p>\n<p>Jani Jokinen \u2013 Liminaali 7.1. \u2013 28.3.2026<\/p>\n<p>Jani Jokinen (s.1982), on Loimaalla toimiva taidefriikki, joka ty\u00f6skentelee enimm\u00e4kseen akryyleilla. H\u00e4nt\u00e4 inspiroi niin rakennettu kuin luonnontilainen maisema ja ymp\u00e4rist\u00f6, sek\u00e4 ihminen erilaisissa rooleissa. H\u00e4n ei kuitenkaan toista maailmaa sellaisenaan, vaan maalaa usein improvisoiden ilman esivalmisteluja tai luonnoksia, pohjaten mielikuviin ja muistij\u00e4lkiin. Referenssikuviakin k\u00e4ytett\u00e4ess\u00e4 lopputulos poikkeaa alkuper\u00e4isest\u00e4. Vuonna 2022 paluun taidekent\u00e4lle tehnyt Jokinen on toiminut Loimaan Taideseuran hallituksessa vuodesta 2024 ja pyrkii omalta osaltaan tekem\u00e4\u00e4n taiteesta ja kulttuurista helposti l\u00e4hestytt\u00e4v\u00e4\u00e4 ja kaikille sopivaa. <\/p>\n<p>Kokoelman\u00e4yttely 2026 Teidelt\u00e4 Tangeriin<\/p>\n<p>N\u00e4in keskitalven syd\u00e4mess\u00e4 akuuttiin kaukokaipuuseen apua tuo Teidelt\u00e4 Tangeriin -kokoelman\u00e4yttelymme. N\u00e4yttely on kooste Haapasten kokoelman teoksista joissa seikkaillaan kotirantoja kauempana. Mukana maalauksia mm. Alpo Jaakolalta, Tove Janssonilta sek\u00e4 Akseli Gallen-Kallelalta.<\/p>\n<p>Loimaan taidemuseo on avoinna keskiviikosta lauantaihin klo 11-17. P\u00e4\u00e4symaksut ovat 6\/4\u20ac, Loimaan Seniorikortilla, Museokortilla sek\u00e4 alle 18-vuotiaille sis\u00e4\u00e4np\u00e4\u00e4sy on maksuton.<\/p>\n<p>Loimaan taidemuseo sijaitsee Taidetalon toisessa kerroksessa, Rantatie 2.<\/p>\n","protected":false},"excerpt":{"rendered":"7.1.2026 Loimaan taidemuseo on taas auki joulutauon j\u00e4lkeen kahden uuden n\u00e4yttelyn voimin Jani Jokinen \u2013 Liminaali 7.1. \u2013&hellip;\n","protected":false},"author":2,"featured_media":136413,"comment_status":"","ping_status":"","sticky":false,"template":"","format":"standard","meta":{"footnotes":""},"categories":[5],"tags":[22,23,26,27,33,31,30,17,24,25,28,29,15,18,21,32,19,20,16],"class_list":{"0":"post-136412","1":"post","2":"type-post","3":"status-publish","4":"format-standard","5":"has-post-thumbnail","7":"category-otsikot","8":"tag-breaking-news","9":"tag-breakingnews","10":"tag-featured-news","11":"tag-featurednews","12":"tag-fi","13":"tag-finland","14":"tag-finnish","15":"tag-headlines","16":"tag-latest-news","17":"tag-latestnews","18":"tag-main-news","19":"tag-mainnews","20":"tag-news","21":"tag-otsikot","22":"tag-paauutiset","23":"tag-suomi","24":"tag-top-stories","25":"tag-topstories","26":"tag-uutiset"},"share_on_mastodon":{"url":"https:\/\/pubeurope.com\/@fi\/115857476962026015","error":""},"_links":{"self":[{"href":"https:\/\/www.europesays.com\/fi\/wp-json\/wp\/v2\/posts\/136412","targetHints":{"allow":["GET"]}}],"collection":[{"href":"https:\/\/www.europesays.com\/fi\/wp-json\/wp\/v2\/posts"}],"about":[{"href":"https:\/\/www.europesays.com\/fi\/wp-json\/wp\/v2\/types\/post"}],"author":[{"embeddable":true,"href":"https:\/\/www.europesays.com\/fi\/wp-json\/wp\/v2\/users\/2"}],"replies":[{"embeddable":true,"href":"https:\/\/www.europesays.com\/fi\/wp-json\/wp\/v2\/comments?post=136412"}],"version-history":[{"count":0,"href":"https:\/\/www.europesays.com\/fi\/wp-json\/wp\/v2\/posts\/136412\/revisions"}],"wp:featuredmedia":[{"embeddable":true,"href":"https:\/\/www.europesays.com\/fi\/wp-json\/wp\/v2\/media\/136413"}],"wp:attachment":[{"href":"https:\/\/www.europesays.com\/fi\/wp-json\/wp\/v2\/media?parent=136412"}],"wp:term":[{"taxonomy":"category","embeddable":true,"href":"https:\/\/www.europesays.com\/fi\/wp-json\/wp\/v2\/categories?post=136412"},{"taxonomy":"post_tag","embeddable":true,"href":"https:\/\/www.europesays.com\/fi\/wp-json\/wp\/v2\/tags?post=136412"}],"curies":[{"name":"wp","href":"https:\/\/api.w.org\/{rel}","templated":true}]}}