{"id":136414,"date":"2026-01-08T04:10:08","date_gmt":"2026-01-08T04:10:08","guid":{"rendered":"https:\/\/www.europesays.com\/fi\/136414\/"},"modified":"2026-01-08T04:10:08","modified_gmt":"2026-01-08T04:10:08","slug":"lenita-airisto-yllatti-juhlimalla-synttareitaan","status":"publish","type":"post","link":"https:\/\/www.europesays.com\/fi\/136414\/","title":{"rendered":"Lenita airisto yll\u00e4tti juhlimalla syntt\u00e4reit\u00e4\u00e4n"},"content":{"rendered":"<p>            ATTE KAJOVA\n        <\/p>\n<p class=\"subtitle \">Lenita Airisto juhli syntt\u00e4reit\u00e4\u00e4n perinteisiss\u00e4 merkeiss\u00e4.<\/p>\n<p class=\"article-content article-content-width !bg-background\">Vuoden ensimm\u00e4isen\u00e4 p\u00e4iv\u00e4n\u00e4 89 vuotta t\u00e4ytt\u00e4nyt  on pysynyt hiljaa julkisuudessa aina siit\u00e4 l\u00e4htien, kun h\u00e4n joutui sairaalahoitoon vuonna 2023.<\/p>\n<p class=\"article-content article-content-width !bg-background\">Diplomiekonomin ja ex-missin liiketoimet j\u00e4iv\u00e4t sairastelun my\u00f6t\u00e4 tauolle. Viime vuosina Airisto Oy:st\u00e4 on pit\u00e4nyt huolta asianajaja .<\/p>\n<p>        <a itemprop=\"url\" href=\"https:\/\/www.seiska.fi\/vain-seiskassa\/pysayttava-tieto-lenita-airiston-tilanteesta\/2033110\" rel=\"nofollow noopener\" target=\"_blank\"><\/p>\n<p>\nLenita Airiston tilanne\n<\/p>\n<p class=\"section-date\">\n        <strong class=\"article-section\" data-section=\"vain seiskassa\"><br \/>\n            vain seiskassa<br \/>\n        <\/strong><br \/>\n        1.1. 07:00\n    <\/p>\n<p>Pys\u00e4ytt\u00e4v\u00e4 tieto Lenita Airiston tilanteesta\n    <\/p>\n<p itemprop=\"description\" class=\"subtitle \">\n    Syntym\u00e4p\u00e4iv\u00e4sankarin terveys ei mahdollista paluuta julkisuuteen.\n<\/p>\n<p>        <\/a><\/p>\n<p class=\"article-content article-content-width !bg-background\">Nyt Lenitan el\u00e4m\u00e4st\u00e4 kuitenkin kuuluu yll\u00e4tt\u00e4vi\u00e4 uutisia: rautarouva saattaa kuin saattakin viel\u00e4 palata julkisuuteen, vaikka viime aikojen tilanne on kertonut muuta.<\/p>\n<p class=\"article-content article-content-width !bg-background\">Lenita on viett\u00e4nyt aikaansa omassa kodissaan.<\/p>\n<p>                <img decoding=\"async\" src=\"https:\/\/www.europesays.com\/fi\/wp-content\/uploads\/2026\/01\/2035704.webp.jpeg\" width=\"576\" height=\"322\" alt=\"Lenitan h\u00e4vi\u00e4minen julkisuudesta on kummastuttanut jo muutaman vuoden ajan.\" loading=\"lazy\" \/>            <\/p>\n<p>\n            Lenitan h\u00e4vi\u00e4minen julkisuudesta on kummastuttanut jo muutaman vuoden ajan.<br \/>\n            ATTE KAJOVA\n        <\/p>\n<p class=\"article-content article-content-width !bg-background\">T\u00e4n\u00e4 vuonna Lenita vietti syntym\u00e4p\u00e4ivi\u00e4\u00e4n perinteisesti yhdess\u00e4 hyv\u00e4n yst\u00e4v\u00e4ns\u00e4 kanssa.<\/p>\n<p class=\"article-content article-content-width !bg-background\">\u2013 Paluu julkisuuteen j\u00e4\u00e4 n\u00e4ht\u00e4v\u00e4ksi, Lenitan p\u00e4\u00e4t\u00f6sh\u00e4n se on. On kyll\u00e4 sanottava, ett\u00e4 h\u00e4nell\u00e4 riitt\u00e4\u00e4 virtaa eik\u00e4 se ole katoamassa mihink\u00e4\u00e4n, pitk\u00e4aikainen yst\u00e4v\u00e4 kertoo.<\/p>\n<p>Ei isoja juhlia<\/p>\n<p class=\"article-content article-content-width !bg-background\">Yst\u00e4vykset ovat viett\u00e4neet Lenitan syntym\u00e4p\u00e4ivi\u00e4 niin koti- kuin ulkomailla, ja viime vuosina syntt\u00e4reiden pitopaikaksi on vakiintunut Lenitan koti Helsingiss\u00e4.<\/p>\n<p class=\"article-content article-content-width !bg-background\">\u2013 Kaskisaaressa ihailimme upeita maisemia, yst\u00e4v\u00e4 kertoi kahden hengen juhlista.<\/p>\n<p>        <a itemprop=\"url\" href=\"https:\/\/www.seiska.fi\/katso\/salkkarit-tahti-keikistelee-lenita-airistona\/1684102\" rel=\"nofollow noopener\" target=\"_blank\"><\/p>\n<p>\nHymy\u00e4!\n<\/p>\n<p class=\"section-date\">\n        <strong class=\"article-section\" data-section=\"katso\"><br \/>\n            katso<br \/>\n        <\/strong><br \/>\n        16.5.2025 05:15\n    <\/p>\n<p>Salkkarit-t\u00e4hti keikistelee Lenita Airistona\n    <\/p>\n<p itemprop=\"description\" class=\"subtitle \">\n    Aku Hirviniemen t\u00e4hditt\u00e4m\u00e4 epookkisarja p\u00e4\u00e4see vihdoin pannasta. Varoitus! Juttu perustuu juonipaljastuksille.\n<\/p>\n<p>        <\/a><\/p>\n<p>                <img decoding=\"async\" src=\"https:\/\/www.europesays.com\/fi\/wp-content\/uploads\/2026\/01\/2035812.webp.jpeg\" width=\"576\" height=\"720\" alt=\"Lenita Strauss-konsertissa 2006.\" loading=\"lazy\" \/>            <\/p>\n<p>\n            Lenita Strauss-konsertissa 2006.<br \/>\n            Allerin arkisto\n        <\/p>\n<p class=\"article-content article-content-width !bg-background\">Julkisuudessa aina vuoden 1954 Suomen Neito -tittelist\u00e4 l\u00e4htien ollut Lenita on kokenut esiintyj\u00e4 ja puhuja sek\u00e4 seurapiirijuhlien entinen vakiokasvo. Parhaiten h\u00e4n viihtyy silti pienen piirin illanvietoissa.<\/p>\n<p class=\"article-content article-content-width !bg-background\">\u2013 Lenita ei ole suurien juhlien ihminen, joten kahdestaan oli oikein hyv\u00e4. T\u00e4m\u00e4 perinne on meill\u00e4 kest\u00e4nyt jo yli 30 vuotta! yst\u00e4v\u00e4 jatkaa.<\/p>\n<p>J\u00e4i pois konsertista<\/p>\n<p class=\"article-content article-content-width !bg-background\">Uudet tiedot Lenitan voinnista ovat suuri yll\u00e4tys, sill\u00e4 hiljattain Seiska kertoi siit\u00e4, ett\u00e4 yritt\u00e4j\u00e4 j\u00e4\u00e4 pois loppiaisen Finlandia-talon Strauss-konsertista.<\/p>\n<p class=\"article-content article-content-width !bg-background\">Lenitalle on l\u00f6ytynyt seurapiiritapahtumaan aina lippu, mutta nyt tapahtuman tiedotuksesta kerrottiin Seiskalle, ettei Lenitaa ole kutsuttu mukaan.<\/p>\n<p>                <img decoding=\"async\" src=\"https:\/\/www.europesays.com\/fi\/wp-content\/uploads\/2026\/01\/2035805.webp.jpeg\" width=\"576\" height=\"322\" alt=\"Strauss-konsertin huumaa 2012. Lenitan kanssa Jussi69, Ruotsin prinsessa Sofia, Marko Bj\u00f6rs ja Kaija Koo.\" loading=\"lazy\" \/>            <\/p>\n<p>\n            Strauss-konsertin huumaa 2012. Lenitan kanssa Jussi69, Ruotsin prinsessa Sofia, Marko Bj\u00f6rs ja Kaija Koo.<br \/>\n            Seiskan arkisto\n        <\/p>\n<p class=\"article-content article-content-width !bg-background\">Asia kieli siit\u00e4, ett\u00e4 j\u00e4rjest\u00e4jille on todenn\u00e4k\u00f6isesti viestitetty Lenitan olevan pysyv\u00e4mmin poissa edustuskuvioista. Mik\u00e4li kunto sallisi, Lenita olisi mit\u00e4 luultavimmin mukana arvostamassaan tapahtumassa.<\/p>\n<p>        <a itemprop=\"url\" href=\"https:\/\/www.seiska.fi\/vain-seiskassa\/yllatyskaanne-lenita-airiston-voinnista-uutta-tietoa\/1576983\" rel=\"nofollow noopener\" target=\"_blank\"><\/p>\n<p class=\"section-date\">\n        <strong class=\"article-section\" data-section=\"vain seiskassa\"><br \/>\n            vain seiskassa<br \/>\n        <\/strong><br \/>\n        16.1.2025 05:00\n    <\/p>\n<p>Yll\u00e4tysk\u00e4\u00e4nne! Lenita Airiston voinnista uutta tietoa\n    <\/p>\n<p itemprop=\"description\" class=\"subtitle \">\n    Ter\u00e4slady katosi julkisuudesta yli vuosi sitten.\n<\/p>\n<p>        <\/a><\/p>\n<p class=\"article-content article-content-width !bg-background\">Lenitan suhde loppiaisen Strauss-konserttiin on erityinen ja pitk\u00e4. Niin sanotusti \u201ckalustoon\u201d kuulunut Lenita k\u00e4vi kulttuurituottaja\u00a0<a href=\"https:\/\/www.seiska.fi\/haku?q=Patrick%20Laguksen\" rel=\"nofollow noopener\" target=\"_blank\">Patrick Laguksen<\/a>\u00a0j\u00e4rjest\u00e4miss\u00e4 konserteissa l\u00e4pi vuosikymmenet, ja pitk\u00e4\u00e4n h\u00e4n oli ollut poissa vain kahtena loppiaisena.<\/p>\n","protected":false},"excerpt":{"rendered":"ATTE KAJOVA Lenita Airisto juhli syntt\u00e4reit\u00e4\u00e4n perinteisiss\u00e4 merkeiss\u00e4. Vuoden ensimm\u00e4isen\u00e4 p\u00e4iv\u00e4n\u00e4 89 vuotta t\u00e4ytt\u00e4nyt on pysynyt hiljaa julkisuudessa&hellip;\n","protected":false},"author":2,"featured_media":136415,"comment_status":"","ping_status":"","sticky":false,"template":"","format":"standard","meta":{"footnotes":""},"categories":[136],"tags":[407,23810,137,33,31,30,3053,408,8554,5231,32,167,109],"class_list":{"0":"post-136414","1":"post","2":"type-post","3":"status-publish","4":"format-standard","5":"has-post-thumbnail","7":"category-julkkikset","8":"tag-celebrities","9":"tag-elvi-rangell","10":"tag-entertainment","11":"tag-fi","12":"tag-finland","13":"tag-finnish","14":"tag-julkisuus","15":"tag-julkkikset","16":"tag-lenita-airisto","17":"tag-paluu","18":"tag-suomi","19":"tag-terveys","20":"tag-viihde"},"share_on_mastodon":{"url":"https:\/\/pubeurope.com\/@fi\/115857524193007712","error":""},"_links":{"self":[{"href":"https:\/\/www.europesays.com\/fi\/wp-json\/wp\/v2\/posts\/136414","targetHints":{"allow":["GET"]}}],"collection":[{"href":"https:\/\/www.europesays.com\/fi\/wp-json\/wp\/v2\/posts"}],"about":[{"href":"https:\/\/www.europesays.com\/fi\/wp-json\/wp\/v2\/types\/post"}],"author":[{"embeddable":true,"href":"https:\/\/www.europesays.com\/fi\/wp-json\/wp\/v2\/users\/2"}],"replies":[{"embeddable":true,"href":"https:\/\/www.europesays.com\/fi\/wp-json\/wp\/v2\/comments?post=136414"}],"version-history":[{"count":0,"href":"https:\/\/www.europesays.com\/fi\/wp-json\/wp\/v2\/posts\/136414\/revisions"}],"wp:featuredmedia":[{"embeddable":true,"href":"https:\/\/www.europesays.com\/fi\/wp-json\/wp\/v2\/media\/136415"}],"wp:attachment":[{"href":"https:\/\/www.europesays.com\/fi\/wp-json\/wp\/v2\/media?parent=136414"}],"wp:term":[{"taxonomy":"category","embeddable":true,"href":"https:\/\/www.europesays.com\/fi\/wp-json\/wp\/v2\/categories?post=136414"},{"taxonomy":"post_tag","embeddable":true,"href":"https:\/\/www.europesays.com\/fi\/wp-json\/wp\/v2\/tags?post=136414"}],"curies":[{"name":"wp","href":"https:\/\/api.w.org\/{rel}","templated":true}]}}