{"id":136422,"date":"2026-01-08T04:22:09","date_gmt":"2026-01-08T04:22:09","guid":{"rendered":"https:\/\/www.europesays.com\/fi\/136422\/"},"modified":"2026-01-08T04:22:09","modified_gmt":"2026-01-08T04:22:09","slug":"trump-ja-kolumbian-presidentti-petro-keskustelivat-puhelimessa-trumpin-mukaan-presidenttien-tapaaminen-suunnitteilla-uutisia-lyhyesti","status":"publish","type":"post","link":"https:\/\/www.europesays.com\/fi\/136422\/","title":{"rendered":"Trump ja Kolumbian presidentti Petro keskustelivat puhelimessa, Trumpin mukaan presidenttien tapaaminen suunnitteilla | Uutisia lyhyesti"},"content":{"rendered":"<p class=\"aw-1gybjub aw-5vja16 kEtdKx kmuxyA yle__article__paragraph\">Trump on aiemmin kuvaillut Petroa sairaaksi mieheksi, joka tykk\u00e4\u00e4 valmistaa kokaiinia ja myyd\u00e4 sit\u00e4 Yhdysvaltoihin.<\/p>\n<p><img decoding=\"async\" alt=\"Gustavo Petro puhuu puhujakorokkeella mikrofoniin. Takana Kolumbian lippu.\" src=\"https:\/\/www.europesays.com\/fi\/wp-content\/uploads\/2025\/10\/39-141728267a486ca52bbc.jpeg\" class=\"aw-1l9m598 hKVVvP\"\/><\/p>\n<p>Avaa kuvien katselu<\/p>\n<p>Entinen sissitaistelija Gustavo Petro nousi Kolumbian ensimm\u00e4iseksi vasemmistolaiseksi presidentiksi vuonna 2022. Kuva: Carlos Ortega \/ EPA<\/p>\n<p class=\"aw-1gybjub aw-1p7kakr kEtdKx cEmitX yle__article__paragraph\">Yhdysvaltain presidentti <strong class=\"aw-ak79eh KyCXm yle__article__strong\">Donald Trump<\/strong> <a class=\"aw-iao6s4 iHOxEa yle__article__link\" href=\"https:\/\/truthsocial.com\/@realDonaldTrump\/115856506155736586\" role=\"link\" rel=\"nofollow noopener\" target=\"_blank\">kertoo<\/a> k\u00e4yneens\u00e4 puhelinkeskustelun Kolumbian presidentti <strong class=\"aw-ak79eh KyCXm yle__article__strong\">Gustavo Petron<\/strong> kanssa.<\/p>\n<p class=\"aw-1gybjub aw-1p7kakr kEtdKx cEmitX yle__article__paragraph\">\u2013\u00a0Oli suuri kunnia puhua Kolumbian presidentti Gustavo Petron kanssa, joka soitti selitt\u00e4\u00e4kseen huumetilanteesta ja muista meid\u00e4n v\u00e4lill\u00e4mme olevista erimielisyyksist\u00e4, Trump kertoi Truth Social -sivustollaan.<\/p>\n<p class=\"aw-1gybjub aw-1p7kakr kEtdKx cEmitX yle__article__paragraph\">Trump kertoi odottavansa presidenttien v\u00e4list\u00e4 tapaamista l\u00e4hitulevaisuudessa. Yhdysvaltain ja Kolumbian ulkoministerit kaavailevat presidenttien v\u00e4list\u00e4 tapaamista, joka Trumpin mukaan tapahtuisi Valkoisessa talossa.<\/p>\n<p class=\"aw-1gybjub aw-1p7kakr kEtdKx cEmitX yle__article__paragraph\">Yhdysvallat iski viikonloppuna Venezuelaan ja kaappasi maan presidentin <strong class=\"aw-ak79eh KyCXm yle__article__strong\">Nicol\u00e1s Maduron<\/strong>. Trump on uhannut toimilla my\u00f6s Kolumbiaa ja Petroa. Maduron kaappaamisen j\u00e4lkeen Trump kuvaili Kolumbian presidentti\u00e4 sairaaksi mieheksi, joka tykk\u00e4\u00e4 valmistaa kokaiinia ja myyd\u00e4 sit\u00e4 Yhdysvaltoihin.<\/p>\n","protected":false},"excerpt":{"rendered":"Trump on aiemmin kuvaillut Petroa sairaaksi mieheksi, joka tykk\u00e4\u00e4 valmistaa kokaiinia ja myyd\u00e4 sit\u00e4 Yhdysvaltoihin. Avaa kuvien katselu&hellip;\n","protected":false},"author":2,"featured_media":56576,"comment_status":"","ping_status":"","sticky":false,"template":"","format":"standard","meta":{"footnotes":""},"categories":[14],"tags":[22,23,585,26,27,33,31,30,23811,17,1175,24,25,28,29,15,18,21,32,19,20,56,16,59,60,61,619],"class_list":{"0":"post-136422","1":"post","2":"type-post","3":"status-publish","4":"format-standard","5":"has-post-thumbnail","7":"category-ulkomaat","8":"tag-breaking-news","9":"tag-breakingnews","10":"tag-donald-trump","11":"tag-featured-news","12":"tag-featurednews","13":"tag-fi","14":"tag-finland","15":"tag-finnish","16":"tag-gustavo-petro","17":"tag-headlines","18":"tag-kolumbia","19":"tag-latest-news","20":"tag-latestnews","21":"tag-main-news","22":"tag-mainnews","23":"tag-news","24":"tag-otsikot","25":"tag-paauutiset","26":"tag-suomi","27":"tag-top-stories","28":"tag-topstories","29":"tag-ulkomaat","30":"tag-uutiset","31":"tag-world","32":"tag-world-news","33":"tag-worldnews","34":"tag-yhdysvallat"},"share_on_mastodon":{"url":"https:\/\/pubeurope.com\/@fi\/115857571443859138","error":""},"_links":{"self":[{"href":"https:\/\/www.europesays.com\/fi\/wp-json\/wp\/v2\/posts\/136422","targetHints":{"allow":["GET"]}}],"collection":[{"href":"https:\/\/www.europesays.com\/fi\/wp-json\/wp\/v2\/posts"}],"about":[{"href":"https:\/\/www.europesays.com\/fi\/wp-json\/wp\/v2\/types\/post"}],"author":[{"embeddable":true,"href":"https:\/\/www.europesays.com\/fi\/wp-json\/wp\/v2\/users\/2"}],"replies":[{"embeddable":true,"href":"https:\/\/www.europesays.com\/fi\/wp-json\/wp\/v2\/comments?post=136422"}],"version-history":[{"count":0,"href":"https:\/\/www.europesays.com\/fi\/wp-json\/wp\/v2\/posts\/136422\/revisions"}],"wp:featuredmedia":[{"embeddable":true,"href":"https:\/\/www.europesays.com\/fi\/wp-json\/wp\/v2\/media\/56576"}],"wp:attachment":[{"href":"https:\/\/www.europesays.com\/fi\/wp-json\/wp\/v2\/media?parent=136422"}],"wp:term":[{"taxonomy":"category","embeddable":true,"href":"https:\/\/www.europesays.com\/fi\/wp-json\/wp\/v2\/categories?post=136422"},{"taxonomy":"post_tag","embeddable":true,"href":"https:\/\/www.europesays.com\/fi\/wp-json\/wp\/v2\/tags?post=136422"}],"curies":[{"name":"wp","href":"https:\/\/api.w.org\/{rel}","templated":true}]}}