{"id":136425,"date":"2026-01-08T04:24:08","date_gmt":"2026-01-08T04:24:08","guid":{"rendered":"https:\/\/www.europesays.com\/fi\/136425\/"},"modified":"2026-01-08T04:24:08","modified_gmt":"2026-01-08T04:24:08","slug":"yhdysvallat-vetaytyy-yli-60-kansainvalisesta-jarjestosta","status":"publish","type":"post","link":"https:\/\/www.europesays.com\/fi\/136425\/","title":{"rendered":"Yhdysvallat vet\u00e4ytyy yli 60 kansainv\u00e4lisest\u00e4 j\u00e4rjest\u00f6st\u00e4"},"content":{"rendered":"<p>Valkoinen talo|Tiedotteen mukaan j\u00e4rjest\u00f6t toimivat vastoin Yhdysvaltojen kansallisia etuja.<\/p>\n<p class=\"article-body mb-nof-24 px-nof-16\">Yhdysvallat vet\u00e4ytyy 66 kansainv\u00e4lisest\u00e4 j\u00e4rjest\u00f6st\u00e4, kertoo <a class=\"underline underline-offset-[0.12em] [text-decoration-thickness:var(--generic-link-underline-thickness)] [text-decoration-color:var(--generic-link-underline-color)] [text-decoration-skip-ink:var(--generic-link-underline-skip-ink)] break-words\" href=\"https:\/\/web.archive.org\/web\/20260107215723\/https:\/\/www.whitehouse.gov\/fact-sheets\/2026\/01\/fact-sheet-president-donald-j-trump-withdraws-the-united-states-from-international-organizations-that-are-contrary-to-the-interests-of-the-united-states\/\" rel=\"nofollow noopener\" target=\"_blank\">Valkoinen talo tiedotteessaan<\/a>.<\/p>\n<p class=\"article-body mb-nof-24 px-nof-16\">Presidentti <a class=\"font-bold underline-offset-[0.12em] [text-decoration:var(--person-link-text-decoration)] ![text-decoration-color:var(--person-link-text-decoration-color)]\" href=\"https:\/\/www.hs.fi\/haku\/?query=Donald%20Trump\" rel=\"nofollow noopener\" target=\"_blank\">Donald Trump<\/a> allekirjoitti m\u00e4\u00e4r\u00e4yksen vet\u00e4yty\u00e4 31 YK:n alaisesta j\u00e4rjest\u00f6st\u00e4 ja 35 muusta j\u00e4rjest\u00f6st\u00e4 keskiviikkona.<\/p>\n<p class=\"article-body mb-nof-24 px-nof-16\">Tiedotteen mukaan j\u00e4rjest\u00f6t toimivat vastoin Yhdysvaltojen kansallisia etuja, turvallisuutta, taloudellista kehityst\u00e4 ja itsem\u00e4\u00e4r\u00e4\u00e4misoikeutta.<\/p>\n<p class=\"article-body mb-nof-24 px-nof-16\">Vet\u00e4ytymisen sanotaan est\u00e4v\u00e4n yhdysvaltalaisen veronmaksajien rahojen tuhlaamisen \u201dtehottomiin tai vihamielisiin agendoihin\u201d.<\/p>\n<p class=\"article-body mb-nof-24 px-nof-16\">Trump on jo aiemmin allekirjoittanut m\u00e4\u00e4r\u00e4ykset Maailman terveysj\u00e4rjest\u00f6 WHO:sta, Pariisin ilmastosopimuksesta ja YK:n ihmisoikeusneuvostosta vet\u00e4ytymiseen.<\/p>\n","protected":false},"excerpt":{"rendered":"Valkoinen talo|Tiedotteen mukaan j\u00e4rjest\u00f6t toimivat vastoin Yhdysvaltojen kansallisia etuja. Yhdysvallat vet\u00e4ytyy 66 kansainv\u00e4lisest\u00e4 j\u00e4rjest\u00f6st\u00e4, kertoo Valkoinen talo tiedotteessaan.&hellip;\n","protected":false},"author":2,"featured_media":136426,"comment_status":"","ping_status":"","sticky":false,"template":"","format":"standard","meta":{"footnotes":""},"categories":[5],"tags":[22,23,26,27,33,31,30,17,46,24,25,28,29,15,18,21,32,19,20,16],"class_list":{"0":"post-136425","1":"post","2":"type-post","3":"status-publish","4":"format-standard","5":"has-post-thumbnail","7":"category-otsikot","8":"tag-breaking-news","9":"tag-breakingnews","10":"tag-featured-news","11":"tag-featurednews","12":"tag-fi","13":"tag-finland","14":"tag-finnish","15":"tag-headlines","16":"tag-helsingin-sanomat","17":"tag-latest-news","18":"tag-latestnews","19":"tag-main-news","20":"tag-mainnews","21":"tag-news","22":"tag-otsikot","23":"tag-paauutiset","24":"tag-suomi","25":"tag-top-stories","26":"tag-topstories","27":"tag-uutiset"},"share_on_mastodon":{"url":"https:\/\/pubeurope.com\/@fi\/115857579212173062","error":""},"_links":{"self":[{"href":"https:\/\/www.europesays.com\/fi\/wp-json\/wp\/v2\/posts\/136425","targetHints":{"allow":["GET"]}}],"collection":[{"href":"https:\/\/www.europesays.com\/fi\/wp-json\/wp\/v2\/posts"}],"about":[{"href":"https:\/\/www.europesays.com\/fi\/wp-json\/wp\/v2\/types\/post"}],"author":[{"embeddable":true,"href":"https:\/\/www.europesays.com\/fi\/wp-json\/wp\/v2\/users\/2"}],"replies":[{"embeddable":true,"href":"https:\/\/www.europesays.com\/fi\/wp-json\/wp\/v2\/comments?post=136425"}],"version-history":[{"count":0,"href":"https:\/\/www.europesays.com\/fi\/wp-json\/wp\/v2\/posts\/136425\/revisions"}],"wp:featuredmedia":[{"embeddable":true,"href":"https:\/\/www.europesays.com\/fi\/wp-json\/wp\/v2\/media\/136426"}],"wp:attachment":[{"href":"https:\/\/www.europesays.com\/fi\/wp-json\/wp\/v2\/media?parent=136425"}],"wp:term":[{"taxonomy":"category","embeddable":true,"href":"https:\/\/www.europesays.com\/fi\/wp-json\/wp\/v2\/categories?post=136425"},{"taxonomy":"post_tag","embeddable":true,"href":"https:\/\/www.europesays.com\/fi\/wp-json\/wp\/v2\/tags?post=136425"}],"curies":[{"name":"wp","href":"https:\/\/api.w.org\/{rel}","templated":true}]}}