{"id":136427,"date":"2026-01-08T04:36:11","date_gmt":"2026-01-08T04:36:11","guid":{"rendered":"https:\/\/www.europesays.com\/fi\/136427\/"},"modified":"2026-01-08T04:36:11","modified_gmt":"2026-01-08T04:36:11","slug":"ilouutinen-sari-essayahista-tuli-isoaiti-savo","status":"publish","type":"post","link":"https:\/\/www.europesays.com\/fi\/136427\/","title":{"rendered":"Ilouutinen: Sari Essayahista tuli iso\u00e4iti | Savo"},"content":{"rendered":"<p>Lapinlahtelaisen maa- ja mets\u00e4talousministerin <strong>Sari Essayahin<\/strong> tyt\u00e4r <strong>Noora Knapp <\/strong>on saanut tytt\u00f6vauvan. Knapp julkaisi keskiviikkona Instagramissa kuvan vauvastaan. Julkaisussa h\u00e4n julkistaa lapsen nimeksi tulevan <strong>Selma<\/strong>.<\/p>\n<p>Knapp on opiskellut journalistiikkaa Tampereen yliopistossa ja ty\u00f6skennellyt toimittajana Ilta-Sanomissa.<\/p>\n<p>H\u00e4n on my\u00f6s luonut uraa politiikassa. Vuoden 2017 kuntavaaleissa Knapp nousi kristillisdemokraattien ehdokkaana Lapinlahden valtuustoon \u00e4itins\u00e4 kanssa.<\/p>\n<p>\t\t<a class=\"diks-gallery__link\" href=\"https:\/\/www.savonsanomat.fi\/paikalliset\/bnudah\/4076816_.jpg\/alternates\/FREE_1440\/4076816_.jpg\" data-thumbnail=\"\" data-sub-html=\"Noora Knapp (etualalla) kristillisdemokraattien vaalivalvojaisissa Matin ja Liisan asemalla Lapinlahdella vuonna 2017. Paula Pohjamo\" aria-label=\"Katso isompi kuva\" rel=\"nofollow noopener\" target=\"_blank\"><br \/>\n\t\t\t\t<img class=\"diks-figure__image\" src=\"https:\/\/www.europesays.com\/fi\/wp-content\/uploads\/2026\/01\/4076816_.jpg\" loading=\"lazy\" decoding=\"sync\" alt=\"\"\/><\/p>\n<p>\t\t\t<\/a><br \/>\n\t\t\t\t\tNoora Knapp (etualalla) kristillisdemokraattien vaalivalvojaisissa Matin ja Liisan asemalla Lapinlahdella vuonna 2017. Paula Pohjamo<\/p>\n<p>Pohjois-Savosta kotoisin oleva Knapp on menestynyt aikanaan my\u00f6s tubettajana. H\u00e4n ja siskonsa <strong>Nea Knapp<\/strong> ovat tehneet kauneuteen ja lifestyleen keskittyvi\u00e4 videoita Youtube-kanavallaan Twice As Nice.<\/p>\n","protected":false},"excerpt":{"rendered":"Lapinlahtelaisen maa- ja mets\u00e4talousministerin Sari Essayahin tyt\u00e4r Noora Knapp on saanut tytt\u00f6vauvan. Knapp julkaisi keskiviikkona Instagramissa kuvan vauvastaan.&hellip;\n","protected":false},"author":2,"featured_media":136428,"comment_status":"","ping_status":"","sticky":false,"template":"","format":"standard","meta":{"footnotes":""},"categories":[136],"tags":[407,137,33,31,30,408,4644,99,98,11466,888,32,102,5599,109],"class_list":{"0":"post-136427","1":"post","2":"type-post","3":"status-publish","4":"format-standard","5":"has-post-thumbnail","7":"category-julkkikset","8":"tag-celebrities","9":"tag-entertainment","10":"tag-fi","11":"tag-finland","12":"tag-finnish","13":"tag-julkkikset","14":"tag-lapinlahti","15":"tag-lapset","16":"tag-perhe","17":"tag-sari-essayah","18":"tag-suomalaiset-poliitikot","19":"tag-suomi","20":"tag-vanhemmat","21":"tag-vauvat","22":"tag-viihde"},"share_on_mastodon":{"url":"https:\/\/pubeurope.com\/@fi\/115857626409921418","error":""},"_links":{"self":[{"href":"https:\/\/www.europesays.com\/fi\/wp-json\/wp\/v2\/posts\/136427","targetHints":{"allow":["GET"]}}],"collection":[{"href":"https:\/\/www.europesays.com\/fi\/wp-json\/wp\/v2\/posts"}],"about":[{"href":"https:\/\/www.europesays.com\/fi\/wp-json\/wp\/v2\/types\/post"}],"author":[{"embeddable":true,"href":"https:\/\/www.europesays.com\/fi\/wp-json\/wp\/v2\/users\/2"}],"replies":[{"embeddable":true,"href":"https:\/\/www.europesays.com\/fi\/wp-json\/wp\/v2\/comments?post=136427"}],"version-history":[{"count":0,"href":"https:\/\/www.europesays.com\/fi\/wp-json\/wp\/v2\/posts\/136427\/revisions"}],"wp:featuredmedia":[{"embeddable":true,"href":"https:\/\/www.europesays.com\/fi\/wp-json\/wp\/v2\/media\/136428"}],"wp:attachment":[{"href":"https:\/\/www.europesays.com\/fi\/wp-json\/wp\/v2\/media?parent=136427"}],"wp:term":[{"taxonomy":"category","embeddable":true,"href":"https:\/\/www.europesays.com\/fi\/wp-json\/wp\/v2\/categories?post=136427"},{"taxonomy":"post_tag","embeddable":true,"href":"https:\/\/www.europesays.com\/fi\/wp-json\/wp\/v2\/tags?post=136427"}],"curies":[{"name":"wp","href":"https:\/\/api.w.org\/{rel}","templated":true}]}}