{"id":136461,"date":"2026-01-08T05:36:08","date_gmt":"2026-01-08T05:36:08","guid":{"rendered":"https:\/\/www.europesays.com\/fi\/136461\/"},"modified":"2026-01-08T05:36:08","modified_gmt":"2026-01-08T05:36:08","slug":"suosikkisarjan-uusin-jakso-kaatoi-netflixin","status":"publish","type":"post","link":"https:\/\/www.europesays.com\/fi\/136461\/","title":{"rendered":"Suosikkisarjan uusin jakso kaatoi Netflixin"},"content":{"rendered":"<p>Netflix kaatui keskiviikon ja torstain (7.\u20138.1.) v\u00e4lisen\u00e4 y\u00f6n\u00e4, kun fanit odottivat Stranger Thingsin viidennen kauden ysijaksoa.<\/p>\n<p>TikTokissa ja Redditiss\u00e4 levi\u00e4v\u00e4 faniteoria v\u00e4itti, ett\u00e4 31. joulukuuta julkaistu finaali oli \u201dpetos\u201d ja oikea loppu paljastuisi salajaksossa nimelt\u00e4 Conformity Gate.<\/p>\n<p>Lue my\u00f6s: <a href=\"https:\/\/www.episodi.fi\/uutiset\/netflix-kaatui-syyna-supersuosittu-sarja\/\" title=\"Netflix kaatui! \u2013 Syyn\u00e4 supersuosittu sarja\" class=\"underline-custom !font-montserrat !font-bold !underline-offset-4 !decoration-4 !decoration-episodi-blue !text-md\" rel=\"nofollow noopener\" target=\"_blank\">Netflix kaatui! \u2013 Syyn\u00e4 supersuosittu sarja<\/a><\/p>\n<p>Lue my\u00f6s: <a href=\"https:\/\/www.episodi.fi\/uutiset\/stranger-things-rikkoi-netflixin-serverit-katsojat-raivostuivat\/\" title=\"Stranger Things rikkoi Netflixin serverit \u2013 katsojat raivostuivat\" class=\"underline-custom !font-montserrat !font-bold !underline-offset-4 !decoration-4 !decoration-episodi-blue !text-md\" rel=\"nofollow noopener\" target=\"_blank\">Stranger Things rikkoi Netflixin serverit \u2013 katsojat raivostuivat<\/a><\/p>\n<p>Promokuvissa n\u00e4kyv\u00e4t kellot ja 8. jaksossa morsekoodiksi tulkittu viesti antoivat teorioille lis\u00e4\u00e4 virtaa.<\/p>\n<p>Jaksoa ei kuitenkaan tippunut. Sarjan luoneet veljekset<strong> Matt <\/strong>ja <strong>Ross Duffer <\/strong>olivat jo aiemmin vahvistaneet, ett\u00e4 tarina on p\u00e4\u00e4ttynyt.<\/p>\n<p>Netflix on kaatunut yhteens\u00e4\u00a0nelj\u00e4 kertaa\u00a0Stranger Thingsin\u00a0viidennen kauden aikana \u2013 ja takia.<\/p>\n<p><img loading=\"lazy\" decoding=\"async\" alt=\"YouTube video\" width=\"480\" height=\"360\" data-pin-nopin=\"true\" nopin=\"nopin\" class=\"perfmatters-lazy\" src=\"https:\/\/www.europesays.com\/fi\/wp-content\/uploads\/2025\/12\/1767113407_339_hqdefault.jpg\"\/><\/p>\n<p>L\u00e4hde: <a href=\"https:\/\/www.comingsoon.net\/tv\/news\/2081189-stranger-things-episode-9-conformity-gate-netflix-crash\" rel=\"nofollow noopener\" target=\"_blank\">Comingsoon<\/a><\/p>\n","protected":false},"excerpt":{"rendered":"Netflix kaatui keskiviikon ja torstain (7.\u20138.1.) v\u00e4lisen\u00e4 y\u00f6n\u00e4, kun fanit odottivat Stranger Thingsin viidennen kauden ysijaksoa. TikTokissa ja&hellip;\n","protected":false},"author":2,"featured_media":131582,"comment_status":"","ping_status":"","sticky":false,"template":"","format":"standard","meta":{"footnotes":""},"categories":[130],"tags":[137,33,31,30,13249,32,109],"class_list":{"0":"post-136461","1":"post","2":"type-post","3":"status-publish","4":"format-standard","5":"has-post-thumbnail","7":"category-viihde","8":"tag-entertainment","9":"tag-fi","10":"tag-finland","11":"tag-finnish","12":"tag-stranger-things","13":"tag-suomi","14":"tag-viihde"},"share_on_mastodon":{"url":"https:\/\/pubeurope.com\/@fi\/115857862371797716","error":""},"_links":{"self":[{"href":"https:\/\/www.europesays.com\/fi\/wp-json\/wp\/v2\/posts\/136461","targetHints":{"allow":["GET"]}}],"collection":[{"href":"https:\/\/www.europesays.com\/fi\/wp-json\/wp\/v2\/posts"}],"about":[{"href":"https:\/\/www.europesays.com\/fi\/wp-json\/wp\/v2\/types\/post"}],"author":[{"embeddable":true,"href":"https:\/\/www.europesays.com\/fi\/wp-json\/wp\/v2\/users\/2"}],"replies":[{"embeddable":true,"href":"https:\/\/www.europesays.com\/fi\/wp-json\/wp\/v2\/comments?post=136461"}],"version-history":[{"count":0,"href":"https:\/\/www.europesays.com\/fi\/wp-json\/wp\/v2\/posts\/136461\/revisions"}],"wp:featuredmedia":[{"embeddable":true,"href":"https:\/\/www.europesays.com\/fi\/wp-json\/wp\/v2\/media\/131582"}],"wp:attachment":[{"href":"https:\/\/www.europesays.com\/fi\/wp-json\/wp\/v2\/media?parent=136461"}],"wp:term":[{"taxonomy":"category","embeddable":true,"href":"https:\/\/www.europesays.com\/fi\/wp-json\/wp\/v2\/categories?post=136461"},{"taxonomy":"post_tag","embeddable":true,"href":"https:\/\/www.europesays.com\/fi\/wp-json\/wp\/v2\/tags?post=136461"}],"curies":[{"name":"wp","href":"https:\/\/api.w.org\/{rel}","templated":true}]}}