{"id":136464,"date":"2026-01-08T05:40:07","date_gmt":"2026-01-08T05:40:07","guid":{"rendered":"https:\/\/www.europesays.com\/fi\/136464\/"},"modified":"2026-01-08T05:40:07","modified_gmt":"2026-01-08T05:40:07","slug":"minka-kokoiseksi-trump-luulee-gronlantia","status":"publish","type":"post","link":"https:\/\/www.europesays.com\/fi\/136464\/","title":{"rendered":"Mink\u00e4 kokoiseksi Trump luulee Gr\u00f6nlantia?"},"content":{"rendered":"<p>\u201dKatsokaa karttaa\u201d, Trump sanoi, mutta oikeastikin kookas Gr\u00f6nlanti n\u00e4ytt\u00e4\u00e4 kartalla paljon todellisuutta isommalta. Trumpin valtausintojen takana on asiantuntijan mukaan \u201dkieroutunut\u201d syy.<\/p>\n<p class=\"paragraph\">Eurooppa ottaa nyt vakavasti Yhdysvaltain uhkaukset Gr\u00f6nlannin valtaamisesta. Mutta miksi Yhdysvaltain presidentti <a href=\"https:\/\/www.iltalehti.fi\/henkilot\/Donald Trump\" class=\"article-link-person-page\" rel=\"nofollow noopener\" target=\"_blank\">Donald Trump<\/a> ylip\u00e4\u00e4t\u00e4\u00e4n haluaa arktisen saaren niin pakkomielteisesti?<\/p>\n<p class=\"paragraph\">P\u00e4\u00e4syit\u00e4 on Ulkopoliittisen instituutin tutkija Joel Linnainm\u00e4en mukaan pitk\u00e4lti kolme. Trump on kiinnostunut Gr\u00f6nlannin luonnonvaroista ja maan strategisesta sijainnista mahdollisen sodan varalta.<\/p>\n<p class=\"paragraph\">Lis\u00e4ksi Trump haluaa nimens\u00e4 historiankirjoihin ja suurmiesten rinnalle hankkimalla lis\u00e4\u00e4 maata Yhdysvalloille, Linnainm\u00e4ki arvioi.<\/p>\n<p class=\"paragraph\">\u2013 Trump sanoi jo virkaanastujaispuheessaan, ett\u00e4 Yhdysvaltojen pit\u00e4\u00e4 laajentua. H\u00e4n ajattelee, ett\u00e4 Yhdysvallat oli historiassa suuri ja kunnioitettu silloin, kun maa laajeni l\u00e4nteen p\u00e4in.<\/p>\n<p>Ven\u00e4j\u00e4lt\u00e4 ammutut ohjukset Yhdysvaltoihin lent\u00e4isiv\u00e4t Gr\u00f6nlannin yli. Petro Salonen \/ IL, Google Earth<\/p>\n<p class=\"paragraph\">Linnainm\u00e4en mukaan Trumpin n\u00e4k\u00f6kulmasta ne presidentit, jotka ovat vallanneet Yhdysvalloille lis\u00e4\u00e4 alueita, ovat suuria.<\/p>\n<p class=\"paragraph\">Yhdysvaltain kansallisen turvallisuuden suunnitelmassa linjataan, ett\u00e4 maa l\u00e4htee taas noudattamaan presidentti <a href=\"https:\/\/www.iltalehti.fi\/henkilot\/James Monroe\" class=\"article-link-person-page\" rel=\"nofollow noopener\" target=\"_blank\">James Monroen<\/a> mukaan nimetty\u00e4 oppia, jossa Yhdysvallat on l\u00e4ntisen pallonpuoliskon johtaja.<\/p>\n<p class=\"paragraph\">My\u00f6s yhten\u00e4 USA:n parhaista presidenteist\u00e4 pidetty <a href=\"https:\/\/www.iltalehti.fi\/henkilot\/Theodore Roosevelt\" class=\"article-link-person-page\" rel=\"nofollow noopener\" target=\"_blank\">Theodore Roosevelt<\/a> toteutti Linnainm\u00e4en mukaan hyvin m\u00e4\u00e4r\u00e4tietoisesti Monroe-oppia esimerkiksi Panaman kanavan yhteydess\u00e4.<\/p>\n<p class=\"paragraph\">\u2013 Siin\u00e4 oli v\u00e4h\u00e4n sama ajatus: otetaan maata haltuun, niin Yhdysvallat on suuri, Linnainm\u00e4ki sanoo.<\/p>\n<p>Pilapiirros 1900-luvun alusta: Yhdysvaltoja symboloiva Set\u00e4 Samuli seisoo koko Amerikkojen levyisesti. K\u00e4dess\u00e4 on sotilasmahtia kuvaava pes\u00e4pallomaila tekstill\u00e4 &#8221;Monroen oppi&#8221;. Louis Dalrymple\/Wikimedia Commons<\/p>\n<p class=\"paragraph\">\u2013 Trump katsoo meid\u00e4n n\u00e4k\u00f6kulmastamme kieroutuneesti, ett\u00e4 Gr\u00f6nlanti voisi olla osa h\u00e4nen j\u00e4tt\u00e4m\u00e4\u00e4ns\u00e4 historiankirjoitusta.<\/p>\n<p class=\"paragraph\">Linnainm\u00e4ki uskoo, ett\u00e4 Trump p\u00e4\u00e4sisi hy\u00f6dynt\u00e4m\u00e4\u00e4n Gr\u00f6nlannin mineraalivarantoja ja strategista sijaintia ilman sotilaallisia uhkauksiakin.<\/p>\n<p class=\"paragraph\">\u2013 Tanskalaiset ovat monta kertaa sanoneet, ett\u00e4 he toivottavat Yhdysvaltain sotilaallisen l\u00e4sn\u00e4olon tervetulleeksi, koska se auttaa puolustamaan Gr\u00f6nlantia. Yhdysvallat on itse v\u00e4hent\u00e4nyt sotilaallista l\u00e4sn\u00e4oloaan kylm\u00e4n sodan j\u00e4lkeen.<\/p>\n<p class=\"paragraph\">Yhdysvallat on uhkausten lis\u00e4ksi pohtinut Gr\u00f6nlannin ostamista. Valkoinen talo kertoi keskiviikkona, ett\u00e4 Yhdysvallat pyrkii p\u00e4\u00e4m\u00e4\u00e4riins\u00e4 ensisijaisesti diplomatian kautta.<\/p>\n<p>Trump uskoo alueiden valloittamisen tekev\u00e4n Yhdysvalloista j\u00e4lleen suuren, sanoo Ulkopoliittisen instituutin Joel Linnainm\u00e4ki. Matti Matikainen<\/p>\n<p>Kuinka iso se on?<\/p>\n<p class=\"paragraph\">Gr\u00f6nlanti on kaivellut Trumpia jo pitk\u00e4\u00e4n. Katsokaa karttaa, sanoi Trump haastattelussa <a href=\"https:\/\/www.nytimes.com\/2022\/09\/14\/us\/politics\/trump-greenland.html\" target=\"_blank\" rel=\"noopener nofollow\">vuonna 2022 julkaistuun kirjaan.<\/a><\/p>\n<p class=\"paragraph\">\u2013 Rakastan karttoja. Olen aina sanonut: \u201dKatsokaa Gr\u00f6nlannin kokoa. Se on valtava. Sen pit\u00e4isi olla osa Yhdysvaltoja.\u201d<\/p>\n<p class=\"paragraph\">Gr\u00f6nlanti n\u00e4ytt\u00e4\u00e4 kuitenkin kartalla paljon suuremmalta kuin se oikeasti on. V\u00e4\u00e4ristym\u00e4 johtuu yleisimmin kartoissa k\u00e4ytetyst\u00e4 Mercatorin projektiosta.<\/p>\n<p class=\"paragraph\">Gr\u00f6nlanti on oikeastikin suuri, nelj\u00e4 kertaa Ranskan ja kolme kertaa Texasin kokoinen. Australiaa suurempi ja l\u00e4hes Afrikan kokoinen se ei todellakaan ole.<\/p>\n<p class=\"paragraph\">Sill\u00e4 on kokoaankin suurempi geopoliittinen merkitys.<\/p>\n<p class=\"paragraph\">\u2013 Yhdysvallat on jo vuosikymmeni\u00e4 pit\u00e4nyt Gr\u00f6nlantia eritt\u00e4in kriittisen\u00e4 Yhdysvaltain turvallisuudelle, sanoo Upin tutkija Joel Linnainm\u00e4ki.<\/p>\n<p class=\"paragraph\">Saaresta vuosia haaveillut Trump n\u00e4ytt\u00e4\u00e4 olevansa voimiensa tunnossa sen j\u00e4lkeen, kun Yhdysvaltain erikoisjoukot syrj\u00e4yttiv\u00e4t ja kaappasivat lauantaina Venezuelan itsevaltaisen presidentti <a href=\"https:\/\/www.iltalehti.fi\/henkilot\/Nicol\u00e1s Maduro\" class=\"article-link-person-page\" rel=\"nofollow noopener\" target=\"_blank\">Nicol\u00e1s Maduron<\/a> puolisoineen.<\/p>\n<p class=\"paragraph\">Nyt Donald Trumpin ensimm\u00e4isell\u00e4 kaudellaan aloittamat vaatimukset Gr\u00f6nlannista ovat taas kiristyneet suoriksi uhkauksiksi. Yhdysvallat ei sulje pois sotilasvoiman k\u00e4ytt\u00f6\u00e4 saaren saamiseksi, Valkoinen talo vahvisti tiistaina. Keskiviikkona se pehmensi lausuntojaan ja painotti, ett\u00e4 pyrkii p\u00e4\u00e4m\u00e4\u00e4riins\u00e4 ensisijaisesti diplomatian kautta, vaikka \u201dkaikki vaihtoehdot ovat p\u00f6yd\u00e4ll\u00e4\u201d.<\/p>\n<p>Gr\u00f6nlannin valtaus olisi Naton loppu, varoitetaan Daily Mailin otsikossa. Kuvassa USA:n sieppaama Venezuelan presidentti Nicol\u00e1s Maduro puolisoineen pid\u00e4tettyn\u00e4 New Yorkissa. EPA \/ AOP<\/p>\n<p class=\"paragraph\">Gr\u00f6nlanti kuuluu itsest\u00e4\u00e4nselv\u00e4sti Yhdysvalloille, eik\u00e4 kukaan tule vastustamaan sen haltuunottoa, sanoi my\u00f6s Trumpin keskeinen taustavaikuttaja <a href=\"https:\/\/www.iltalehti.fi\/henkilot\/Stephen Miller\" class=\"article-link-person-page\" rel=\"nofollow noopener\" target=\"_blank\">Stephen Miller<\/a>.<\/p>\n<p class=\"paragraph\">Tanska on k\u00e4skenyt suoraan Trumpia lopettamaan uhkaukset. Jos Trump hy\u00f6kk\u00e4\u00e4 kansainv\u00e4lisen oikeuden vastaisesti Gr\u00f6nlantiin, sotilasliitto Nato tuhoutuu, Tanskan p\u00e4\u00e4ministeri <a href=\"https:\/\/www.iltalehti.fi\/henkilot\/Mette Frederiksen\" class=\"article-link-person-page\" rel=\"nofollow noopener\" target=\"_blank\">Mette Frederiksen<\/a> varoitti.<\/p>\n<p class=\"paragraph\">Eurooppa asettui tukemaan Tanskaa, jonka itsehallintoalue Gr\u00f6nlanti on. EU-johtajat linjasivat Gr\u00f6nlannin tulevaisuuden olevan tanskalaisten ja gr\u00f6nlantilaisten v\u00e4linen asia.<\/p>\n<p class=\"paragraph\">Yhdysvaltain ulkoministeri <a href=\"https:\/\/www.iltalehti.fi\/henkilot\/Marco Rubio\" class=\"article-link-person-page\" rel=\"nofollow noopener\" target=\"_blank\">Marco Rubio<\/a> toppuutteli, ett\u00e4 Trump vain painostaa Tanskaa myym\u00e4\u00e4n Gr\u00f6nlannin. Edustajainhuoneen puhemies, Trumpin puoluetoveri <a href=\"https:\/\/www.iltalehti.fi\/henkilot\/Mike Johnson\" class=\"article-link-person-page\" rel=\"nofollow noopener\" target=\"_blank\">Mike Johnson<\/a> sanoi ettei hy\u00f6kk\u00e4yst\u00e4 Gr\u00f6nlantiin voisi hyv\u00e4ksy\u00e4.<\/p>\n<p>Valtaushingun syyt<\/p>\n<p class=\"paragraph\">Trumpin hallinto kaavaili Gr\u00f6nlannin ostamista jo vuonna 2019. Trump perustelee yh\u00e4 tiukemmaksi k\u00e4yneit\u00e4 vaatimuksiaan Yhdysvaltain kansallisella turvallisuudella ja taloudella.<\/p>\n<p class=\"paragraph\">Yksi perustelu on Gr\u00f6nlannin strateginen sijainti mahdollisen sodan kannalta. Arktisella alueella sijaitsevalta saarelta on lyhyin matka Yhdysvaltojen ja Ven\u00e4j\u00e4n v\u00e4lill\u00e4. Ven\u00e4j\u00e4n kasaamat ohjusvarannot Kuolan niemimaalla lent\u00e4isiv\u00e4t Yhdysvaltoihin juurikin Gr\u00f6nlannin yli.<\/p>\n<p>&#8221;Gr\u00f6nlanti kuuluu Gr\u00f6nlannille &#8211; Kiusaisit itsesi kokoisia!&#8221; lukee protestoijan kyltiss\u00e4 K\u00f6\u00f6penhaminassa, Tanskassa maaliskuussa 2025 Trumpin uhattua vallata Gr\u00f6nlanti. EPA \/ AOP<\/p>\n<p class=\"paragraph\">Toinen peruste ovat Gr\u00f6nlannin luonnonvarat, kuten \u00f6ljy- ja maakaasuvarannot sek\u00e4 harvinaiset maamineraali- ja jalokiviesiintym\u00e4t, jotka tulevat j\u00e4\u00e4n alta esiin ilmaston kuumenemisen my\u00f6t\u00e4.<\/p>\n<p class=\"paragraph\">Linnainm\u00e4en mukaan mineraalien hy\u00f6dynt\u00e4minen ei ole Gr\u00f6nlannin s\u00e4\u00e4olosuhteiden vuoksi aivan yksinkertaista.<\/p>\n<p class=\"paragraph\">\u2013 Trump v\u00e4itt\u00e4\u00e4, etteiv\u00e4t luonnonvarat ole h\u00e4nen Gr\u00f6nlanti-pyrkimystens\u00e4 taustalla, mutta kun katsoo Venezuelaa, kyll\u00e4h\u00e4n siell\u00e4 \u00f6ljy ja taloussyyt olivat eritt\u00e4in merkitt\u00e4v\u00e4ss\u00e4 roolissa.<\/p>\n<p class=\"paragraph\">Luonnonvarat ja strateginen sijainti ovat kuitenkin outoja syit\u00e4 uhkailla Gr\u00f6nlantia sotilastoimilla. Yhdysvalloilla on saarella jo valmiiksi sotilastoimintaa, jonka m\u00e4\u00e4r\u00e4\u00e4 se on itse v\u00e4hent\u00e4nyt.<\/p>\n<p>Pituffikin avaruustukikohta Gr\u00f6nlannin luoteisosissa. Suuri osa Gr\u00f6nlannista on j\u00e4\u00e4ss\u00e4, mik\u00e4 tekee luonnonvarojen hy\u00f6dynt\u00e4misen vaikeaksi. EPA \/ AOP<\/p>\n<p class=\"paragraph\">Trump syytt\u00e4\u00e4 Tanskan j\u00e4tt\u00e4neen Gr\u00f6nlannin puolustuksen retuper\u00e4lle, mutta Yhdysvallat on itse heikent\u00e4nyt puolustustaan Gr\u00f6nlannissa ja vet\u00e4nyt joukkojaan pois, sanoo Tanskan puolustusakatemian apulaisprofessori <strong>Jon Rahbek-Clemmensen<\/strong> <a href=\"https:\/\/politiken.dk\/danmark\/art10681057\/Donald-Trump-langer-ud-efter-Danmark.-Men-hvad-har-USA-selv-gjort\" target=\"_blank\" rel=\"noopener nofollow\">tanskalaislehti Politikenille.<\/a><\/p>\n<p class=\"paragraph\">\u2013 Ei pid\u00e4 paikkaansa, ett\u00e4 Yhdysvallat olisi merkitt\u00e4v\u00e4sti lis\u00e4nnyt sotilaallista l\u00e4sn\u00e4oloaan Gr\u00f6nlannissa.<\/p>\n<p class=\"paragraph\">Gr\u00f6nlannin luonnonvarojakin Trumpin luulisi voivan p\u00e4\u00e4st\u00e4 hy\u00f6dynt\u00e4m\u00e4\u00e4n aivan perinteisen diplomatian ja kauppapolitiikan keinoin. Yhdysvaltalaiset kaivosyritykset voisivat aivan hyvin toimia Gr\u00f6nlannissa jo nyt, Joel Linnainm\u00e4ki sanoo.<\/p>\n<p class=\"paragraph\">Ongelmana on se, ett\u00e4 noin 85 prosenttia Gr\u00f6nlannista on j\u00e4\u00e4ss\u00e4.<\/p>\n<p class=\"paragraph\">\u2013 On paljon jo l\u00f6ydettyj\u00e4kin kaivannaisalueita, joiden hy\u00f6dynt\u00e4minen on hyvin kallista eik\u00e4 taloudellisesti t\u00e4ll\u00e4 hetkell\u00e4 j\u00e4rkev\u00e4\u00e4. Se lienee p\u00e4\u00e4syy sille, miksei Yhdysvallat hy\u00f6dynn\u00e4 Gr\u00f6nlannin resursseja jo nyt.<\/p>\n<p class=\"paragraph\">Tanskan kruunun alaisuudessa olevassa Gr\u00f6nlannissa, alkuper\u00e4iskielell\u00e4 Kalaallit Nunaat, asuu noin vajaa 60 000 ihmist\u00e4, joista suurin osa saaren alkuper\u00e4isv\u00e4est\u00f6\u00e4 inuiitteja. Gr\u00f6nlanti havittelee itsen\u00e4isyytt\u00e4.<\/p>\n<p class=\"paragraph\">Tanskan p\u00e4\u00e4ministeri Mette Frederiksen pyysi syksyll\u00e4 virallisesti anteeksi julmuuksia, kuten pakkosterilointia ja tanskalaistamista, joita siirtomaais\u00e4nt\u00e4 Tanska on gr\u00f6nlantilaisiin kohdistanut.<\/p>\n<p>Trump (edess\u00e4) haluaa Theodore &#8221;Teddy&#8221; Rooseveltin (maalauksessa) kaltaisten suurten presidenttien joukkoon. EPA \/ AOP<\/p>\n","protected":false},"excerpt":{"rendered":"\u201dKatsokaa karttaa\u201d, Trump sanoi, mutta oikeastikin kookas Gr\u00f6nlanti n\u00e4ytt\u00e4\u00e4 kartalla paljon todellisuutta isommalta. Trumpin valtausintojen takana on asiantuntijan&hellip;\n","protected":false},"author":2,"featured_media":136292,"comment_status":"","ping_status":"","sticky":false,"template":"","format":"standard","meta":{"footnotes":""},"categories":[14],"tags":[35,22,23,26,27,33,31,30,17,24,25,28,29,15,18,21,142,637,144,32,19,20,56,16,638,59,60,61,143],"class_list":{"0":"post-136464","1":"post","2":"type-post","3":"status-publish","4":"format-standard","5":"has-post-thumbnail","7":"category-ulkomaat","8":"tag-24h","9":"tag-breaking-news","10":"tag-breakingnews","11":"tag-featured-news","12":"tag-featurednews","13":"tag-fi","14":"tag-finland","15":"tag-finnish","16":"tag-headlines","17":"tag-latest-news","18":"tag-latestnews","19":"tag-main-news","20":"tag-mainnews","21":"tag-news","22":"tag-otsikot","23":"tag-paauutiset","24":"tag-poliitikot","25":"tag-politiikka","26":"tag-presidentti","27":"tag-suomi","28":"tag-top-stories","29":"tag-topstories","30":"tag-ulkomaat","31":"tag-uutiset","32":"tag-valtiovalta","33":"tag-world","34":"tag-world-news","35":"tag-worldnews","36":"tag-yhdysvaltain-politiikka"},"share_on_mastodon":{"url":"https:\/\/pubeurope.com\/@fi\/115857878096086971","error":""},"_links":{"self":[{"href":"https:\/\/www.europesays.com\/fi\/wp-json\/wp\/v2\/posts\/136464","targetHints":{"allow":["GET"]}}],"collection":[{"href":"https:\/\/www.europesays.com\/fi\/wp-json\/wp\/v2\/posts"}],"about":[{"href":"https:\/\/www.europesays.com\/fi\/wp-json\/wp\/v2\/types\/post"}],"author":[{"embeddable":true,"href":"https:\/\/www.europesays.com\/fi\/wp-json\/wp\/v2\/users\/2"}],"replies":[{"embeddable":true,"href":"https:\/\/www.europesays.com\/fi\/wp-json\/wp\/v2\/comments?post=136464"}],"version-history":[{"count":0,"href":"https:\/\/www.europesays.com\/fi\/wp-json\/wp\/v2\/posts\/136464\/revisions"}],"wp:featuredmedia":[{"embeddable":true,"href":"https:\/\/www.europesays.com\/fi\/wp-json\/wp\/v2\/media\/136292"}],"wp:attachment":[{"href":"https:\/\/www.europesays.com\/fi\/wp-json\/wp\/v2\/media?parent=136464"}],"wp:term":[{"taxonomy":"category","embeddable":true,"href":"https:\/\/www.europesays.com\/fi\/wp-json\/wp\/v2\/categories?post=136464"},{"taxonomy":"post_tag","embeddable":true,"href":"https:\/\/www.europesays.com\/fi\/wp-json\/wp\/v2\/tags?post=136464"}],"curies":[{"name":"wp","href":"https:\/\/api.w.org\/{rel}","templated":true}]}}