{"id":136469,"date":"2026-01-08T05:54:09","date_gmt":"2026-01-08T05:54:09","guid":{"rendered":"https:\/\/www.europesays.com\/fi\/136469\/"},"modified":"2026-01-08T05:54:09","modified_gmt":"2026-01-08T05:54:09","slug":"auri-kanasen-sometili-poistettiin","status":"publish","type":"post","link":"https:\/\/www.europesays.com\/fi\/136469\/","title":{"rendered":"Auri Kanasen sometili poistettiin"},"content":{"rendered":"<p>Auri Kananen kertoo asiasta Instagram-tarinoissaan.<\/p>\n<p><img decoding=\"async\" class=\"image image-show image-preview\" src=\"https:\/\/www.europesays.com\/fi\/wp-content\/uploads\/2025\/12\/b4445749883c40516e71678918cabf1471571680552c749b9d05d71cc972a961.jpg\" alt=\"\"\/><img decoding=\"async\" class=\"image image-show\" src=\"https:\/\/www.europesays.com\/fi\/wp-content\/uploads\/2025\/12\/1766741650_838_b4445749883c40516e71678918cabf1471571680552c749b9d05d71cc972a961.jpg\" alt=\"\"\/><\/p>\n<p>Auri Kanasen Tiktok-tili poistettiin. Anni Savolainen<\/p>\n<p class=\"paragraph\">Siivouskuningattarena tunnetuksi tullut <a href=\"https:\/\/www.iltalehti.fi\/henkilot\/Auri Kananen\" class=\"article-link-person-page\" rel=\"nofollow noopener\" target=\"_blank\">Auri Kananen<\/a> kertoo Instagramin tarinaosiossa, ett\u00e4 h\u00e4nen Tiktok-tilins\u00e4 on poistettu. Tarinat ovat katsottavissa 24 tuntia julkaisustaan.<\/p>\n<p class=\"paragraph\">Kananen vastaa tarinassaan seuraajansa esitt\u00e4m\u00e4\u00e4n kysymykseen.<\/p>\n<p class=\"paragraph\">\u2013 Miss\u00e4 sun Tiktok-tili? kysymys kuuluu.<\/p>\n<p class=\"paragraph\">Kanasella on kysymykseen selv\u00e4 vastaus.<\/p>\n<p class=\"paragraph\">\u2013 Poistettiin! h\u00e4n vastaa.<\/p>\n<p class=\"paragraph\">Kananen on jakanut tarinaansa kuvakaappauksen Tiktokin ilmoituksesta, jossa kerrotaan, ett\u00e4 h\u00e4nen tilins\u00e4 on estetty. Syyksi kerrotaan \u201dvakava v\u00e4\u00e4rink\u00e4yt\u00f6s\u201d, joka rikkoo yhteis\u00f6n suuntaviivoja. Lis\u00e4ksi ilmoituksessa ohjeistetaan olemaan yhteydess\u00e4 s\u00e4hk\u00f6postitse, jos henkil\u00f6ll\u00e4 on todisteita siit\u00e4, ett\u00e4 p\u00e4\u00e4t\u00f6s on v\u00e4\u00e4r\u00e4.<\/p>\n<p class=\"paragraph\">\u2013 Tiktokin mielest\u00e4 kopioin toista tili\u00e4, Kananen kertoo.<\/p>\n<p class=\"paragraph\">Toisella tilill\u00e4 Kananen tarkoittaa englanninkielist\u00e4 tili\u00e4\u00e4n, jolla on Tiktokissa 11,5 miljoonaa seuraajaa.<\/p>\n<p class=\"paragraph\">\u2013 Eih\u00e4n Tiktok sit\u00e4 voi tiet\u00e4\u00e4, ett\u00e4 m\u00e4 omistan molemmat tilit. Koitin laittaa sinne viesti\u00e4, mutta katsotaan, Kananen kirjoittaa.<\/p>\n<p class=\"paragraph\">Siivousvideoistaan tunnetuksi tullut Kananen julkaisi joulukuun lopulla viimeisen siivousvideonsa Youtube-kanavalleen. Videota Kananen kuvaili otsikossa \u201dviimeiseksi ja parhaaksi\u201d.<\/p>\n<p class=\"paragraph\">Siivousvideonsa julkaisun j\u00e4lkeen Kananen <a href=\"https:\/\/www.iltalehti.fi\/viihdeuutiset\/a812fb52-16a5-4791-bcdd-f6f936ac97ca\" rel=\"nofollow noopener\" target=\"_blank\">jakoi tunnelmiaan<\/a> sosiaalisessa mediassa. Instagram-tarinoihinsa Kananen jakoi itkuisen videon.<\/p>\n<p class=\"paragraph\">\u2013 Se on todella ohi, Kananen kirjoitti ulkona kuvatun videon yhteydess\u00e4.<\/p>\n<p class=\"paragraph\">My\u00f6hemmin Kananen kiitti seuraajiaan englanninkielisell\u00e4 tilill\u00e4\u00e4n ja puhui julkaisussa my\u00f6s p\u00e4\u00e4t\u00f6ksest\u00e4\u00e4n lopettaa.<\/p>\n<p class=\"paragraph\">\u2013 Jotkut ihmiset ajattelevat, ett\u00e4 olen tyhm\u00e4, kun en jatka sit\u00e4, mit\u00e4 olisin voinut. Mutta totuus on, ett\u00e4 raha tai n\u00e4kyvyys ei koskaan motivoinut minua. En koskaan halunnut ker\u00e4t\u00e4 niin paljon varallisuutta kuin mahdollista tai pysytell\u00e4 parrasvaloissa. Minulle merkitt\u00e4v\u00e4\u00e4 on tehd\u00e4 jotain hyv\u00e4\u00e4 el\u00e4m\u00e4ss\u00e4 ja el\u00e4\u00e4 siivousintohimon kautta, Kananen kirjoitti.<\/p>\n<p class=\"paragraph\">Syksyll\u00e4 Kananen <a href=\"https:\/\/www.iltalehti.fi\/viihdeuutiset\/688029b9-b7b8-48f2-b368-a98f71559ec6\" rel=\"nofollow noopener\" target=\"_blank\">sai perheenlis\u00e4yst\u00e4<\/a>. Lapsi on Kanasen esikoinen.<\/p>\n","protected":false},"excerpt":{"rendered":"Auri Kananen kertoo asiasta Instagram-tarinoissaan. Auri Kanasen Tiktok-tili poistettiin. Anni Savolainen Siivouskuningattarena tunnetuksi tullut Auri Kananen kertoo Instagramin&hellip;\n","protected":false},"author":2,"featured_media":126171,"comment_status":"","ping_status":"","sticky":false,"template":"","format":"standard","meta":{"footnotes":""},"categories":[136],"tags":[35,407,4492,137,33,31,30,148,147,408,151,32,149,109],"class_list":{"0":"post-136469","1":"post","2":"type-post","3":"status-publish","4":"format-standard","5":"has-post-thumbnail","7":"category-julkkikset","8":"tag-24h","9":"tag-celebrities","10":"tag-digimedia","11":"tag-entertainment","12":"tag-fi","13":"tag-finland","14":"tag-finnish","15":"tag-internet","16":"tag-internet-palvelut","17":"tag-julkkikset","18":"tag-sosiaalinen-media-ja-verkostoituminen","19":"tag-suomi","20":"tag-tietojenkasittely-ja-informaatioteknologia","21":"tag-viihde"},"share_on_mastodon":{"url":"https:\/\/pubeurope.com\/@fi\/115857933149444268","error":""},"_links":{"self":[{"href":"https:\/\/www.europesays.com\/fi\/wp-json\/wp\/v2\/posts\/136469","targetHints":{"allow":["GET"]}}],"collection":[{"href":"https:\/\/www.europesays.com\/fi\/wp-json\/wp\/v2\/posts"}],"about":[{"href":"https:\/\/www.europesays.com\/fi\/wp-json\/wp\/v2\/types\/post"}],"author":[{"embeddable":true,"href":"https:\/\/www.europesays.com\/fi\/wp-json\/wp\/v2\/users\/2"}],"replies":[{"embeddable":true,"href":"https:\/\/www.europesays.com\/fi\/wp-json\/wp\/v2\/comments?post=136469"}],"version-history":[{"count":0,"href":"https:\/\/www.europesays.com\/fi\/wp-json\/wp\/v2\/posts\/136469\/revisions"}],"wp:featuredmedia":[{"embeddable":true,"href":"https:\/\/www.europesays.com\/fi\/wp-json\/wp\/v2\/media\/126171"}],"wp:attachment":[{"href":"https:\/\/www.europesays.com\/fi\/wp-json\/wp\/v2\/media?parent=136469"}],"wp:term":[{"taxonomy":"category","embeddable":true,"href":"https:\/\/www.europesays.com\/fi\/wp-json\/wp\/v2\/categories?post=136469"},{"taxonomy":"post_tag","embeddable":true,"href":"https:\/\/www.europesays.com\/fi\/wp-json\/wp\/v2\/tags?post=136469"}],"curies":[{"name":"wp","href":"https:\/\/api.w.org\/{rel}","templated":true}]}}