{"id":136486,"date":"2026-01-08T06:21:06","date_gmt":"2026-01-08T06:21:06","guid":{"rendered":"https:\/\/www.europesays.com\/fi\/136486\/"},"modified":"2026-01-08T06:21:06","modified_gmt":"2026-01-08T06:21:06","slug":"2d-koodeja-loytyy-nyt-kauppojen-tuotteista-yle","status":"publish","type":"post","link":"https:\/\/www.europesays.com\/fi\/136486\/","title":{"rendered":"2D-koodeja l\u00f6ytyy nyt kauppojen tuotteista &#8211; Yle"},"content":{"rendered":"<ol>\n<li><a href=\"https:\/\/news.google.com\/rss\/articles\/CBMiVkFVX3lxTE1zTTVHZVVoTDg2QmZ2Z0RvT0JHSTdDcW8wZ055VHYzQ2NYOTg3VlBORUY0QzRQV3haanRIZ1hCTHE5WXJsUk5oZTdGektPZHc1RTdKTnpR?oc=5\" target=\"_blank\" rel=\"nofollow noopener\">2D-koodeja l\u00f6ytyy nyt kauppojen tuotteista<\/a>&nbsp;&nbsp;Yle<\/li>\n<li><a href=\"https:\/\/news.google.com\/rss\/articles\/CBMiXEFVX3lxTE5fc0UzZEtKcml1SmU5NExXeDNRa3JRVlRDSVhKYmNrVERVWnFvYmpQc19mRmRVaXgxd2JMTXo1TENCbnlzVWM3Qy1QVEg4TUY0OGFGR2w2d3E2YjY3?oc=5\" target=\"_blank\" rel=\"nofollow noopener\">T\u00e4m\u00e4 tiedet\u00e4\u00e4n nyt | Maahanmuuttoviraston agentti ampui naisen Yhdysvalloissa: video n\u00e4ytt\u00e4\u00e4 kaoottisen tilanteen<\/a>&nbsp;&nbsp;HS.fi<\/li>\n<li><a href=\"https:\/\/news.google.com\/rss\/articles\/CBMifEFVX3lxTFBMa3I4cjJsZWdUVUlzUnBLMFZkYUdyd3BLaDFYZzk0T3VfaV9ZMmh6WFJFRURsT3h5anQ2LXluZF9OYmJhVHFxZlBZNE52MXlvVm1fNlB6b0NINkQtTkVyVENYWHpVSzZOWWZaaEpOYm9Ib0s0bXdvVHFIUU0?oc=5\" target=\"_blank\" rel=\"nofollow noopener\">J\u00e4rkytt\u00e4v\u00e4 video Minneapolisin ampumisesta levi\u00e4\u00e4<\/a>&nbsp;&nbsp;Iltalehti<\/li>\n<li><a href=\"https:\/\/news.google.com\/rss\/articles\/CBMiXkFVX3lxTE5KMzU0QmpKdEZhTnVQVDBSblNTUVpaMWE1RjRGZDJfamo4bzF0VXpvYXVqN2o0NHlLU3liNWlJV2N5Sk1YMUdoN1h2akRnZTgyb0hVODliTVFERTM5bmc?oc=5\" target=\"_blank\" rel=\"nofollow noopener\">Media: ICE:n ampuma nainen oli 37-vuotias Yhdysvaltain kansalainen<\/a>&nbsp;&nbsp;Ilta-Sanomat<\/li>\n<li><a href=\"https:\/\/news.google.com\/rss\/articles\/CBMiQkFVX3lxTFBxaWRFdEVseXpUQk5QaENVOFVqVkJGTnJfcktEaDE5NjJFX2tuX2xlbk1aNkhTSk84eEt1bUlEcURjUQ?oc=5\" target=\"_blank\" rel=\"nofollow noopener\">Yhdysvaltain maahanmuuttoviranomainen ampui auton kuljettajan Minneapolisissa<\/a>&nbsp;&nbsp;Yle<\/li>\n<\/ol>\n","protected":false},"excerpt":{"rendered":"2D-koodeja l\u00f6ytyy nyt kauppojen tuotteista&nbsp;&nbsp;Yle T\u00e4m\u00e4 tiedet\u00e4\u00e4n nyt | Maahanmuuttoviraston agentti ampui naisen Yhdysvalloissa: video n\u00e4ytt\u00e4\u00e4 kaoottisen tilanteen&nbsp;&nbsp;HS.fi&hellip;\n","protected":false},"author":2,"featured_media":135533,"comment_status":"","ping_status":"","sticky":false,"template":"","format":"standard","meta":{"footnotes":""},"categories":[135],"tags":[389,387,388,390,137,33,31,30,23735,1246,32,394,393,391,392,78,1072,3778,109,23736,445],"class_list":{"0":"post-136486","1":"post","2":"type-post","3":"status-publish","4":"format-standard","5":"has-post-thumbnail","7":"category-taiteet-ja-suunnittelu","8":"tag-arts","9":"tag-arts-and-design","10":"tag-artsanddesign","11":"tag-design","12":"tag-entertainment","13":"tag-fi","14":"tag-finland","15":"tag-finnish","16":"tag-kassa-ja-myymalajarjestelmat","17":"tag-kuluttajat","18":"tag-suomi","19":"tag-suunnittelu","20":"tag-taiteet","21":"tag-taiteet-ja-suunnittelu","22":"tag-taiteetsuunnittelu","23":"tag-talous","24":"tag-tietotekniikka","25":"tag-vahittaiskauppa","26":"tag-viihde","27":"tag-viivakoodit","28":"tag-yle-uutiset-somenostot"},"share_on_mastodon":{"url":"https:\/\/pubeurope.com\/@fi\/115858039243373044","error":""},"_links":{"self":[{"href":"https:\/\/www.europesays.com\/fi\/wp-json\/wp\/v2\/posts\/136486","targetHints":{"allow":["GET"]}}],"collection":[{"href":"https:\/\/www.europesays.com\/fi\/wp-json\/wp\/v2\/posts"}],"about":[{"href":"https:\/\/www.europesays.com\/fi\/wp-json\/wp\/v2\/types\/post"}],"author":[{"embeddable":true,"href":"https:\/\/www.europesays.com\/fi\/wp-json\/wp\/v2\/users\/2"}],"replies":[{"embeddable":true,"href":"https:\/\/www.europesays.com\/fi\/wp-json\/wp\/v2\/comments?post=136486"}],"version-history":[{"count":0,"href":"https:\/\/www.europesays.com\/fi\/wp-json\/wp\/v2\/posts\/136486\/revisions"}],"wp:featuredmedia":[{"embeddable":true,"href":"https:\/\/www.europesays.com\/fi\/wp-json\/wp\/v2\/media\/135533"}],"wp:attachment":[{"href":"https:\/\/www.europesays.com\/fi\/wp-json\/wp\/v2\/media?parent=136486"}],"wp:term":[{"taxonomy":"category","embeddable":true,"href":"https:\/\/www.europesays.com\/fi\/wp-json\/wp\/v2\/categories?post=136486"},{"taxonomy":"post_tag","embeddable":true,"href":"https:\/\/www.europesays.com\/fi\/wp-json\/wp\/v2\/tags?post=136486"}],"curies":[{"name":"wp","href":"https:\/\/api.w.org\/{rel}","templated":true}]}}