{"id":136514,"date":"2026-01-08T06:54:08","date_gmt":"2026-01-08T06:54:08","guid":{"rendered":"https:\/\/www.europesays.com\/fi\/136514\/"},"modified":"2026-01-08T06:54:08","modified_gmt":"2026-01-08T06:54:08","slug":"yli-60-laulajaa-tavoittelee-voittoa-kokkolan-uudessa-laulukilpailussa-keski-pohjanmaa","status":"publish","type":"post","link":"https:\/\/www.europesays.com\/fi\/136514\/","title":{"rendered":"Yli 60 laulajaa tavoittelee voittoa Kokkolan uudessa laulukilpailussa | Keski-Pohjanmaa"},"content":{"rendered":"<p class=\"aw-1gybjub aw-5vja16 kEtdKx kmuxyA yle__article__paragraph\">Snellman-laulukilpailun tarkoituksena on tuoda piristyst\u00e4 talveen sek\u00e4 l\u00f6yt\u00e4\u00e4 uusia \u00e4\u00e4ni\u00e4 ja tulkitsijoita.<\/p>\n<p><img decoding=\"async\" alt=\"Mies seisoo lavalla toinen k\u00e4si ylh\u00e4\u00e4ll\u00e4 ja laulaa.\" src=\"https:\/\/www.europesays.com\/fi\/wp-content\/uploads\/2026\/01\/39-1577936695e54ea648c1.jpeg\" class=\"aw-1l9m598 hKVVvP\"\/><\/p>\n<p>Avaa kuvien katselu<\/p>\n<p>Snellman-laulukilpailu j\u00e4rjestet\u00e4\u00e4n Snellman-salissa perjantaina ja lauantaina. Kuva: Petra Haavisto \/Yle<\/p>\n<p class=\"aw-1gybjub aw-1p7kakr kEtdKx cEmitX yle__article__paragraph\">Kokkolassa j\u00e4rjestet\u00e4\u00e4n viikonvaihteessa uusi laulukilpailu.<\/p>\n<p class=\"aw-1gybjub aw-1p7kakr kEtdKx cEmitX yle__article__paragraph\">Musiikkikeskus Snellmanissa perjantaina ja lauantaina pidett\u00e4v\u00e4\u00e4n laulukilpailuun osallistuu 61 laulajaa eri puolilta Suomea. Genre on vapaa.<\/p>\n<p class=\"aw-1gybjub aw-1p7kakr kEtdKx cEmitX yle__article__paragraph\">\u2013 Ideana on tuoda piristyst\u00e4 talveen ja l\u00f6yt\u00e4\u00e4 uusia \u00e4\u00e4ni\u00e4 ja tulkitsijoita, kertoo kilpailun johtaja, Musiikkikeskus Snellmanin palvelup\u00e4\u00e4llikk\u00f6 <strong class=\"aw-ak79eh KyCXm yle__article__strong\">Simo Korkia-Aho<\/strong>.<\/p>\n<p class=\"aw-1gybjub aw-1p7kakr kEtdKx cEmitX yle__article__paragraph\">Kilpailussa esiintyj\u00e4t laulavat tuomaristoille karaoketaustoilla, mutta ilman tv-monitoria.<\/p>\n<p class=\"aw-1gybjub aw-1p7kakr kEtdKx cEmitX yle__article__paragraph\">Korkia-Aho pit\u00e4\u00e4 mahdollisena, ett\u00e4 jatkossa esimerkiksi finaalissa voisi olla my\u00f6s live-b\u00e4ndi.<\/p>\n<p class=\"aw-1gybjub aw-1p7kakr kEtdKx cEmitX yle__article__paragraph\">\u2013 Emme halua olla karaokekilpailu vaan laulukilpailu. Sen vuoksi ei ole karaokeruutuja, vaan lauletaan yleis\u00f6lle ja tuomareille. Silloin pit\u00e4\u00e4 my\u00f6s osata laulu ulkoa, Korkia-Aho painottaa.<\/p>\n<p>Palkinnoksi studioon<\/p>\n<p class=\"aw-1gybjub aw-1p7kakr kEtdKx cEmitX yle__article__paragraph\">Kilpailijoiden ik\u00e4haarukka vaihtelee nuorista noin 70-vuotiaisiin. Mukana on my\u00f6s tuttuja nimi\u00e4, mutta niit\u00e4 ei voi viel\u00e4 paljastaa.<\/p>\n<p class=\"aw-1gybjub aw-1p7kakr kEtdKx cEmitX yle__article__paragraph\">Jokainen laulaja on valinnut etuk\u00e4teen viisi esitett\u00e4v\u00e4\u00e4 kappaletta.<\/p>\n<p class=\"aw-1gybjub aw-1p7kakr kEtdKx cEmitX yle__article__paragraph\">\u2013 Ohjelmistossa on kaikkea tangosta heviin. Frank Sinatraa, Vesterist\u00e4, Juha Tapiota, Suvi Ter\u00e4sniskaa, Korkia-Aho luettelee.<\/p>\n<p class=\"aw-1gybjub aw-1p7kakr kEtdKx cEmitX yle__article__paragraph\">Snellman-laulukilpailun voittaja saa palkinnoksi singlen \u00e4\u00e4nityssopimuksen. M\u00f6kkitie Recordsin <strong class=\"aw-ak79eh KyCXm yle__article__strong\">Janne Rintala<\/strong> s\u00e4velt\u00e4\u00e4 voittajalle laulun. Singletaltiointi ei kuitenkaan sis\u00e4ll\u00e4 levityst\u00e4.<\/p>\n<p class=\"aw-1gybjub aw-1p7kakr kEtdKx cEmitX yle__article__paragraph\">\u2013 Toki me autamme sen mit\u00e4 pystymme. Meill\u00e4h\u00e4n on aika paljon kontakteja, ja kuka tiet\u00e4\u00e4, vaikka julkaisusta tulisi isompi hitti, Korkia-Aho maalaa.<\/p>\n<p class=\"aw-1gybjub aw-1p7kakr kEtdKx cEmitX yle__article__paragraph\">Korkia-Aho uskoo laulukilpailun kasvavan jatkossa.<\/p>\n<p class=\"aw-1gybjub aw-1p7kakr kEtdKx cEmitX yle__article__paragraph\">\u2013 Ensimm\u00e4inen vuosi on harjoitteluvuosi. Sen j\u00e4lkeen voi ruveta tekem\u00e4\u00e4n t\u00e4st\u00e4 oikein isoa. T\u00f6rke\u00e4n isoa ja komeata.<\/p>\n","protected":false},"excerpt":{"rendered":"Snellman-laulukilpailun tarkoituksena on tuoda piristyst\u00e4 talveen sek\u00e4 l\u00f6yt\u00e4\u00e4 uusia \u00e4\u00e4ni\u00e4 ja tulkitsijoita. Avaa kuvien katselu Snellman-laulukilpailu j\u00e4rjestet\u00e4\u00e4n Snellman-salissa&hellip;\n","protected":false},"author":2,"featured_media":136515,"comment_status":"","ping_status":"","sticky":false,"template":"","format":"standard","meta":{"footnotes":""},"categories":[130],"tags":[137,33,31,30,451,991,3146,5528,47,32,109],"class_list":{"0":"post-136514","1":"post","2":"type-post","3":"status-publish","4":"format-standard","5":"has-post-thumbnail","7":"category-viihde","8":"tag-entertainment","9":"tag-fi","10":"tag-finland","11":"tag-finnish","12":"tag-keski-pohjanmaa","13":"tag-kokkola","14":"tag-laulaminen","15":"tag-laulukilpailut","16":"tag-musiikki","17":"tag-suomi","18":"tag-viihde"},"share_on_mastodon":{"url":"https:\/\/pubeurope.com\/@fi\/115858173015590515","error":""},"_links":{"self":[{"href":"https:\/\/www.europesays.com\/fi\/wp-json\/wp\/v2\/posts\/136514","targetHints":{"allow":["GET"]}}],"collection":[{"href":"https:\/\/www.europesays.com\/fi\/wp-json\/wp\/v2\/posts"}],"about":[{"href":"https:\/\/www.europesays.com\/fi\/wp-json\/wp\/v2\/types\/post"}],"author":[{"embeddable":true,"href":"https:\/\/www.europesays.com\/fi\/wp-json\/wp\/v2\/users\/2"}],"replies":[{"embeddable":true,"href":"https:\/\/www.europesays.com\/fi\/wp-json\/wp\/v2\/comments?post=136514"}],"version-history":[{"count":0,"href":"https:\/\/www.europesays.com\/fi\/wp-json\/wp\/v2\/posts\/136514\/revisions"}],"wp:featuredmedia":[{"embeddable":true,"href":"https:\/\/www.europesays.com\/fi\/wp-json\/wp\/v2\/media\/136515"}],"wp:attachment":[{"href":"https:\/\/www.europesays.com\/fi\/wp-json\/wp\/v2\/media?parent=136514"}],"wp:term":[{"taxonomy":"category","embeddable":true,"href":"https:\/\/www.europesays.com\/fi\/wp-json\/wp\/v2\/categories?post=136514"},{"taxonomy":"post_tag","embeddable":true,"href":"https:\/\/www.europesays.com\/fi\/wp-json\/wp\/v2\/tags?post=136514"}],"curies":[{"name":"wp","href":"https:\/\/api.w.org\/{rel}","templated":true}]}}