{"id":136547,"date":"2026-01-08T07:25:11","date_gmt":"2026-01-08T07:25:11","guid":{"rendered":"https:\/\/www.europesays.com\/fi\/136547\/"},"modified":"2026-01-08T07:25:11","modified_gmt":"2026-01-08T07:25:11","slug":"ehkaisevan-mielenterveys-ja-paihdetyon-kevat-2026-kirkkonummella","status":"publish","type":"post","link":"https:\/\/www.europesays.com\/fi\/136547\/","title":{"rendered":"Ehk\u00e4isev\u00e4n mielenterveys- ja p\u00e4ihdety\u00f6n kev\u00e4t 2026 Kirkkonummella"},"content":{"rendered":"<p>Vuosi 2026 alkaa perinteisesti Tipattomalla tammikuulla. \u00a0Tipatonta l\u00e4hestyt\u00e4\u00e4n pilke silm\u00e4kulmassa teemalla\u00a0El\u00e4 enemm\u00e4n. Nelj\u00e4ss\u00e4 retrohenkisess\u00e4 julisteessa seikkailevat nelj\u00e4 hahmoa, jotka ovat rohkeasti oma, tipaton itsens\u00e4. Tipattoman juuret nivoutuvat sotavuosien j\u00e4lkeiseen aikaan,\u00a0 mutta vuosien saatossa siit\u00e4 on muodostunut vahva perinne, jota vietet\u00e4\u00e4n ymp\u00e4ri Suomea. Nykyp\u00e4iv\u00e4n Tipaton kannustaa miettim\u00e4\u00e4n omaa alkoholin k\u00e4ytt\u00f6\u00e4 ja sen syit\u00e4. Mit\u00e4 voisi olla alkoholin tilalla?<\/p>\n<p>Suomenkielisten 6. luokkalaisten p\u00e4ihdekasvatustunteja toteutetaan kev\u00e4\u00e4ll\u00e4 tammikuusta huhtikuuhun, niin ett\u00e4 kaikilla alakouluilla k\u00e4yd\u00e4\u00e4n lukuvuoden aikana.<\/p>\n<p>Toukokuussa Hakematta paras kampanja muistuttaa, ettei alkoholia tai muitakaan p\u00e4ihteit\u00e4 pid\u00e4 v\u00e4litt\u00e4\u00e4 alaik\u00e4isille. Kampanja sijoittuu l\u00e4helle koulujen ja oppilaitosten p\u00e4\u00e4tt\u00e4j\u00e4isi\u00e4.<\/p>\n<p>Yhteisty\u00f6t\u00e4 koulujen, j\u00e4rjest\u00f6jen, seurakuntien, kunnan ja hyvinvointialueen toimijoiden kanssa toteutetaan s\u00e4\u00e4nn\u00f6llisesti.<\/p>\n<p><strong>Lis\u00e4tietoja<\/strong><\/p>\n<p>Ehk\u00e4isev\u00e4n mielenterveys- ja p\u00e4ihdety\u00f6n ty\u00f6ntekij\u00e4 Katri Lahtinen<\/p>\n<p>etunimi.sukunimi(a)kirkkonummi.fi<\/p>\n<p>Kirkkonummen vapaa-aikapalvelut\/ nuoriso- ja liikuntapalvelut<\/p>\n","protected":false},"excerpt":{"rendered":"Vuosi 2026 alkaa perinteisesti Tipattomalla tammikuulla. \u00a0Tipatonta l\u00e4hestyt\u00e4\u00e4n pilke silm\u00e4kulmassa teemalla\u00a0El\u00e4 enemm\u00e4n. Nelj\u00e4ss\u00e4 retrohenkisess\u00e4 julisteessa seikkailevat nelj\u00e4 hahmoa,&hellip;\n","protected":false},"author":2,"featured_media":136548,"comment_status":"","ping_status":"","sticky":false,"template":"","format":"standard","meta":{"footnotes":""},"categories":[12],"tags":[22,23,26,27,33,31,30,17,24,25,28,29,15,18,21,32,19,20,16],"class_list":{"0":"post-136547","1":"post","2":"type-post","3":"status-publish","4":"format-standard","5":"has-post-thumbnail","7":"category-suomi","8":"tag-breaking-news","9":"tag-breakingnews","10":"tag-featured-news","11":"tag-featurednews","12":"tag-fi","13":"tag-finland","14":"tag-finnish","15":"tag-headlines","16":"tag-latest-news","17":"tag-latestnews","18":"tag-main-news","19":"tag-mainnews","20":"tag-news","21":"tag-otsikot","22":"tag-paauutiset","23":"tag-suomi","24":"tag-top-stories","25":"tag-topstories","26":"tag-uutiset"},"share_on_mastodon":{"url":"https:\/\/pubeurope.com\/@fi\/115858291179182386","error":""},"_links":{"self":[{"href":"https:\/\/www.europesays.com\/fi\/wp-json\/wp\/v2\/posts\/136547","targetHints":{"allow":["GET"]}}],"collection":[{"href":"https:\/\/www.europesays.com\/fi\/wp-json\/wp\/v2\/posts"}],"about":[{"href":"https:\/\/www.europesays.com\/fi\/wp-json\/wp\/v2\/types\/post"}],"author":[{"embeddable":true,"href":"https:\/\/www.europesays.com\/fi\/wp-json\/wp\/v2\/users\/2"}],"replies":[{"embeddable":true,"href":"https:\/\/www.europesays.com\/fi\/wp-json\/wp\/v2\/comments?post=136547"}],"version-history":[{"count":0,"href":"https:\/\/www.europesays.com\/fi\/wp-json\/wp\/v2\/posts\/136547\/revisions"}],"wp:featuredmedia":[{"embeddable":true,"href":"https:\/\/www.europesays.com\/fi\/wp-json\/wp\/v2\/media\/136548"}],"wp:attachment":[{"href":"https:\/\/www.europesays.com\/fi\/wp-json\/wp\/v2\/media?parent=136547"}],"wp:term":[{"taxonomy":"category","embeddable":true,"href":"https:\/\/www.europesays.com\/fi\/wp-json\/wp\/v2\/categories?post=136547"},{"taxonomy":"post_tag","embeddable":true,"href":"https:\/\/www.europesays.com\/fi\/wp-json\/wp\/v2\/tags?post=136547"}],"curies":[{"name":"wp","href":"https:\/\/api.w.org\/{rel}","templated":true}]}}