{"id":136564,"date":"2026-01-08T08:04:07","date_gmt":"2026-01-08T08:04:07","guid":{"rendered":"https:\/\/www.europesays.com\/fi\/136564\/"},"modified":"2026-01-08T08:04:07","modified_gmt":"2026-01-08T08:04:07","slug":"stranger-things-tahti-millie-bobby-brown-palaa-toiseen-tunnettuun-rooliinsa-tana-vuonna","status":"publish","type":"post","link":"https:\/\/www.europesays.com\/fi\/136564\/","title":{"rendered":"Stranger Things -t\u00e4hti Millie Bobby Brown palaa toiseen tunnettuun rooliinsa t\u00e4n\u00e4 vuonna"},"content":{"rendered":"<p>Kolmas Enola Holmes -elokuva n\u00e4hd\u00e4\u00e4n Netflixiss\u00e4 t\u00e4n\u00e4 vuonna.<\/p>\n<p>Netflix on julkaissut ensimm\u00e4isen kuvan kolmannesta Enola Holmes -elokuvasta, jonka p\u00e4\u00e4osassa n\u00e4hd\u00e4\u00e4n j\u00e4lleen <a href=\"https:\/\/muropaketti.com\/avainsana\/millie-bobby-brown\/\" rel=\"nofollow noopener\" target=\"_blank\">Millie Bobby Brown<\/a>. Suoratoistopalvelu <a href=\"https:\/\/www.netflix.com\/tudum\/articles\/enola-holmes-3-release-date-cast-news\" target=\"_blank\" rel=\"noreferrer noopener nofollow\">kertoo<\/a> leffan saavan ensi-iltansa t\u00e4m\u00e4n vuoden aikana.<\/p>\n<p>Ensimm\u00e4inen elokuva julkaistiin vuoden 2020 syyskuussa ja kakkososa marraskuussa 2022. Kolmonen n\u00e4ht\u00e4neen siis tulevana syksyn\u00e4. <\/p>\n<p>Brownin lis\u00e4ksi leffassa n\u00e4hd\u00e4\u00e4n muun muassa Louis Partridge, Himesh Patel, Henry Cavill, Helena Bonham Carter ja Sharon Duncan-Brewster.<\/p>\n<p>Kolmannesta Enola Holmes -elokuvasta vastaa Netflixin Adolescence-hitist\u00e4 tuttu kaksikko. Ohjaana toimii Philip Barantini ja k\u00e4sikirjoittajana kaksi ensimm\u00e4ist\u00e4kin elokuvaa rustannut Adolescence-k\u00e4sikirjoitttaja Jack Thorne.<\/p>\n<p>Leffan synopsis kertoo alkuper\u00e4iskielell\u00e4 seuraavaa:<\/p>\n<p>\u201dAdventure chases detective Enola Holmes to Malta, where personal and professional dreams collide in a case more tangled and treacherous than any she has faced before.\u201d<\/p>\n<blockquote class=\"instagram-media\" data-instgrm-captioned=\"\" data-instgrm-permalink=\"https:\/\/www.instagram.com\/p\/DTMLc46j_vp\/?utm_source=ig_embed&amp;utm_campaign=loading\" data-instgrm-version=\"14\" style=\" background:#FFF; border:0; border-radius:3px; box-shadow:0 0 1px 0 rgba(0,0,0,0.5),0 1px 10px 0 rgba(0,0,0,0.15); margin: 1px; max-width:540px; min-width:326px; padding:0; width:99.375%; width:-webkit-calc(100% - 2px); width:calc(100% - 2px);\"\/>\n<p>Ensimm\u00e4inen Enola Holmes -elokuva sai\u00a0<a href=\"https:\/\/muropaketti.com\/elokuvat\/elokuva-arvostelut\/enola-holmes-netflix-elokuva\/\" target=\"_blank\" rel=\"noreferrer noopener nofollow\">Muropaketin arvostelussa<\/a>\u00a03,5 t\u00e4hte\u00e4 ja kakkososa kolme t\u00e4hte\u00e4 viidest\u00e4:<\/p>\n<p><script async src=\"\/\/www.instagram.com\/embed.js\"><\/script><\/p>\n","protected":false},"excerpt":{"rendered":"Kolmas Enola Holmes -elokuva n\u00e4hd\u00e4\u00e4n Netflixiss\u00e4 t\u00e4n\u00e4 vuonna. Netflix on julkaissut ensimm\u00e4isen kuvan kolmannesta Enola Holmes -elokuvasta, jonka&hellip;\n","protected":false},"author":2,"featured_media":136565,"comment_status":"","ping_status":"","sticky":false,"template":"","format":"standard","meta":{"footnotes":""},"categories":[136],"tags":[407,23818,137,33,31,30,408,5598,217,7817,32,109],"class_list":{"0":"post-136564","1":"post","2":"type-post","3":"status-publish","4":"format-standard","5":"has-post-thumbnail","7":"category-julkkikset","8":"tag-celebrities","9":"tag-enola-holmes","10":"tag-entertainment","11":"tag-fi","12":"tag-finland","13":"tag-finnish","14":"tag-julkkikset","15":"tag-millie-bobby-brown","16":"tag-netflix","17":"tag-netflix-elokuvat","18":"tag-suomi","19":"tag-viihde"},"share_on_mastodon":{"url":"https:\/\/pubeurope.com\/@fi\/115858444306819688","error":""},"_links":{"self":[{"href":"https:\/\/www.europesays.com\/fi\/wp-json\/wp\/v2\/posts\/136564","targetHints":{"allow":["GET"]}}],"collection":[{"href":"https:\/\/www.europesays.com\/fi\/wp-json\/wp\/v2\/posts"}],"about":[{"href":"https:\/\/www.europesays.com\/fi\/wp-json\/wp\/v2\/types\/post"}],"author":[{"embeddable":true,"href":"https:\/\/www.europesays.com\/fi\/wp-json\/wp\/v2\/users\/2"}],"replies":[{"embeddable":true,"href":"https:\/\/www.europesays.com\/fi\/wp-json\/wp\/v2\/comments?post=136564"}],"version-history":[{"count":0,"href":"https:\/\/www.europesays.com\/fi\/wp-json\/wp\/v2\/posts\/136564\/revisions"}],"wp:featuredmedia":[{"embeddable":true,"href":"https:\/\/www.europesays.com\/fi\/wp-json\/wp\/v2\/media\/136565"}],"wp:attachment":[{"href":"https:\/\/www.europesays.com\/fi\/wp-json\/wp\/v2\/media?parent=136564"}],"wp:term":[{"taxonomy":"category","embeddable":true,"href":"https:\/\/www.europesays.com\/fi\/wp-json\/wp\/v2\/categories?post=136564"},{"taxonomy":"post_tag","embeddable":true,"href":"https:\/\/www.europesays.com\/fi\/wp-json\/wp\/v2\/tags?post=136564"}],"curies":[{"name":"wp","href":"https:\/\/api.w.org\/{rel}","templated":true}]}}