{"id":136585,"date":"2026-01-08T08:30:08","date_gmt":"2026-01-08T08:30:08","guid":{"rendered":"https:\/\/www.europesays.com\/fi\/136585\/"},"modified":"2026-01-08T08:30:08","modified_gmt":"2026-01-08T08:30:08","slug":"ernest-lawson-vietti-haapaivaa-harvinainen-yhteiskuva","status":"publish","type":"post","link":"https:\/\/www.europesays.com\/fi\/136585\/","title":{"rendered":"Ernest Lawson vietti h\u00e4\u00e4p\u00e4iv\u00e4\u00e4 \u2013 harvinainen yhteiskuva"},"content":{"rendered":"<p>\n            20250807, Helsinki. Tanssii t\u00e4htien kanssa vuoden 2025 pressi. Kuvassa Ernest Lawson.<br \/>\n            Timo Korhonen\n        <\/p>\n<p class=\"subtitle \">Suosikkijuontaja on ollut naimisissa jo 10 vuoden ajan.<\/p>\n<p class=\"article-content article-content-width !bg-background\">Tanssii t\u00e4htien kanssa -suosikkiohjelmaa juontava , 37, on ollut puolisonsa kanssa yhdess\u00e4 jo yli 14 vuotta.<\/p>\n<p class=\"font-weight-bold m-font-weight-bold article-content article-content-width !bg-background\">Katso video \u2013 Ernest kommentoi Vapun l\u00e4ht\u00f6\u00e4 TTK:sta:<\/p>\n<p>        <a itemprop=\"url\" href=\"https:\/\/www.seiska.fi\/kotimaa\/ernest-lawsonilla-koskettava-hetki-ttk-kulisseissa\/2002173\" rel=\"nofollow noopener\" target=\"_blank\"><\/p>\n<p>\nT\u00e4t\u00e4 ei n\u00e4hty tv:ss\u00e4\n<\/p>\n<p class=\"section-date\">\n        <strong class=\"article-section\" data-section=\"kotimaa\"><br \/>\n            kotimaa<br \/>\n        <\/strong><br \/>\n        25.11.2025 16:00\n    <\/p>\n<p>Ernest Lawsonilla koskettava hetki TTK-kulisseissa\n    <\/p>\n<p itemprop=\"description\" class=\"subtitle \">\n    Ernest Lawson varasti show\u2019n, vaikka tv-katsojat eiv\u00e4t sit\u00e4 n\u00e4hneetk\u00e4\u00e4n.\n<\/p>\n<p>        <\/a><\/p>\n<p>N\u00e4ytt\u00e4v\u00e4 pari<\/p>\n<p class=\"article-content article-content-width !bg-background\">Humoristista, perhearkeen painottuvaa sis\u00e4lt\u00f6\u00e4 l\u00e4hes 97 000 Instagram-seuraajalleen jakavan Ernestin somesis\u00e4ll\u00f6iss\u00e4 puoliso  vilahtelee kuitenkin harvakseltaan.<\/p>\n<p class=\"article-content article-content-width !bg-background\">Pariskunnalla on kolme lasta. Perheen esikoinen syntyi vuonna 2017, toinen lapsi vuonna 2020 ja kuopus marraskuussa 2024.<\/p>\n<p class=\"article-content article-content-width !bg-background\">Vuonna 2011 toisensa l\u00f6yt\u00e4neet Ernest ja Nelli viettiv\u00e4t uudenvuodenaattona 10-vuotish\u00e4\u00e4p\u00e4iv\u00e4\u00e4ns\u00e4. Kaksikko j\u00e4rjesti merkkip\u00e4iv\u00e4ns\u00e4 kunniaksi hulppeat juhlat, joista Ernest jakoi upean ja harvinaisen yhteiskuvan pariskunnasta.<\/p>\n<p>        <a itemprop=\"url\" href=\"https:\/\/www.seiska.fi\/kotimaa\/ernest-lawson-uusi-aluevaltaus\/2007925\" rel=\"nofollow noopener\" target=\"_blank\"><\/p>\n<p>\nErnest Lawson:\n<\/p>\n<p class=\"section-date\">\n        <strong class=\"article-section\" data-section=\"kotimaa\"><br \/>\n            kotimaa<br \/>\n        <\/strong><br \/>\n        1.12.2025 12:03\n    <\/p>\n<p>Ernest Lawson \u2013 uusi aluevaltaus\n    <\/p>\n<p itemprop=\"description\" class=\"subtitle \">\n    Ernest Lawson on rakkauden asialla.\n<\/p>\n<p>        <\/a><\/p>\n<p class=\"article-content article-content-width !bg-background\">\u2013 Tasan viikko sitten, uuden vuoden aattona, juhlittiin meid\u00e4n 10-vuotish\u00e4\u00e4p\u00e4iv\u00e4\u00e4. J\u00e4rk\u00e4ttiin merkkip\u00e4iv\u00e4n kunniaksi yst\u00e4villemme rakkauden juhlat, ja huh mitk\u00e4 juhlat ne olikaan! Naurettiin, itkettiin (vain m\u00e4) ja tanssittiin pitk\u00e4lle y\u00f6h\u00f6n, Ernest hehkuttaa.<\/p>\n<p>                <img decoding=\"async\" src=\"https:\/\/www.europesays.com\/fi\/wp-content\/uploads\/2026\/01\/1916703.webp.jpeg\" width=\"576\" height=\"720\" alt=\"Vappu ja Ernest Tanssii t\u00e4htien kanssa vuoden 2025 lehdist\u00f6tilaisuudesssa.\" loading=\"lazy\" \/>            <\/p>\n<p>\n            Vappu ja Ernest Tanssii t\u00e4htien kanssa vuoden 2025 lehdist\u00f6tilaisuudesssa.<br \/>\n            Timo Korhonen\n        <\/p>\n<p>&#8221;Kaikkien aikojen bileet&#8221;<\/p>\n<p class=\"article-content article-content-width !bg-background\">Ernest ja Nelli poseeraavat otoksessa kimaltavan kuvaussein\u00e4n edess\u00e4, valkoisten ja hopeisten ilmapallojen ymp\u00e4r\u00f6imin\u00e4.\u00a0<\/p>\n<p class=\"article-content article-content-width !bg-background\">Vaaleakutrisen Nellin hiukset on muotoiltu Hollywood-tyylisille, loiville kiharoille. Kaunottarella on yll\u00e4\u00e4n musta mekko, jossa on kimaltava yl\u00e4osa sek\u00e4 muhkea, laahuksellinen helma. Ernestill\u00e4 puolestaan on mustat housut, musta kauluspaita ja valkoinen takki.<\/p>\n<p class=\"article-content article-content-width !bg-background\">Suosikkijuontaja kertoo er\u00e4\u00e4n vieraan kutsuneen juhlia jopa \u201dkaikkien aikojen bileiksi\u201d. Ernest kiitt\u00e4\u00e4 julkaisussa vieraita ja toteaa, ett\u00e4 seuraavat juhlat j\u00e4rjestet\u00e4\u00e4n kymmenen vuoden p\u00e4\u00e4st\u00e4.<\/p>\n<p class=\"article-content article-content-width !bg-background\">\u2013 Ja kiitos vaimolle el\u00e4m\u00e4st\u00e4 juhlien v\u00e4liss\u00e4.<\/p>\n<p>        <a itemprop=\"url\" href=\"https:\/\/www.seiska.fi\/kotimaa\/vappu-pimia-jatti-ttkn-paljonkertova-paljastus-bileista\/2001446\" rel=\"nofollow noopener\" target=\"_blank\"><\/p>\n<p>\nVappu j\u00e4tti TTK:n\n<\/p>\n<p class=\"section-date\">\n        <strong class=\"article-section\" data-section=\"kotimaa\"><br \/>\n            kotimaa<br \/>\n        <\/strong><br \/>\n        24.11.2025 07:30\n    <\/p>\n<p>Vappu Pimi\u00e4 j\u00e4tti TTK:n \u2013 paljonkertova paljastus bileist\u00e4\n    <\/p>\n<p itemprop=\"description\" class=\"subtitle \">\n    Vappu juhli TTK-p\u00e4\u00e4t\u00f6st\u00e4 y\u00f6my\u00f6h\u00e4\u00e4n.\n<\/p>\n<p>        <\/a><\/p>\n<p class=\"article-content article-content-width !bg-background\">Ernest aloitti Tanssii t\u00e4htien kanssa -ohjelman juontajana  rinnalla vuonna 2022. Vappu on puolestaan n\u00e4hty ohjelman juontajana jo 14. kertaa, mutta h\u00e4n ilmoitti syksyll\u00e4 j\u00e4tt\u00e4v\u00e4ns\u00e4 ohjelman.<\/p>\n<p class=\"article-content article-content-width !bg-background\"><a href=\"https:\/\/www.instagram.com\/p\/DTNrCzODPBL\/\" target=\"_blank\" rel=\"nofollow noopener\">Jos julkaisu ei n\u00e4y, voit katsoa sen my\u00f6s t\u00e4\u00e4lt\u00e4.<\/a><\/p>\n<p><script async src=\"\/\/www.instagram.com\/embed.js\"><\/script><\/p>\n","protected":false},"excerpt":{"rendered":"20250807, Helsinki. Tanssii t\u00e4htien kanssa vuoden 2025 pressi. Kuvassa Ernest Lawson. Timo Korhonen Suosikkijuontaja on ollut naimisissa jo&hellip;\n","protected":false},"author":2,"featured_media":136586,"comment_status":"","ping_status":"","sticky":false,"template":"","format":"standard","meta":{"footnotes":""},"categories":[136],"tags":[407,137,1893,33,31,30,4718,408,6048,10699,23819,651,32,903,3099,1896,109],"class_list":{"0":"post-136585","1":"post","2":"type-post","3":"status-publish","4":"format-standard","5":"has-post-thumbnail","7":"category-julkkikset","8":"tag-celebrities","9":"tag-entertainment","10":"tag-ernest-lawson","11":"tag-fi","12":"tag-finland","13":"tag-finnish","14":"tag-haapaiva","15":"tag-julkkikset","16":"tag-juontaja","17":"tag-merkkipaiva","18":"tag-nelli","19":"tag-suhteet","20":"tag-suomi","21":"tag-tanssii-tahtien-kanssa","22":"tag-ttk","23":"tag-vappu-pimia","24":"tag-viihde"},"share_on_mastodon":{"url":"https:\/\/pubeurope.com\/@fi\/115858546637865244","error":""},"_links":{"self":[{"href":"https:\/\/www.europesays.com\/fi\/wp-json\/wp\/v2\/posts\/136585","targetHints":{"allow":["GET"]}}],"collection":[{"href":"https:\/\/www.europesays.com\/fi\/wp-json\/wp\/v2\/posts"}],"about":[{"href":"https:\/\/www.europesays.com\/fi\/wp-json\/wp\/v2\/types\/post"}],"author":[{"embeddable":true,"href":"https:\/\/www.europesays.com\/fi\/wp-json\/wp\/v2\/users\/2"}],"replies":[{"embeddable":true,"href":"https:\/\/www.europesays.com\/fi\/wp-json\/wp\/v2\/comments?post=136585"}],"version-history":[{"count":0,"href":"https:\/\/www.europesays.com\/fi\/wp-json\/wp\/v2\/posts\/136585\/revisions"}],"wp:featuredmedia":[{"embeddable":true,"href":"https:\/\/www.europesays.com\/fi\/wp-json\/wp\/v2\/media\/136586"}],"wp:attachment":[{"href":"https:\/\/www.europesays.com\/fi\/wp-json\/wp\/v2\/media?parent=136585"}],"wp:term":[{"taxonomy":"category","embeddable":true,"href":"https:\/\/www.europesays.com\/fi\/wp-json\/wp\/v2\/categories?post=136585"},{"taxonomy":"post_tag","embeddable":true,"href":"https:\/\/www.europesays.com\/fi\/wp-json\/wp\/v2\/tags?post=136585"}],"curies":[{"name":"wp","href":"https:\/\/api.w.org\/{rel}","templated":true}]}}