{"id":136592,"date":"2026-01-08T08:37:07","date_gmt":"2026-01-08T08:37:07","guid":{"rendered":"https:\/\/www.europesays.com\/fi\/136592\/"},"modified":"2026-01-08T08:37:07","modified_gmt":"2026-01-08T08:37:07","slug":"tuntui-etta-haluan-takaisin-adam-larssonille-paluu-ifk-mariehamniin-oli-helppo-paatos-uutiset","status":"publish","type":"post","link":"https:\/\/www.europesays.com\/fi\/136592\/","title":{"rendered":"\u200b&#8221;Tuntui ett\u00e4 haluan takaisin&#8221; \u2013 Adam Larssonille paluu IFK Mariehamniin oli helppo p\u00e4\u00e4t\u00f6s | Uutiset"},"content":{"rendered":"<p>Larsson suuntasi kauden 2024 j\u00e4lkeen Ahvenanmaalta USA:han ja Monterey Bayn riveihin. Otteluita on kuitenkaan kertynyt kuin muutama loukkaantumisen takia ja lopulta Larsson suuntasi loppuvuodeksi Hvidovreen, Tanskaan.<\/p>\n<p>Tanskassa ollessaan Larsson sai yhteydenoton IFK Mariehamnilta ja asiat alkoivat edet\u00e4 nopeasi.<\/p>\n<p>&#8211; Haluan pelata sellaisessa paikassa, jossa voin erinomaisesti sek\u00e4 kent\u00e4ll\u00e4 ett\u00e4 sen ulkopuolella \u2013 ja t\u00e4\u00e4ll\u00e4 oli niin, Larsson sanoo <a href=\"https:\/\/www.alandstidningen.ax\/sport\/adam-larsson-jag-aelskar-att-goera-mal\/1104983\" target=\"_blank\" rel=\"nofollow noopener\"><strong>\u00c5landstidningenille<\/strong><\/a>.<\/p>\n<p>&#8211; Tuntui todella silt\u00e4, ett\u00e4 haluan takaisin Ahvenanmaalle. Tunsin itseni t\u00e4\u00e4ll\u00e4 eritt\u00e4in pidetyksi ja se varmasti n\u00e4kyi my\u00f6s kent\u00e4ll\u00e4.<\/p>\n<p>Larsson uskoo tuovansa Gr\u00f6nvitttin riveihin nyt viel\u00e4 astetta paremman version itsest\u00e4\u00e4n.<\/p>\n<p>&#8211; No, olen vuoden vanhempi ja v\u00e4h\u00e4n viisaampi. Olen my\u00f6s saanut hiukan kokemusta toiselta mantereelta, Larsson toteaa.<\/p>\n<p>Veikkausliigassa my\u00f6s Ilvest\u00e4 edustanut 26-vuotias Larsson oli kaudella 2024 IFK Mariehamnin paras maalintekij\u00e4 11 osumallaan.<\/p>\n","protected":false},"excerpt":{"rendered":"Larsson suuntasi kauden 2024 j\u00e4lkeen Ahvenanmaalta USA:han ja Monterey Bayn riveihin. Otteluita on kuitenkaan kertynyt kuin muutama loukkaantumisen&hellip;\n","protected":false},"author":2,"featured_media":136593,"comment_status":"","ping_status":"","sticky":false,"template":"","format":"standard","meta":{"footnotes":""},"categories":[158],"tags":[33,31,30,159,32,160],"class_list":{"0":"post-136592","1":"post","2":"type-post","3":"status-publish","4":"format-standard","5":"has-post-thumbnail","7":"category-urheilu","8":"tag-fi","9":"tag-finland","10":"tag-finnish","11":"tag-sports","12":"tag-suomi","13":"tag-urheilu"},"share_on_mastodon":{"url":"https:\/\/pubeurope.com\/@fi\/115858574194019267","error":""},"_links":{"self":[{"href":"https:\/\/www.europesays.com\/fi\/wp-json\/wp\/v2\/posts\/136592","targetHints":{"allow":["GET"]}}],"collection":[{"href":"https:\/\/www.europesays.com\/fi\/wp-json\/wp\/v2\/posts"}],"about":[{"href":"https:\/\/www.europesays.com\/fi\/wp-json\/wp\/v2\/types\/post"}],"author":[{"embeddable":true,"href":"https:\/\/www.europesays.com\/fi\/wp-json\/wp\/v2\/users\/2"}],"replies":[{"embeddable":true,"href":"https:\/\/www.europesays.com\/fi\/wp-json\/wp\/v2\/comments?post=136592"}],"version-history":[{"count":0,"href":"https:\/\/www.europesays.com\/fi\/wp-json\/wp\/v2\/posts\/136592\/revisions"}],"wp:featuredmedia":[{"embeddable":true,"href":"https:\/\/www.europesays.com\/fi\/wp-json\/wp\/v2\/media\/136593"}],"wp:attachment":[{"href":"https:\/\/www.europesays.com\/fi\/wp-json\/wp\/v2\/media?parent=136592"}],"wp:term":[{"taxonomy":"category","embeddable":true,"href":"https:\/\/www.europesays.com\/fi\/wp-json\/wp\/v2\/categories?post=136592"},{"taxonomy":"post_tag","embeddable":true,"href":"https:\/\/www.europesays.com\/fi\/wp-json\/wp\/v2\/tags?post=136592"}],"curies":[{"name":"wp","href":"https:\/\/api.w.org\/{rel}","templated":true}]}}