{"id":136611,"date":"2026-01-08T09:04:10","date_gmt":"2026-01-08T09:04:10","guid":{"rendered":"https:\/\/www.europesays.com\/fi\/136611\/"},"modified":"2026-01-08T09:04:10","modified_gmt":"2026-01-08T09:04:10","slug":"pohjoismainen-design-rakkaustarina-herattaa-arkistojen-ilmiot-henkiin","status":"publish","type":"post","link":"https:\/\/www.europesays.com\/fi\/136611\/","title":{"rendered":"Pohjoismainen design, rakkaustarina her\u00e4tt\u00e4\u00e4 arkistojen ilmi\u00f6t henkiin"},"content":{"rendered":"<p>\n  Kamera hivelee uusia muotoja menneisyydest\u00e4 sarjassa Pohjoismainen design, rakkaustarina.<\/p>\n<p>\n            Teksti:          <\/p>\n<p>\n            Tero Kartastenp\u00e4\u00e4          <\/p>\n<p>Pohjoismainen design, rakkaustarina -sarja antaa jykev\u00e4n k\u00e4sityksen hyvinvointivaltioiden satavuotisesta muotoilusta. Havainnollistetaan hienosti, miten sairaudet, k\u00f6yhyys ja sota vaikuttivat suunnitteluun. Syntyi perinne, jota vastaan nuoret muotoilijat ovat kapinoineet.<\/p>\n<p>Pohjoismaiden yleisradioiden yhteis\u00adsarja taputtelee kaikkien selk\u00e4\u00e4. Jos 1950-luvun tuoleissa Suomi j\u00e4\u00e4 v\u00e4h\u00e4n varjoon, my\u00f6hemmin Futurot ja Unikot saavat ylistyksens\u00e4. Ikilupsakka <strong>Eero Aarnio<\/strong> intoilee edelleen Pallotuolistaan. Todistetaan, ett\u00e4 muotoilu on hullaannuttanut my\u00f6s muualla. Mainitaan tarkasti kaikki kerrat, kun skandikamaa on n\u00e4hty amerikkalaisten julkisuudessa.<\/p>\n<p>Ranskalaisker\u00e4ilij\u00e4lle pohjoismaisuus on n\u00f6yryytt\u00e4, mutta selv\u00e4sti vaatimattomuus sopii my\u00f6s rikkaille. My\u00f6s japanilainen tuoliker\u00e4ilij\u00e4 ja belgialainen muovifani hehkuttavat tyyriit\u00e4 klassikkoja.<\/p>\n<p>Sulava sarja her\u00e4tt\u00e4\u00e4 arkistojen ilmi\u00f6t henkiin tekij\u00f6iden ja j\u00e4lkel\u00e4isten tarinoilla. Vaikka aihe vaihtelee, tunnelma pysyy tyynen\u00e4. Sellaista on hyv\u00e4 el\u00e4m\u00e4 \u00adpohjoisessa.\u00a0<\/p>\n<p>Pohjoismainen design, rakkaustarina,\u00a0 torstai 8.1. klo 21.05, <a href=\"https:\/\/areena.yle.fi\/1-73845357\" rel=\"nofollow noopener\" target=\"_blank\">Teema &amp; Fem\u2009<\/a><\/p>\n<p><a href=\"https:\/\/seura.fi\/tv\/sarpaneva-ja-muodon-taju-dokumenttisarja-kertoo-varikaasta-elamasta-ja-klassikoksi-muodostuneista-design-esineista\/\" rel=\"nofollow noopener\" target=\"_blank\">Lue my\u00f6s: Sarpaneva ja muodon taju -dokumenttisarja kertoo v\u00e4rik\u00e4\u00e4st\u00e4 el\u00e4m\u00e4st\u00e4 ja klassikoksi muodostuneista design-esineist\u00e4<br \/><\/a><\/p>\n","protected":false},"excerpt":{"rendered":"Kamera hivelee uusia muotoja menneisyydest\u00e4 sarjassa Pohjoismainen design, rakkaustarina. Teksti: Tero Kartastenp\u00e4\u00e4 Pohjoismainen design, rakkaustarina -sarja antaa jykev\u00e4n&hellip;\n","protected":false},"author":2,"featured_media":136612,"comment_status":"","ping_status":"","sticky":false,"template":"","format":"standard","meta":{"footnotes":""},"categories":[130],"tags":[390,137,33,31,30,10567,1399,32,109],"class_list":{"0":"post-136611","1":"post","2":"type-post","3":"status-publish","4":"format-standard","5":"has-post-thumbnail","7":"category-viihde","8":"tag-design","9":"tag-entertainment","10":"tag-fi","11":"tag-finland","12":"tag-finnish","13":"tag-muotoilu","14":"tag-pohjoismaat","15":"tag-suomi","16":"tag-viihde"},"share_on_mastodon":{"url":"https:\/\/pubeurope.com\/@fi\/115858680239131990","error":""},"_links":{"self":[{"href":"https:\/\/www.europesays.com\/fi\/wp-json\/wp\/v2\/posts\/136611","targetHints":{"allow":["GET"]}}],"collection":[{"href":"https:\/\/www.europesays.com\/fi\/wp-json\/wp\/v2\/posts"}],"about":[{"href":"https:\/\/www.europesays.com\/fi\/wp-json\/wp\/v2\/types\/post"}],"author":[{"embeddable":true,"href":"https:\/\/www.europesays.com\/fi\/wp-json\/wp\/v2\/users\/2"}],"replies":[{"embeddable":true,"href":"https:\/\/www.europesays.com\/fi\/wp-json\/wp\/v2\/comments?post=136611"}],"version-history":[{"count":0,"href":"https:\/\/www.europesays.com\/fi\/wp-json\/wp\/v2\/posts\/136611\/revisions"}],"wp:featuredmedia":[{"embeddable":true,"href":"https:\/\/www.europesays.com\/fi\/wp-json\/wp\/v2\/media\/136612"}],"wp:attachment":[{"href":"https:\/\/www.europesays.com\/fi\/wp-json\/wp\/v2\/media?parent=136611"}],"wp:term":[{"taxonomy":"category","embeddable":true,"href":"https:\/\/www.europesays.com\/fi\/wp-json\/wp\/v2\/categories?post=136611"},{"taxonomy":"post_tag","embeddable":true,"href":"https:\/\/www.europesays.com\/fi\/wp-json\/wp\/v2\/tags?post=136611"}],"curies":[{"name":"wp","href":"https:\/\/api.w.org\/{rel}","templated":true}]}}