{"id":136619,"date":"2026-01-08T09:10:08","date_gmt":"2026-01-08T09:10:08","guid":{"rendered":"https:\/\/www.europesays.com\/fi\/136619\/"},"modified":"2026-01-08T09:10:08","modified_gmt":"2026-01-08T09:10:08","slug":"ralssin-maan-ja-lumenvastaanottoalueella-suoritetaan-rajaytys-ja-murskaustoita","status":"publish","type":"post","link":"https:\/\/www.europesays.com\/fi\/136619\/","title":{"rendered":"R\u00e4lssin maan- ja lumenvastaanottoalueella suoritetaan r\u00e4j\u00e4ytys- ja murskaust\u00f6it\u00e4"},"content":{"rendered":"<p>\n                                    R\u00e4lssin maan- ja lumenvastaanottoalueen (Helsingintie 488) r\u00e4j\u00e4ytys- ja murskausty\u00f6t alkavat tammikuussa viikolla 2 ja jatkuvat huhtikuun loppuun asti.\n                                <\/p>\n<p>R\u00e4j\u00e4ytykset sijoittuvat arkip\u00e4iviin klo 9\u201316 v\u00e4lille. Murskausty\u00f6t tehd\u00e4\u00e4n arkip\u00e4ivin\u00e4 ma\u2013to klo 7\u201320 ja pe klo 7\u201318.<\/p>\n<p>Erkkiheikkil\u00e4 Oy\u00a0toimittaa tiedon Jokimaan asukasyhdistykselle ja jakaa l\u00e4hiasukkaiden postilaatikkoihin tiedotteen.<\/p>\n<p>Pahoittelemme ty\u00f6st\u00e4 mahdollisesti aiheutuvaa haittaa.<\/p>\n<p>Lis\u00e4tiedot<\/p>\n<p>ty\u00f6p\u00e4\u00e4llikk\u00f6 Pekka M\u00e4kitalo, Erkkiheikkil\u00e4 Oy, p. 050 464 4577<\/p>\n","protected":false},"excerpt":{"rendered":"R\u00e4lssin maan- ja lumenvastaanottoalueen (Helsingintie 488) r\u00e4j\u00e4ytys- ja murskausty\u00f6t alkavat tammikuussa viikolla 2 ja jatkuvat huhtikuun loppuun asti.&hellip;\n","protected":false},"author":2,"featured_media":49223,"comment_status":"","ping_status":"","sticky":false,"template":"","format":"standard","meta":{"footnotes":""},"categories":[5],"tags":[22,23,26,27,33,31,30,17,24,25,28,29,15,18,21,32,19,20,16],"class_list":{"0":"post-136619","1":"post","2":"type-post","3":"status-publish","4":"format-standard","5":"has-post-thumbnail","7":"category-otsikot","8":"tag-breaking-news","9":"tag-breakingnews","10":"tag-featured-news","11":"tag-featurednews","12":"tag-fi","13":"tag-finland","14":"tag-finnish","15":"tag-headlines","16":"tag-latest-news","17":"tag-latestnews","18":"tag-main-news","19":"tag-mainnews","20":"tag-news","21":"tag-otsikot","22":"tag-paauutiset","23":"tag-suomi","24":"tag-top-stories","25":"tag-topstories","26":"tag-uutiset"},"share_on_mastodon":{"url":"https:\/\/pubeurope.com\/@fi\/115858703802493709","error":""},"_links":{"self":[{"href":"https:\/\/www.europesays.com\/fi\/wp-json\/wp\/v2\/posts\/136619","targetHints":{"allow":["GET"]}}],"collection":[{"href":"https:\/\/www.europesays.com\/fi\/wp-json\/wp\/v2\/posts"}],"about":[{"href":"https:\/\/www.europesays.com\/fi\/wp-json\/wp\/v2\/types\/post"}],"author":[{"embeddable":true,"href":"https:\/\/www.europesays.com\/fi\/wp-json\/wp\/v2\/users\/2"}],"replies":[{"embeddable":true,"href":"https:\/\/www.europesays.com\/fi\/wp-json\/wp\/v2\/comments?post=136619"}],"version-history":[{"count":0,"href":"https:\/\/www.europesays.com\/fi\/wp-json\/wp\/v2\/posts\/136619\/revisions"}],"wp:featuredmedia":[{"embeddable":true,"href":"https:\/\/www.europesays.com\/fi\/wp-json\/wp\/v2\/media\/49223"}],"wp:attachment":[{"href":"https:\/\/www.europesays.com\/fi\/wp-json\/wp\/v2\/media?parent=136619"}],"wp:term":[{"taxonomy":"category","embeddable":true,"href":"https:\/\/www.europesays.com\/fi\/wp-json\/wp\/v2\/categories?post=136619"},{"taxonomy":"post_tag","embeddable":true,"href":"https:\/\/www.europesays.com\/fi\/wp-json\/wp\/v2\/tags?post=136619"}],"curies":[{"name":"wp","href":"https:\/\/api.w.org\/{rel}","templated":true}]}}