{"id":136622,"date":"2026-01-08T09:29:09","date_gmt":"2026-01-08T09:29:09","guid":{"rendered":"https:\/\/www.europesays.com\/fi\/136622\/"},"modified":"2026-01-08T09:29:09","modified_gmt":"2026-01-08T09:29:09","slug":"teemu-pulkkinen-rasismikohun-keskella-seura-latasi-suorat-sanat","status":"publish","type":"post","link":"https:\/\/www.europesays.com\/fi\/136622\/","title":{"rendered":"Teemu Pulkkinen rasismikohun keskell\u00e4 \u2013 Seura latasi suorat sanat"},"content":{"rendered":"<p>Suomalaishy\u00f6kk\u00e4\u00e4j\u00e4 kiist\u00e4\u00e4 syyt\u00f6kset.<\/p>\n<p><img decoding=\"async\" class=\"image image-show image-preview\" src=\"https:\/\/www.europesays.com\/fi\/wp-content\/uploads\/2026\/01\/e15c1f2010a858a7000206aef6edeca7b390a7dc6ad43de7bc8a4b9ec6e01bbe.jpg\" alt=\"\"\/><img decoding=\"async\" class=\"image image-show\" src=\"https:\/\/www.europesays.com\/fi\/wp-content\/uploads\/2026\/01\/1767864548_336_e15c1f2010a858a7000206aef6edeca7b390a7dc6ad43de7bc8a4b9ec6e01bbe.jpg\" alt=\"\"\/><\/p>\n<p>Teemu Pulkkinen on j\u00e4lleen kohun keskell\u00e4. Atte Kajova<\/p>\n<p class=\"paragraph\">Saksan toiseksi korkeimmalla sarjatasolla Strabulls Rosenheimin paidassa pelaava <strong>Teemu Pulkkinen<\/strong>, 34, on joutunut rasismikohun keskelle.<\/p>\n<p class=\"paragraph\">Saksalaisen <a href=\"https:\/\/www.ovb-online.de\/sport\/regionalsport\/starbulls-rosenheim\/starbulls-rosenheim-verein-aeussert-sich-zu-rassismus-vorwurf-94112745.html\" target=\"_blank\" rel=\"noopener nofollow\">OVB Online -sivuston<\/a> mukaan D\u00fcsseldorfin <strong>Yushiroh Hirano<\/strong> potkaisi<strong> <\/strong>Pulkkista luistimella viime sunnuntaina pelatussa ottelussa. Japanilainen sai ulosajon t\u00f6rkytempustaan. OVB Online -sivuston mukaan pelin j\u00e4lkeen nousi esiin v\u00e4itteit\u00e4, joiden mukaan Pulkkinen olisi solvannut Hiranoa rasistisesti.<\/p>\n<p class=\"paragraph\">Starbulls julkaisi keskiviikkona <a href=\"https:\/\/www.starbulls.de\/de\/statement-des-starbulls-rosenheim-e-v\/\" target=\"_blank\" rel=\"noopener nofollow\">tiedotteen<\/a>, jossa seura kertoo ottavansa syyt\u00f6kset eritt\u00e4in vakavasti, mutta samalla se my\u00f6s kiist\u00e4\u00e4 ne jyrk\u00e4sti.<\/p>\n<p class=\"paragraph\">\u2013 T\u00e4m\u00e4n hetken tiedoilla syyt\u00f6ksille ei ole mit\u00e4\u00e4n perusteluja, Starbulls kirjoittaa.<\/p>\n<p class=\"paragraph\">Seuran mukaan Pulkkinen on kertonut liigalle oman n\u00e4kemyksens\u00e4 tilanteesta. H\u00e4n on kiist\u00e4nyt kaikki rasismisyyt\u00f6kset. Starbullsin mukaan Liiga ei ole my\u00f6sk\u00e4\u00e4n miss\u00e4\u00e4n vaiheessa syytt\u00e4nyt Pulkkista rasismista. Siksi seuran mukaan on v\u00e4\u00e4rin, ett\u00e4 suomalaishy\u00f6kk\u00e4\u00e4j\u00e4\u00e4 on jo arvosteltu julkisesti useissa eri tiedotusv\u00e4lineiss\u00e4.<\/p>\n<p class=\"paragraph\">\u2013 Kaikki t\u00e4m\u00e4 tapahtui ennen kuin kattava ja asiallinen selvitys kaikkien osapuolten v\u00e4lill\u00e4 oli tehty. T\u00e4llainen julkinen ennakkotuomio on ristiriidassa reilun pelin ja urheiluhengen periaatteiden kanssa, Starbulls toteaa tiedotteessaan.<\/p>\n<p class=\"paragraph\">Starbullsin mukaan sek\u00e4 seura ett\u00e4 Pulkkinen vastustavat kaikenlaista rasismia.<\/p>\n<p class=\"paragraph\">\u2013 Julkisten syyt\u00f6sten ja niist\u00e4 pelaajalle ja seuralle aiheutuneiden vahinkojen vuoksi tutkimme parhaillaan, ryhdymmek\u00f6 oikeustoimiin perusteettomia syyt\u00f6ksi\u00e4 vastaan.<\/p>\n<p class=\"paragraph\">Pulkkinen aloitti kautensa Kiekko-Vantaassa, mutta h\u00e4n siirtyi jo lokakuun lopussa Saksaan. Starbullsin riveiss\u00e4 mies on pelannut 16 ottelua tehoilla 6+12=18.<\/p>\n<p class=\"paragraph\">Pulkkinen j\u00e4i ainoana suomalaisena KHL:\u00e4\u00e4n sen j\u00e4lkeen, kun Ven\u00e4j\u00e4 aloitti hy\u00f6kk\u00e4yssotansa Ukrainassa helmikuussa 2022. Pulkkinen pelasi KHL:ss\u00e4 vuoteen 2024 asti. Sen j\u00e4lkeen h\u00e4n kiekkoili Slovakiassa, Sveitsiss\u00e4 ja Saksassa ennen kuin palasi viime syksyn\u00e4 Suomeen ja piipahti Mestiksess\u00e4.<\/p>\n<p><a href=\"https:\/\/www.iltalehti.fi\/telkku\/?utm_source=iltalehti.fi&amp;utm_medium=almainternal&amp;utm_campaign=urheilu_artikkelibanneri&amp;utm_content=banner_612_a\" rel=\"nofollow noopener\" target=\"_blank\"><img decoding=\"async\" src=\"https:\/\/www.europesays.com\/fi\/wp-content\/uploads\/2025\/08\/7ef604e47d46ca174b7df4149bd3557dbde56a86d520f8e1b2125548b0a2e03a.png\" alt=\"TV-ohjelmat t\u00e4n\u00e4\u00e4n, TV-opas\"\/><\/a><\/p>\n","protected":false},"excerpt":{"rendered":"Suomalaishy\u00f6kk\u00e4\u00e4j\u00e4 kiist\u00e4\u00e4 syyt\u00f6kset. Teemu Pulkkinen on j\u00e4lleen kohun keskell\u00e4. Atte Kajova Saksan toiseksi korkeimmalla sarjatasolla Strabulls Rosenheimin paidassa&hellip;\n","protected":false},"author":2,"featured_media":136623,"comment_status":"","ping_status":"","sticky":false,"template":"","format":"standard","meta":{"footnotes":""},"categories":[158],"tags":[35,1144,1274,33,31,30,1143,41,159,32,160,161],"class_list":{"0":"post-136622","1":"post","2":"type-post","3":"status-publish","4":"format-standard","5":"has-post-thumbnail","7":"category-urheilu","8":"tag-24h","9":"tag-ammattilaisjaakiekko","10":"tag-ammattiurheilu","11":"tag-fi","12":"tag-finland","13":"tag-finnish","14":"tag-jaakiekko","15":"tag-liikunta-ja-urheilu","16":"tag-sports","17":"tag-suomi","18":"tag-urheilu","19":"tag-urheilutapahtumat"},"share_on_mastodon":{"url":"https:\/\/pubeurope.com\/@fi\/115858778926318349","error":""},"_links":{"self":[{"href":"https:\/\/www.europesays.com\/fi\/wp-json\/wp\/v2\/posts\/136622","targetHints":{"allow":["GET"]}}],"collection":[{"href":"https:\/\/www.europesays.com\/fi\/wp-json\/wp\/v2\/posts"}],"about":[{"href":"https:\/\/www.europesays.com\/fi\/wp-json\/wp\/v2\/types\/post"}],"author":[{"embeddable":true,"href":"https:\/\/www.europesays.com\/fi\/wp-json\/wp\/v2\/users\/2"}],"replies":[{"embeddable":true,"href":"https:\/\/www.europesays.com\/fi\/wp-json\/wp\/v2\/comments?post=136622"}],"version-history":[{"count":0,"href":"https:\/\/www.europesays.com\/fi\/wp-json\/wp\/v2\/posts\/136622\/revisions"}],"wp:featuredmedia":[{"embeddable":true,"href":"https:\/\/www.europesays.com\/fi\/wp-json\/wp\/v2\/media\/136623"}],"wp:attachment":[{"href":"https:\/\/www.europesays.com\/fi\/wp-json\/wp\/v2\/media?parent=136622"}],"wp:term":[{"taxonomy":"category","embeddable":true,"href":"https:\/\/www.europesays.com\/fi\/wp-json\/wp\/v2\/categories?post=136622"},{"taxonomy":"post_tag","embeddable":true,"href":"https:\/\/www.europesays.com\/fi\/wp-json\/wp\/v2\/tags?post=136622"}],"curies":[{"name":"wp","href":"https:\/\/api.w.org\/{rel}","templated":true}]}}