{"id":136634,"date":"2026-01-08T09:57:10","date_gmt":"2026-01-08T09:57:10","guid":{"rendered":"https:\/\/www.europesays.com\/fi\/136634\/"},"modified":"2026-01-08T09:57:10","modified_gmt":"2026-01-08T09:57:10","slug":"susien-kaatolupia-on-jaljella-kainuussa-viela-muutama","status":"publish","type":"post","link":"https:\/\/www.europesays.com\/fi\/136634\/","title":{"rendered":"Susien kaatolupia on j\u00e4ljell\u00e4 Kainuussa viel\u00e4 muutama"},"content":{"rendered":"<p>                                  Paikallisuutiset<\/p>\n<p>                <img loading=\"lazy\" decoding=\"async\" itemprop=\"contentUrl\" class=\"figure-img img-fluid\"  src=\"https:\/\/www.europesays.com\/fi\/wp-content\/uploads\/2026\/01\/1767866230_257_imengine.public.prod.hil.infomaker.io.jpeg\" width=\"4000\" height=\"3000\"  alt=\"\"\/><\/p>\n<p>                                    Arkistkuvan susi ei liity kaatoihin.<\/p>\n<p>              To 8.1.2026 klo 9:49<br \/>\n                  | P\u00e4ivitetty: To 8.1.2026 klo 9:50<\/p>\n<p>      MAINOS &#8211; juttu jatkuu mainoksen j\u00e4lkeen<\/p>\n<p>      MAINOS &#8211; mainos p\u00e4\u00e4ttyy<\/p>\n<p class=\"ew-body\">Suden kiinti\u00f6mets\u00e4stys k\u00e4ynnistyi tammikuun alussa ja on edennyt vauhdikkaasti. Vuosangassa on torstaiaamuun menness\u00e4 kaadettu kolme sutta, joten kolme kaatolupaa on viel\u00e4 j\u00e4ljell\u00e4.<\/p>\n<p class=\"ew-body\">Kainuun ja Pohjois-Pohjanmaan rajaseudun Pahkavaaran kiinti\u00f6alueella mets\u00e4stys lopetettiin jo viime viikonloppuna, kun <\/p>\n<p>  <a class=\"btn btn-secondary btn-icon-left\" href=\"#coral_thread\"><br \/>\n    <img decoding=\"async\" src=\"https:\/\/www.kainuunsanomat.fi\/wp-content\/themes\/hilla-theme\/assets\/img\/icon_comments.svg\" alt=\"\"\/><br \/>\n    Kommentoi<br \/>\n    \u00a0(0)<br \/>\n  <\/a><\/p>\n<p>  <a class=\"btn btn-secondary btn-icon-left mailto_web\" href=\"mailto:toimitus@kainuunsanomat.fi?subject=Ilmoita%20asiavirheest%C3%A4&amp;body=Otsikko%3A%20Susien%20kaatolupia%20on%20j%C3%A4ljell%C3%A4%20Kainuussa%20viel%C3%A4%20muutama%0AUuid%3A%2005da0228-e83d-4ffd-87d2-74d5b4268ffa%0AUrl%3A%20https%3A%2F%2Fwww.kainuunsanomat.fi%2Fartikkeli%2Fsusien-kaatolupia-on-jaljella-kainuussa-viela-muutama\"><br \/>\n    <img decoding=\"async\" src=\"https:\/\/www.kainuunsanomat.fi\/wp-content\/themes\/hilla-theme\/assets\/img\/icon_feedback.svg\" alt=\"\"\/><br \/>\n    Ilmoita asiavirheest\u00e4<br \/>\n  <\/a><\/p>\n","protected":false},"excerpt":{"rendered":"Paikallisuutiset Arkistkuvan susi ei liity kaatoihin. To 8.1.2026 klo 9:49 | P\u00e4ivitetty: To 8.1.2026 klo 9:50 MAINOS &#8211;&hellip;\n","protected":false},"author":2,"featured_media":136635,"comment_status":"","ping_status":"","sticky":false,"template":"","format":"standard","meta":{"footnotes":""},"categories":[112],"tags":[33,31,30,118,32,119],"class_list":{"0":"post-136634","1":"post","2":"type-post","3":"status-publish","4":"format-standard","5":"has-post-thumbnail","7":"category-tiede","8":"tag-fi","9":"tag-finland","10":"tag-finnish","11":"tag-science","12":"tag-suomi","13":"tag-tiede"},"share_on_mastodon":{"url":"https:\/\/pubeurope.com\/@fi\/115858888643536827","error":""},"_links":{"self":[{"href":"https:\/\/www.europesays.com\/fi\/wp-json\/wp\/v2\/posts\/136634","targetHints":{"allow":["GET"]}}],"collection":[{"href":"https:\/\/www.europesays.com\/fi\/wp-json\/wp\/v2\/posts"}],"about":[{"href":"https:\/\/www.europesays.com\/fi\/wp-json\/wp\/v2\/types\/post"}],"author":[{"embeddable":true,"href":"https:\/\/www.europesays.com\/fi\/wp-json\/wp\/v2\/users\/2"}],"replies":[{"embeddable":true,"href":"https:\/\/www.europesays.com\/fi\/wp-json\/wp\/v2\/comments?post=136634"}],"version-history":[{"count":0,"href":"https:\/\/www.europesays.com\/fi\/wp-json\/wp\/v2\/posts\/136634\/revisions"}],"wp:featuredmedia":[{"embeddable":true,"href":"https:\/\/www.europesays.com\/fi\/wp-json\/wp\/v2\/media\/136635"}],"wp:attachment":[{"href":"https:\/\/www.europesays.com\/fi\/wp-json\/wp\/v2\/media?parent=136634"}],"wp:term":[{"taxonomy":"category","embeddable":true,"href":"https:\/\/www.europesays.com\/fi\/wp-json\/wp\/v2\/categories?post=136634"},{"taxonomy":"post_tag","embeddable":true,"href":"https:\/\/www.europesays.com\/fi\/wp-json\/wp\/v2\/tags?post=136634"}],"curies":[{"name":"wp","href":"https:\/\/api.w.org\/{rel}","templated":true}]}}