{"id":136638,"date":"2026-01-08T10:00:09","date_gmt":"2026-01-08T10:00:09","guid":{"rendered":"https:\/\/www.europesays.com\/fi\/136638\/"},"modified":"2026-01-08T10:00:09","modified_gmt":"2026-01-08T10:00:09","slug":"trump-nytn-haastattelussa-yhdysvallat-voisi-johtaa-venezuelaa-vuosia-uutisia-lyhyesti","status":"publish","type":"post","link":"https:\/\/www.europesays.com\/fi\/136638\/","title":{"rendered":"Trump NYT:n haastattelussa: Yhdysvallat voisi johtaa Venezuelaa vuosia | Uutisia lyhyesti"},"content":{"rendered":"<p class=\"aw-1gybjub aw-5vja16 kEtdKx kmuxyA yle__article__paragraph\">Trumpin mukaan Venezuelan v\u00e4liaikainen hallitus my\u00f6s antaa Yhdysvalloille \u201dkaiken tarvittavan\u201d.<\/p>\n<p><img decoding=\"async\" alt=\"Donald Trump puhuu mikrofoniin ja elehtii k\u00e4dell\u00e4\u00e4n. Taustalla Yhdysvaltain lippu.\" src=\"https:\/\/www.europesays.com\/fi\/wp-content\/uploads\/2026\/01\/39-1577537695de6b4f1f14.jpeg\" class=\"aw-1l9m598 hKVVvP\"\/><\/p>\n<p>Avaa kuvien katselu<\/p>\n<p>Yhdysvallat aikoo Trumpin mukaan \u201dk\u00e4ytt\u00e4\u00e4 ja ottaa \u00f6ljy\u00e4\u201d Venezuelasta, laskea \u00f6ljyn hintaa ja antaa rahaa Venezuelaan. Trump puhui republikaanipuolueen j\u00e4senten kokouksessa Washingtonissa toissap\u00e4iv\u00e4n\u00e4 6. tammikuuta. Kuva: Mandel Ngan \/ AFP<\/p>\n<p class=\"aw-1gybjub aw-1p7kakr kEtdKx cEmitX yle__article__paragraph\">Yhdysvaltain presidentti <strong class=\"aw-ak79eh KyCXm yle__article__strong\">Donald<\/strong> <strong class=\"aw-ak79eh KyCXm yle__article__strong\">Trump<\/strong> toteaa <a class=\"aw-iao6s4 iHOxEa yle__article__link\" href=\"https:\/\/www.nytimes.com\/2026\/01\/08\/us\/politics\/trump-interview-venezuela.html\" role=\"link\" rel=\"nofollow noopener\" target=\"_blank\">The New York Timesin<\/a> (NYT) haastattelussa, ett\u00e4 Yhdysvallat voisi johtaa Venezuelaa vuosia.<\/p>\n<p class=\"aw-1gybjub aw-1p7kakr kEtdKx cEmitX yle__article__paragraph\">Presidentilt\u00e4 kysyttiin, pysyyk\u00f6 Yhdysvallat Venezuelassa kenties kolme kuukautta, puoli vuotta, vuoden tai pidemp\u00e4\u00e4n.<\/p>\n<p class=\"aw-1gybjub aw-1p7kakr kEtdKx cEmitX yle__article__paragraph\">\u2013 Sanoisin, ett\u00e4 paljon pidemp\u00e4\u00e4n, Trump vastasi kysymykseen.<\/p>\n<p class=\"aw-1gybjub aw-1p7kakr kEtdKx cEmitX yle__article__paragraph\">Kun h\u00e4nelt\u00e4 kysyttiin, kauanko Yhdysvallat vaatii saada valvoa maata, vastasi h\u00e4n \u201dvain ajan n\u00e4ytt\u00e4v\u00e4n\u201d.<\/p>\n<p class=\"aw-1gybjub aw-1p7kakr kEtdKx cEmitX yle__article__paragraph\">Yhdysvallat aikoo Trumpin mukaan my\u00f6s \u201dk\u00e4ytt\u00e4\u00e4 ja ottaa \u00f6ljy\u00e4\u201d Venezuelasta, laskea \u00f6ljyn hintaa ja antaa rahaa Venezuelaan. Trumpin mukaan Venezuelan v\u00e4liaikainen hallitus my\u00f6s antaa Yhdysvalloille \u201dkaiken tarvittavan\u201d.<\/p>\n<p class=\"aw-1gybjub aw-1p7kakr kEtdKx cEmitX yle__article__paragraph\">Yhdysvaltojen viranomaiset sanoivat ennen NYT:n haastattelua, ett\u00e4 Yhdysvallat suunnittelee k\u00e4yt\u00e4nn\u00f6ss\u00e4 ottavansa haltuunsa Venezuelan \u00f6ljynmyynnin m\u00e4\u00e4rittelem\u00e4tt\u00f6m\u00e4ksi ajaksi osana Yhdysvaltain ulkoministeri <strong class=\"aw-ak79eh KyCXm yle__article__strong\">Marco<\/strong> <strong class=\"aw-ak79eh KyCXm yle__article__strong\">Rubion<\/strong> edustajainhuoneen j\u00e4senille esittelem\u00e4\u00e4 kolmiosaista suunnitelmaa.<\/p>\n<p class=\"aw-1gybjub aw-1p7kakr kEtdKx cEmitX yle__article__paragraph\">Venezuelan valtiollinen \u00f6ljy-yhti\u00f6 totesi keskiviikkona, ett\u00e4 neuvottelut Yhdysvaltojen kanssa ovat k\u00e4ynniss\u00e4, mutta ei vahvistanut mink\u00e4\u00e4nlaisen sopimuksen syntymist\u00e4.<\/p>\n","protected":false},"excerpt":{"rendered":"Trumpin mukaan Venezuelan v\u00e4liaikainen hallitus my\u00f6s antaa Yhdysvalloille \u201dkaiken tarvittavan\u201d. Avaa kuvien katselu Yhdysvallat aikoo Trumpin mukaan \u201dk\u00e4ytt\u00e4\u00e4&hellip;\n","protected":false},"author":2,"featured_media":136639,"comment_status":"","ping_status":"","sticky":false,"template":"","format":"standard","meta":{"footnotes":""},"categories":[14],"tags":[22,23,585,26,27,33,31,30,17,24,25,28,29,15,18,21,32,19,20,56,16,7605,59,60,61,619],"class_list":{"0":"post-136638","1":"post","2":"type-post","3":"status-publish","4":"format-standard","5":"has-post-thumbnail","7":"category-ulkomaat","8":"tag-breaking-news","9":"tag-breakingnews","10":"tag-donald-trump","11":"tag-featured-news","12":"tag-featurednews","13":"tag-fi","14":"tag-finland","15":"tag-finnish","16":"tag-headlines","17":"tag-latest-news","18":"tag-latestnews","19":"tag-main-news","20":"tag-mainnews","21":"tag-news","22":"tag-otsikot","23":"tag-paauutiset","24":"tag-suomi","25":"tag-top-stories","26":"tag-topstories","27":"tag-ulkomaat","28":"tag-uutiset","29":"tag-venezuela","30":"tag-world","31":"tag-world-news","32":"tag-worldnews","33":"tag-yhdysvallat"},"share_on_mastodon":{"url":"https:\/\/pubeurope.com\/@fi\/115858900489256989","error":""},"_links":{"self":[{"href":"https:\/\/www.europesays.com\/fi\/wp-json\/wp\/v2\/posts\/136638","targetHints":{"allow":["GET"]}}],"collection":[{"href":"https:\/\/www.europesays.com\/fi\/wp-json\/wp\/v2\/posts"}],"about":[{"href":"https:\/\/www.europesays.com\/fi\/wp-json\/wp\/v2\/types\/post"}],"author":[{"embeddable":true,"href":"https:\/\/www.europesays.com\/fi\/wp-json\/wp\/v2\/users\/2"}],"replies":[{"embeddable":true,"href":"https:\/\/www.europesays.com\/fi\/wp-json\/wp\/v2\/comments?post=136638"}],"version-history":[{"count":0,"href":"https:\/\/www.europesays.com\/fi\/wp-json\/wp\/v2\/posts\/136638\/revisions"}],"wp:featuredmedia":[{"embeddable":true,"href":"https:\/\/www.europesays.com\/fi\/wp-json\/wp\/v2\/media\/136639"}],"wp:attachment":[{"href":"https:\/\/www.europesays.com\/fi\/wp-json\/wp\/v2\/media?parent=136638"}],"wp:term":[{"taxonomy":"category","embeddable":true,"href":"https:\/\/www.europesays.com\/fi\/wp-json\/wp\/v2\/categories?post=136638"},{"taxonomy":"post_tag","embeddable":true,"href":"https:\/\/www.europesays.com\/fi\/wp-json\/wp\/v2\/tags?post=136638"}],"curies":[{"name":"wp","href":"https:\/\/api.w.org\/{rel}","templated":true}]}}