{"id":136654,"date":"2026-01-08T10:23:10","date_gmt":"2026-01-08T10:23:10","guid":{"rendered":"https:\/\/www.europesays.com\/fi\/136654\/"},"modified":"2026-01-08T10:23:10","modified_gmt":"2026-01-08T10:23:10","slug":"nokialle-saattaa-olla-leviamassa-naapurikunnan-susilauma","status":"publish","type":"post","link":"https:\/\/www.europesays.com\/fi\/136654\/","title":{"rendered":"Nokialle saattaa olla levi\u00e4m\u00e4ss\u00e4 naapurikunnan susilauma"},"content":{"rendered":"<p>Riistanhoitoyhdistyksen Kimmo Alakosken mukaan Etel\u00e4-Nokialle olisi mahdollisesti asettumassa pieni susilauma.<\/p>\n<p class=\"article-body mb-nof-24 px-nof-16\">Nokian seudun riistanhoitoyhdistyksen mukaan osa suurempaa susilaumaa saattaa olla siirtym\u00e4ss\u00e4 Sastamalasta Nokialle. Asiasta kertoo yhdistyksen toiminnanjohtaja <a class=\"font-bold underline-offset-[0.12em] [text-decoration:var(--person-link-text-decoration)] ![text-decoration-color:var(--person-link-text-decoration-color)]\" href=\"https:\/\/www.nokianuutiset.fi\/haku\/?query=Kimmo%20Alakoski\" rel=\"nofollow noopener\" target=\"_blank\">Kimmo Alakoski<\/a>.<\/p>\n<p class=\"article-body mb-nof-24 px-nof-16\">\u201dNokialla on ollut monen vuoden ajan vain yksitt\u00e4isi\u00e4 susik\u00e4vij\u00f6it\u00e4. Nuoria yksil\u00f6it\u00e4 on havaittu erityisesti kev\u00e4ttalvisin. Nyt on havaittu s\u00e4\u00e4nn\u00f6llisemp\u00e4\u00e4 liikennett\u00e4 Tottij\u00e4rven-Sarkolan suunnalla.\u201d<\/p>\n","protected":false},"excerpt":{"rendered":"Riistanhoitoyhdistyksen Kimmo Alakosken mukaan Etel\u00e4-Nokialle olisi mahdollisesti asettumassa pieni susilauma. Nokian seudun riistanhoitoyhdistyksen mukaan osa suurempaa susilaumaa saattaa&hellip;\n","protected":false},"author":2,"featured_media":136655,"comment_status":"","ping_status":"","sticky":false,"template":"","format":"standard","meta":{"footnotes":""},"categories":[112],"tags":[33,31,30,684,118,32,119],"class_list":{"0":"post-136654","1":"post","2":"type-post","3":"status-publish","4":"format-standard","5":"has-post-thumbnail","7":"category-tiede","8":"tag-fi","9":"tag-finland","10":"tag-finnish","11":"tag-nokian-uutiset","12":"tag-science","13":"tag-suomi","14":"tag-tiede"},"share_on_mastodon":{"url":"https:\/\/pubeurope.com\/@fi\/115858990922086351","error":""},"_links":{"self":[{"href":"https:\/\/www.europesays.com\/fi\/wp-json\/wp\/v2\/posts\/136654","targetHints":{"allow":["GET"]}}],"collection":[{"href":"https:\/\/www.europesays.com\/fi\/wp-json\/wp\/v2\/posts"}],"about":[{"href":"https:\/\/www.europesays.com\/fi\/wp-json\/wp\/v2\/types\/post"}],"author":[{"embeddable":true,"href":"https:\/\/www.europesays.com\/fi\/wp-json\/wp\/v2\/users\/2"}],"replies":[{"embeddable":true,"href":"https:\/\/www.europesays.com\/fi\/wp-json\/wp\/v2\/comments?post=136654"}],"version-history":[{"count":0,"href":"https:\/\/www.europesays.com\/fi\/wp-json\/wp\/v2\/posts\/136654\/revisions"}],"wp:featuredmedia":[{"embeddable":true,"href":"https:\/\/www.europesays.com\/fi\/wp-json\/wp\/v2\/media\/136655"}],"wp:attachment":[{"href":"https:\/\/www.europesays.com\/fi\/wp-json\/wp\/v2\/media?parent=136654"}],"wp:term":[{"taxonomy":"category","embeddable":true,"href":"https:\/\/www.europesays.com\/fi\/wp-json\/wp\/v2\/categories?post=136654"},{"taxonomy":"post_tag","embeddable":true,"href":"https:\/\/www.europesays.com\/fi\/wp-json\/wp\/v2\/tags?post=136654"}],"curies":[{"name":"wp","href":"https:\/\/api.w.org\/{rel}","templated":true}]}}