{"id":136660,"date":"2026-01-08T10:26:09","date_gmt":"2026-01-08T10:26:09","guid":{"rendered":"https:\/\/www.europesays.com\/fi\/136660\/"},"modified":"2026-01-08T10:26:09","modified_gmt":"2026-01-08T10:26:09","slug":"yon-uutiskooste-trump-vaatii-usan-vetaytymista-66-kansainvalisesta-jarjestosta-eu-tyottomyysluvut-julki-tanaan-uutissuomalainen-2","status":"publish","type":"post","link":"https:\/\/www.europesays.com\/fi\/136660\/","title":{"rendered":"Y\u00f6n uutiskooste | Trump vaatii USA:n vet\u00e4ytymist\u00e4 66 kansainv\u00e4lisest\u00e4 j\u00e4rjest\u00f6st\u00e4, EU-ty\u00f6tt\u00f6myysluvut julki t\u00e4n\u00e4\u00e4n | Uutissuomalainen"},"content":{"rendered":"<p>\t\t\t\tUlkoasiainvaliokunta kokoontuu t\u00e4n\u00e4\u00e4n k\u00e4sittelem\u00e4\u00e4n muun muassa kaapelirikkoa, Ukrainaa ja Gr\u00f6nlantia<\/p>\n<p>Eduskunnan ulkoasiainvaliokunta kokoontuu t\u00e4n\u00e4\u00e4n puoliltap\u00e4ivin.<\/p>\n<p>Sen asialistalla on muun muassa kysymys vedenalaisen infrastruktuurin vaurioitumisesta. Keskusrikospoliisi tutkii parhaillaan It\u00e4meren uudenvuoden kaapelirikosta ep\u00e4illyn Fitburg-aluksen toimintaa.<\/p>\n<p>Lis\u00e4ksi valiokunta k\u00e4sittelee muun muassa Ukrainan turvallisuusj\u00e4rjestelyit\u00e4, Gr\u00f6nlannin tilannetta sek\u00e4 Venezuelan kysymyst\u00e4.<\/p>\n<p>\t\t\t\tT\u00e4n\u00e4\u00e4n julkaistaan EU-maiden ty\u00f6tt\u00f6myysluvut<\/p>\n<p>T\u00e4n\u00e4\u00e4n saadaan uutta tietoa ty\u00f6llisyystilanteesta, kun EU:n tilastoviranomainen Eurostat julkaisee EU-maiden marraskuun ty\u00f6tt\u00f6myysluvut.<\/p>\n<p>Lokakuussa Suomen ty\u00f6tt\u00f6myyslukema oli EU:n toiseksi korkein, 9,8 prosenttia. Edell\u00e4 oli vain Espanja 10,5 prosentin ty\u00f6tt\u00f6myydell\u00e4.<\/p>\n<p>Tilastokeskuksen aiemmin julkaisemien Suomen marraskuun <a href=\"https:\/\/stat.fi\/julkaisu\/cm0xphcme0gyk07w3hpeu8m25\" rel=\"nofollow noopener\" target=\"_blank\">ty\u00f6tt\u00f6myystilastojen<\/a> perusteella ty\u00f6tt\u00f6myysasteen trendiluku nousi marraskuussa edelleen.<\/p>\n<p>\t\t\t\tTrump vaatii m\u00e4\u00e4r\u00e4yksess\u00e4 Yhdysvaltojen vet\u00e4ytymist\u00e4 66 kansainv\u00e4lisest\u00e4 j\u00e4rjest\u00f6st\u00e4<\/p>\n<p>Yhdysvaltain presidentti Donald Trump on allekirjoittanut <a href=\"https:\/\/www.whitehouse.gov\/presidential-actions\/2026\/01\/withdrawing-the-united-states-from-international-organizations-conventions-and-treaties-that-are-contrary-to-the-interests-of-the-united-states\/\" rel=\"nofollow noopener\" target=\"_blank\">m\u00e4\u00e4r\u00e4yksen<\/a>, jossa h\u00e4n vaatii Yhdysvaltojen vet\u00e4ytymist\u00e4 66 kansainv\u00e4lisest\u00e4 j\u00e4rjest\u00f6st\u00e4. Valkoinen talo ilmoitti asiasta keskiviikkona paikallista aikaa.<\/p>\n<p>M\u00e4\u00e4r\u00e4yksess\u00e4 listataan 31 YK-j\u00e4rjest\u00f6\u00e4 ja 35 muuta j\u00e4rjest\u00f6\u00e4. Listalla on muun muassa t\u00e4rkeit\u00e4 ilmastoelimi\u00e4, mukaan lukien YK:n hallitustenv\u00e4linen ilmastonmuutospaneeli (IPCC).<\/p>\n<p>Valkoinen talo sanoo, ett\u00e4 listatut tahot eiv\u00e4t en\u00e4\u00e4 palvele Yhdysvaltain etuja.<\/p>\n<p>Trump on toisen kautensa aikana vet\u00e4nyt Yhdysvallat jo pois useista kansainv\u00e4lisist\u00e4 j\u00e4rjest\u00f6ist\u00e4.<\/p>\n<p>\t\t\t\tTrump haluaa paisuttaa Yhdysvaltain puolustusbudjetin 1,5 biljoonaan dollariin<\/p>\n<p>Yhdysvaltain presidentti Donald Trump haluaa, ett\u00e4 maan puolustusbudjetti vuonna 2027 olisi biljoonan dollarin sijaan 1,5 biljoonaa dollaria. Trump <a href=\"https:\/\/truthsocial.com\/@realDonaldTrump\/posts\/115855894695940909\" rel=\"nofollow noopener\" target=\"_blank\">kertoo<\/a> asiasta Truth Social -viestipalvelussaan.<\/p>\n<p>Puolustusbudjetin paisuttaminen entisest\u00e4\u00e4n tarjoaisi Trumpin mukaan mahdollisuuden rakentaa unelmien asevoimat.<\/p>\n<p>Trump sanoo, ett\u00e4 h\u00e4n voisi muuten tyyty\u00e4 biljoonan dollarin puolustusbudjettiin, mutta h\u00e4nen tullipolitiikkansa tuomat tuotot mahdollistavat lukeman kasvattamisen.<\/p>\n<p>Ajatushautomo Tax Foundation <a href=\"https:\/\/taxfoundation.org\/research\/all\/federal\/trump-tariffs-trade-war\/\" rel=\"nofollow noopener\" target=\"_blank\">on arvioinut<\/a>, ett\u00e4 Trumpin tuontitullit tuottavat maalle vuosikymmenen aikana 1,6 biljoonaa dollaria.<\/p>\n<p>\t\t\t\tTrumpin hallinto sanoo pit\u00e4v\u00e4ns\u00e4 Venezuelan \u00f6ljyn myynnin k\u00e4siss\u00e4\u00e4n<\/p>\n<p>Yhdysvaltain hallinto on sanonut, ett\u00e4 se sanelee Venezuelan v\u00e4liaikaishallinnon p\u00e4\u00e4t\u00f6kset sek\u00e4 hallinnoi maan \u00f6ljyn myynti\u00e4 ennalta m\u00e4\u00e4r\u00e4\u00e4m\u00e4tt\u00f6m\u00e4n ajan.<\/p>\n<p>Suomen aikaa torstain vastaisena y\u00f6n\u00e4 Yhdysvaltain presidentti Donald Trump <a href=\"https:\/\/truthsocial.com\/@realDonaldTrump\/posts\/115856078669121098\" rel=\"nofollow noopener\" target=\"_blank\">sanoi<\/a>, ett\u00e4 Venezuela ostaa \u00f6ljyn myynnist\u00e4 saatavilla tuotoilla yhdysvaltalaisia tuotteita.<\/p>\n<p>Trump sanoi aiemmin, ett\u00e4 Venezuela toimittaa Yhdysvaltoihin 30\u201350 miljoonaa barrelia \u00f6ljy\u00e4. Trumpin mukaan myyntituotot n\u00e4ist\u00e4 k\u00e4ytett\u00e4isiin yhdysvaltalaisten ja venezuelalaisten hyv\u00e4ksi.<\/p>\n<p>Venezuelan v\u00e4liaikaishallinto on sanonut, ettei yksik\u00e4\u00e4n ulkomainen taho m\u00e4\u00e4r\u00e4\u00e4 maassa.<\/p>\n<p>\t\t\t\tVenezuela: Yhdysvaltain viikonloppuinen hy\u00f6kk\u00e4ys surmasi ainakin sata ihmist\u00e4<\/p>\n<p>Venezuelan sis\u00e4ministeri sanoo, ett\u00e4 Yhdysvaltain viikonloppuinen hy\u00f6kk\u00e4ys surmasi Venezuelassa ainakin sata ihmist\u00e4. Lis\u00e4ksi kymmenet ihmiset haavoittuivat.<\/p>\n<p>Kuolonuhrien m\u00e4\u00e4r\u00e4 on l\u00e4hes kaksinkertaistunut aiemmin ilmoitetusta. Sis\u00e4ministeri Diosdado Cabello antaa ymm\u00e4rt\u00e4\u00e4, ett\u00e4 lukema voi viel\u00e4 kasvaa. H\u00e4n kuvailee Yhdysvaltain hy\u00f6kk\u00e4yst\u00e4 hirve\u00e4ksi.<\/p>\n<p>Yhdysvallat hy\u00f6kk\u00e4si Venezuelaan lauantain vastaisena y\u00f6n\u00e4 ja sieppasi maata itsevaltaisesti johtaneen presidentti Nicolas Maduron sek\u00e4 h\u00e4nen vaimonsa.<\/p>\n<p>Cabellon mukaan presidenttipari loukkaantui sieppauksen yhteydess\u00e4, mutta on toipumaan p\u00e4in.<\/p>\n<p>\t\t\t\tDallas voitti vihdoin, Hintz viimeisteli loppulukemat<\/p>\n<p>J\u00e4\u00e4kiekon NHL:ss\u00e4 Dallas Stars on katkaissut tappioputkensa voittamalla vieraissa Washington Capitalsin maalein 4\u20131.<\/p>\n<p>Suomen aikaa torstain vastaisena y\u00f6n\u00e4 pelattu ottelu laittoi pisteen Dallasin per\u00e4ti kuuden ottelun mittaiseksi venyneelle voitottomalle putkelle.<\/p>\n<p>Dallasin suomalaishy\u00f6kk\u00e4\u00e4j\u00e4 Roope Hintz viimeisteli loppulukemat tyhj\u00e4\u00e4n maaliin ottelun viimeisell\u00e4 minuutilla. Esa Lindell puolestaan sy\u00f6tti Dallasin ensimm\u00e4isen maalin, joka syntyi alivoimalla.<\/p>\n<p>Washingtonin ainoan osuman iski Aleksandr Ovetshkin.<\/p>\n<p>\t\t\t\tHaaland teki uransa 150. maalin Manchester Cityn paidassa<\/p>\n<p>Englannin Valioliigassa norjalainen jalkapallot\u00e4hti Erling Haaland on tehnyt uransa 150. maalin Manchester Cityn paidassa.<\/p>\n<p>Osuma syntyi rangaistuspotkulta keskiviikkoiltana Brightonia vastaan pelatussa ottelussa. Peli p\u00e4\u00e4ttyi 1\u20131-tasapeliin.<\/p>\n<p>Tasapelin my\u00f6t\u00e4 Manchesterin voitoton putki venyi kolmen ottelun mittaiseksi. Joukkue on Valioliigassa toisena viisi pistett\u00e4 Arsenalia j\u00e4ljess\u00e4.<\/p>\n<p>Haaland <a href=\"https:\/\/www.premierleague.com\/en\/stats\/top\/players?statMetric=goals&amp;season=2025\" rel=\"nofollow noopener\" target=\"_blank\">johtaa<\/a> Valioliigan maalip\u00f6rssi\u00e4. T\u00e4ll\u00e4 kaudella h\u00e4n on tehnyt sarjassa 20 maalia.<\/p>\n","protected":false},"excerpt":{"rendered":"Ulkoasiainvaliokunta kokoontuu t\u00e4n\u00e4\u00e4n k\u00e4sittelem\u00e4\u00e4n muun muassa kaapelirikkoa, Ukrainaa ja Gr\u00f6nlantia Eduskunnan ulkoasiainvaliokunta kokoontuu t\u00e4n\u00e4\u00e4n puoliltap\u00e4ivin. Sen asialistalla on&hellip;\n","protected":false},"author":2,"featured_media":136661,"comment_status":"","ping_status":"","sticky":false,"template":"","format":"standard","meta":{"footnotes":""},"categories":[14],"tags":[22,23,1819,26,27,33,31,30,17,3880,24,25,28,29,15,18,21,144,32,19,20,1303,56,16,59,60,61,619,143,146],"class_list":{"0":"post-136660","1":"post","2":"type-post","3":"status-publish","4":"format-standard","5":"has-post-thumbnail","7":"category-ulkomaat","8":"tag-breaking-news","9":"tag-breakingnews","10":"tag-espanja","11":"tag-featured-news","12":"tag-featurednews","13":"tag-fi","14":"tag-finland","15":"tag-finnish","16":"tag-headlines","17":"tag-julkinen-infrastruktuuri","18":"tag-latest-news","19":"tag-latestnews","20":"tag-main-news","21":"tag-mainnews","22":"tag-news","23":"tag-otsikot","24":"tag-paauutiset","25":"tag-presidentti","26":"tag-suomi","27":"tag-top-stories","28":"tag-topstories","29":"tag-ukraina","30":"tag-ulkomaat","31":"tag-uutiset","32":"tag-world","33":"tag-world-news","34":"tag-worldnews","35":"tag-yhdysvallat","36":"tag-yhdysvaltain-politiikka","37":"tag-yhdysvaltain-presidentti"},"share_on_mastodon":{"url":"","error":"Validation failed: Text character limit of 500 exceeded"},"_links":{"self":[{"href":"https:\/\/www.europesays.com\/fi\/wp-json\/wp\/v2\/posts\/136660","targetHints":{"allow":["GET"]}}],"collection":[{"href":"https:\/\/www.europesays.com\/fi\/wp-json\/wp\/v2\/posts"}],"about":[{"href":"https:\/\/www.europesays.com\/fi\/wp-json\/wp\/v2\/types\/post"}],"author":[{"embeddable":true,"href":"https:\/\/www.europesays.com\/fi\/wp-json\/wp\/v2\/users\/2"}],"replies":[{"embeddable":true,"href":"https:\/\/www.europesays.com\/fi\/wp-json\/wp\/v2\/comments?post=136660"}],"version-history":[{"count":0,"href":"https:\/\/www.europesays.com\/fi\/wp-json\/wp\/v2\/posts\/136660\/revisions"}],"wp:featuredmedia":[{"embeddable":true,"href":"https:\/\/www.europesays.com\/fi\/wp-json\/wp\/v2\/media\/136661"}],"wp:attachment":[{"href":"https:\/\/www.europesays.com\/fi\/wp-json\/wp\/v2\/media?parent=136660"}],"wp:term":[{"taxonomy":"category","embeddable":true,"href":"https:\/\/www.europesays.com\/fi\/wp-json\/wp\/v2\/categories?post=136660"},{"taxonomy":"post_tag","embeddable":true,"href":"https:\/\/www.europesays.com\/fi\/wp-json\/wp\/v2\/tags?post=136660"}],"curies":[{"name":"wp","href":"https:\/\/api.w.org\/{rel}","templated":true}]}}