{"id":136662,"date":"2026-01-08T10:27:08","date_gmt":"2026-01-08T10:27:08","guid":{"rendered":"https:\/\/www.europesays.com\/fi\/136662\/"},"modified":"2026-01-08T10:27:08","modified_gmt":"2026-01-08T10:27:08","slug":"vesijarven-jaareitti-avataan-viikonloppuna-lahti","status":"publish","type":"post","link":"https:\/\/www.europesays.com\/fi\/136662\/","title":{"rendered":"Vesij\u00e4rven j\u00e4\u00e4reitti avataan viikonloppuna &#8211; Lahti"},"content":{"rendered":"<p>Vesij\u00e4rven j\u00e4\u00e4reitin valmisteluty\u00f6t ovat parhaillaan k\u00e4ynniss\u00e4. T\u00e4ll\u00e4 hetkell\u00e4 j\u00e4\u00e4n pintaa viimeistell\u00e4\u00e4n pumppaamalla vett\u00e4 Vesij\u00e4rvest\u00e4 j\u00e4\u00e4radalle, jotta j\u00e4\u00e4st\u00e4 saadaan tasaisempi ja paksumpi. Reitill\u00e4 liikkumista on toistaiseksi viel\u00e4 v\u00e4ltett\u00e4v\u00e4 ty\u00f6n sujuvuuden ja turvallisuuden takaamiseksi.<\/p>\n<p>Ensimm\u00e4isess\u00e4 vaiheessa viikonlopun aikana avataan Lokki\u2013Ankkuri reitti, ja j\u00e4\u00e4n vahvistuttua reitti\u00e4 jatketaan Ruoriniemeen.<\/p>\n<p>\u2013 Vesij\u00e4rven luistelureitti on kaikille liikkujille yhteinen, aina perheen pienimmist\u00e4 l\u00e4htien. Kaikille l\u00f6ytyy tilaa liikkua oman taitotasonsa mukaisesti, kertoo liikuntap\u00e4\u00e4llikk\u00f6 <strong>Markku Ahokas<\/strong>.<\/p>\n<p>Ahokas toivoo j\u00e4\u00e4reitille samankaltaista luistelurauhaa kuin laturauha ensilumenladulla. Reitill\u00e4 voi liikkua niin luistimilla kuin potkukelkoilla.<\/p>\n<p>J\u00e4\u00e4reitti\u00e4 huolletaan s\u00e4\u00e4olosuhteiden mukaan<\/p>\n<p>Reitit aurataan ja huolletaan s\u00e4\u00e4olosuhteiden mukaan tarvittaessa joka p\u00e4iv\u00e4. Kunnostus- ja huoltot\u00f6ist\u00e4 saa lis\u00e4tietoa luistelureittien l\u00e4ht\u00f6p\u00e4\u00e4n huoltokylteist\u00e4 sek\u00e4 LahtiSkate-palvelusta. Huoltoaikana reiteill\u00e4 on liikuttava erityist\u00e4 varovaisuutta noudattaen.<\/p>\n<p>\u2013 Luistelijoiden on hyv\u00e4 muistaa, ett\u00e4 luonnonj\u00e4\u00e4n pinta on aina ep\u00e4tasaisempi kuin irtovedell\u00e4 j\u00e4\u00e4dytetyn luistelukent\u00e4n pinta. Urakoitsijalla on kuitenkin k\u00e4ytett\u00e4viss\u00e4\u00e4n j\u00e4\u00e4h\u00f6yl\u00e4, jolla luonnonj\u00e4\u00e4n pintaa saadaan tasoitettua, kertoo Ahokas.<\/p>\n<p>                        <a href=\"https:\/\/lahti.sometec.fi\/index.html?sP409101P600P#sometecmainpage\" class=\"button is-primary has-text-weight-bold\" target=\"_blank\" rel=\"nofollow noopener\">LahtiSkate<\/a><\/p>\n","protected":false},"excerpt":{"rendered":"Vesij\u00e4rven j\u00e4\u00e4reitin valmisteluty\u00f6t ovat parhaillaan k\u00e4ynniss\u00e4. T\u00e4ll\u00e4 hetkell\u00e4 j\u00e4\u00e4n pintaa viimeistell\u00e4\u00e4n pumppaamalla vett\u00e4 Vesij\u00e4rvest\u00e4 j\u00e4\u00e4radalle, jotta j\u00e4\u00e4st\u00e4 saadaan&hellip;\n","protected":false},"author":2,"featured_media":136663,"comment_status":"","ping_status":"","sticky":false,"template":"","format":"standard","meta":{"footnotes":""},"categories":[12],"tags":[22,23,26,27,33,31,30,17,24,25,28,29,15,18,21,32,19,20,16],"class_list":{"0":"post-136662","1":"post","2":"type-post","3":"status-publish","4":"format-standard","5":"has-post-thumbnail","7":"category-suomi","8":"tag-breaking-news","9":"tag-breakingnews","10":"tag-featured-news","11":"tag-featurednews","12":"tag-fi","13":"tag-finland","14":"tag-finnish","15":"tag-headlines","16":"tag-latest-news","17":"tag-latestnews","18":"tag-main-news","19":"tag-mainnews","20":"tag-news","21":"tag-otsikot","22":"tag-paauutiset","23":"tag-suomi","24":"tag-top-stories","25":"tag-topstories","26":"tag-uutiset"},"share_on_mastodon":{"url":"https:\/\/pubeurope.com\/@fi\/115859006797342424","error":""},"_links":{"self":[{"href":"https:\/\/www.europesays.com\/fi\/wp-json\/wp\/v2\/posts\/136662","targetHints":{"allow":["GET"]}}],"collection":[{"href":"https:\/\/www.europesays.com\/fi\/wp-json\/wp\/v2\/posts"}],"about":[{"href":"https:\/\/www.europesays.com\/fi\/wp-json\/wp\/v2\/types\/post"}],"author":[{"embeddable":true,"href":"https:\/\/www.europesays.com\/fi\/wp-json\/wp\/v2\/users\/2"}],"replies":[{"embeddable":true,"href":"https:\/\/www.europesays.com\/fi\/wp-json\/wp\/v2\/comments?post=136662"}],"version-history":[{"count":0,"href":"https:\/\/www.europesays.com\/fi\/wp-json\/wp\/v2\/posts\/136662\/revisions"}],"wp:featuredmedia":[{"embeddable":true,"href":"https:\/\/www.europesays.com\/fi\/wp-json\/wp\/v2\/media\/136663"}],"wp:attachment":[{"href":"https:\/\/www.europesays.com\/fi\/wp-json\/wp\/v2\/media?parent=136662"}],"wp:term":[{"taxonomy":"category","embeddable":true,"href":"https:\/\/www.europesays.com\/fi\/wp-json\/wp\/v2\/categories?post=136662"},{"taxonomy":"post_tag","embeddable":true,"href":"https:\/\/www.europesays.com\/fi\/wp-json\/wp\/v2\/tags?post=136662"}],"curies":[{"name":"wp","href":"https:\/\/api.w.org\/{rel}","templated":true}]}}