{"id":136668,"date":"2026-01-08T10:40:07","date_gmt":"2026-01-08T10:40:07","guid":{"rendered":"https:\/\/www.europesays.com\/fi\/136668\/"},"modified":"2026-01-08T10:40:07","modified_gmt":"2026-01-08T10:40:07","slug":"tallainen-on-uusi-bachelor-eksa-avautunut-seksielamastaan-julkisesti-iltalehti","status":"publish","type":"post","link":"https:\/\/www.europesays.com\/fi\/136668\/","title":{"rendered":"T\u00e4llainen on uusi Bachelor: Eks\u00e4 avautunut seksiel\u00e4m\u00e4st\u00e4\u00e4n julkisesti &#8211; Iltalehti"},"content":{"rendered":"<ol>\n<li><a href=\"https:\/\/news.google.com\/rss\/articles\/CBMigwFBVV95cUxOMVB2UlhwSjNtNUFrN3BWWkdpRnotakxHdkpMNE9rYmNiSll2cm9xNnRUVXVYRGlheFBLbFFiSDlHbEhkemZHUWpIN201QkdVNEJwVHVFUGRRVHNlTG5PdVV2SGF1VWlHQm03ak8yalNYZDkwaHRFZnNxZUw3OUdLcWxMVQ?oc=5\" target=\"_blank\" rel=\"nofollow noopener\">T\u00e4llainen on uusi Bachelor: Eks\u00e4 avautunut seksiel\u00e4m\u00e4st\u00e4\u00e4n julkisesti<\/a>&nbsp;&nbsp;Iltalehti<\/li>\n<li><a href=\"https:\/\/news.google.com\/rss\/articles\/CBMiW0FVX3lxTE95aVlGZXBWQnhvLUpvZE5CSVBidS13SUFkN0tDX0ZpVnBzbDlKV1VSdzRESmFaQ19CZjZBQm5wZ0dVWXFPdm5SZ2hIc2l2alIyaGhhNm8ySzlVQms?oc=5\" target=\"_blank\" rel=\"nofollow noopener\">T\u00e4ss\u00e4 on uusi Bachelor \u2013 seurusteli aiemmin julkisuudesta tutun henkil\u00f6n kanssa<\/a>&nbsp;&nbsp;Ilta-Sanomat<\/li>\n<li><a href=\"https:\/\/news.google.com\/rss\/articles\/CBMickFVX3lxTFBPYkFZTkw4ZFRxanEwZ3BxTnh6Y0lnNnlqOXpmaTd6aDk4ZW0zVEVMSmxJeHZQclQtTWtfU1JSaUVfZkJFU2l0cElYSmh0Z19tdkVFY0hqVDhEZTVTdGhSNENUVE9sMWMyTGJSWGNUTlZtQQ?oc=5\" target=\"_blank\" rel=\"nofollow noopener\">Arttu Kilpel\u00e4inen: Suomen uuden Bachelorin taustat julki | Katso<\/a>&nbsp;&nbsp;Seiska.fi<\/li>\n<li><a href=\"https:\/\/news.google.com\/rss\/articles\/CBMiugFBVV95cUxOQUpFaFVDclZfT1E2RXVvTTkzN214VHhUY19oSWlQMGdvVjdFM0d5Q1NuMm82RFNxUmJWaHBTWDRtcmE5a21TcElFR3FyUnlkZ3FqZXRyb050TklNYUYxUW01OHE0Nm9pZms3UjBTeE9YSFV4eVdPTms1WUtUc2tXQ0c3TDFFNGpIclJzYS1TejJYSWx1YlJLM1ZXOGZEV1hwLUdaVVVyT1RGTmdFSk1xZnRQOE11X1FJQVE?oc=5\" target=\"_blank\" rel=\"nofollow noopener\">H\u00e4n on Suomen uusi Bachelor! Julkisuudesta tuttu ex-poliisi etsii rakkautta<\/a>&nbsp;&nbsp;mtvuutiset.fi<\/li>\n<li><a href=\"https:\/\/news.google.com\/rss\/articles\/CBMiiwFBVV95cUxNc3RrX3ZyZHFmWERaMFZIdFB6Sm1CU0w5bTdJYTNMbWJFaC1JM3BYcHMtOHJrakZFTzB1cGx3MkJ0QmpSd0xBNUFVYXU0UHZwUWJ1UlFPanRpSWVIYnFCTE1tN2lVREdVTG00LThsTkVGdEk4X05XUzNEaTdicXo1WFQzV0tIS0RWaWpv?oc=5\" target=\"_blank\" rel=\"nofollow noopener\">Uusi Bachelor on entinen poliisi ja nykyinen vaikuttaja<\/a>&nbsp;&nbsp;Voice.fi<\/li>\n<\/ol>\n","protected":false},"excerpt":{"rendered":"T\u00e4llainen on uusi Bachelor: Eks\u00e4 avautunut seksiel\u00e4m\u00e4st\u00e4\u00e4n julkisesti&nbsp;&nbsp;Iltalehti T\u00e4ss\u00e4 on uusi Bachelor \u2013 seurusteli aiemmin julkisuudesta tutun henkil\u00f6n&hellip;\n","protected":false},"author":2,"featured_media":136669,"comment_status":"","ping_status":"","sticky":false,"template":"","format":"standard","meta":{"footnotes":""},"categories":[136],"tags":[35,407,137,33,31,30,408,6067,979,32,2140,140,139,109],"class_list":{"0":"post-136668","1":"post","2":"type-post","3":"status-publish","4":"format-standard","5":"has-post-thumbnail","7":"category-julkkikset","8":"tag-24h","9":"tag-celebrities","10":"tag-entertainment","11":"tag-fi","12":"tag-finland","13":"tag-finnish","14":"tag-julkkikset","15":"tag-mediapersoonat","16":"tag-sahkoinen-media","17":"tag-suomi","18":"tag-tosi-tv-ohjelmat","19":"tag-tv-ja-elokuvat","20":"tag-tv-ohjelmat","21":"tag-viihde"},"share_on_mastodon":{"url":"https:\/\/pubeurope.com\/@fi\/115859057709450665","error":""},"_links":{"self":[{"href":"https:\/\/www.europesays.com\/fi\/wp-json\/wp\/v2\/posts\/136668","targetHints":{"allow":["GET"]}}],"collection":[{"href":"https:\/\/www.europesays.com\/fi\/wp-json\/wp\/v2\/posts"}],"about":[{"href":"https:\/\/www.europesays.com\/fi\/wp-json\/wp\/v2\/types\/post"}],"author":[{"embeddable":true,"href":"https:\/\/www.europesays.com\/fi\/wp-json\/wp\/v2\/users\/2"}],"replies":[{"embeddable":true,"href":"https:\/\/www.europesays.com\/fi\/wp-json\/wp\/v2\/comments?post=136668"}],"version-history":[{"count":0,"href":"https:\/\/www.europesays.com\/fi\/wp-json\/wp\/v2\/posts\/136668\/revisions"}],"wp:featuredmedia":[{"embeddable":true,"href":"https:\/\/www.europesays.com\/fi\/wp-json\/wp\/v2\/media\/136669"}],"wp:attachment":[{"href":"https:\/\/www.europesays.com\/fi\/wp-json\/wp\/v2\/media?parent=136668"}],"wp:term":[{"taxonomy":"category","embeddable":true,"href":"https:\/\/www.europesays.com\/fi\/wp-json\/wp\/v2\/categories?post=136668"},{"taxonomy":"post_tag","embeddable":true,"href":"https:\/\/www.europesays.com\/fi\/wp-json\/wp\/v2\/tags?post=136668"}],"curies":[{"name":"wp","href":"https:\/\/api.w.org\/{rel}","templated":true}]}}