{"id":136670,"date":"2026-01-08T10:44:07","date_gmt":"2026-01-08T10:44:07","guid":{"rendered":"https:\/\/www.europesays.com\/fi\/136670\/"},"modified":"2026-01-08T10:44:07","modified_gmt":"2026-01-08T10:44:07","slug":"goottimetallin-suosio-loppui-kuin-veitsella-leikaten-2000-luvun-puolivalin-jalkeen-haastattelussa-for-my-pain","status":"publish","type":"post","link":"https:\/\/www.europesays.com\/fi\/136670\/","title":{"rendered":"&#8221;Goottimetallin suosio loppui kuin veitsell\u00e4 leikaten 2000-luvun puoliv\u00e4lin j\u00e4lkeen&#8221; -haastattelussa For My Pain"},"content":{"rendered":"<p>Onko asia todella niin, ett\u00e4 tammikuussa 2026 istumme <strong>laulaja Juha Kylm\u00e4sen<\/strong> ja<strong> basisti Altti Vetel\u00e4isen<\/strong> kanssa keskustelemassa<strong> For My Pain<\/strong> -yhtyeest\u00e4, emmek\u00e4 edes nostalgisoi vain vuonna 2003 julkaistua Fallen -albumia?<\/p>\n<p>N\u00e4in siin\u00e4 on p\u00e4\u00e4ssyt k\u00e4ym\u00e4\u00e4n. Viel\u00e4 muutama vuosi sitten tuskin kovin moni uskalsi haaveilla For My Painin paluusta, puhumattakaan keikoista tai varsinkaan uudesta albumista. Nyt kaikki n\u00e4m\u00e4 goottimetalliunelmat ovat totta.<\/p>\n<p>\u2013\u00a0Onhan t\u00e4t\u00e4 ideaa palloteltu s\u00e4\u00e4nn\u00f6llisesti kymmenien vuosien ajan, muttei me itsek\u00e4\u00e4n viel\u00e4 v\u00e4h\u00e4n aikaa sitten uskottu, ett\u00e4 t\u00e4m\u00e4 tulisi k\u00e4ym\u00e4\u00e4n toteen, Kylm\u00e4nen tokaisee heti keskustelun aluksi.<\/p>\n<p>\u2013\u00a0Pari vuotta sitten me istuttiin alas ja pidettiin aiheesta palaveri. Siit\u00e4 se ajatus l\u00e4hti konkretisoitumaan ja nyt tilanne on eskaloitunut t\u00e4h\u00e4n pisteeseen, ett\u00e4 t\u00e4ll\u00e4 viikolla on kakkoslevy ulkona, Vetel\u00e4inen lis\u00e4\u00e4 maireasti.<\/p>\n<p>Viime vuonna paluukeikkoja tehdess\u00e4\u00e4n For My Pain sai yll\u00e4tty\u00e4 siit\u00e4, millainen kysynt\u00e4 b\u00e4ndille oli kasvanut. B\u00e4ndi ei keikkaillut aikoinaan juuri ollenkaan, nyt yleis\u00f6\u00e4 riitti ja Fallen-albumikin oli kasvanut vuosikymmeniss\u00e4 korkoa.<\/p>\n<p>\u2013\u00a0Kun tehtiin Fallenia, kaikki oli tosi hektist\u00e4. Asuin itse Helsingiss\u00e4, py\u00f6rittelin kahta b\u00e4ndi\u00e4 ja monen mutkan kautta tuli tilaisuus laulaa my\u00f6s For My Painissa, kun olin ollut mukana Eternal Tears of Sorrowissa, Kylm\u00e4nen muistelee.<\/p>\n<p>\u2013\u00a0Mietittiin aika vasta tuota ajankuvaa. Kun haluttiin kuunnella For My Pain -demoja, me sovittiin treffit paikallisen Shellin pihalle ja kuunneltiin niit\u00e4 demoja auton kasettimankalla. T\u00f6rr\u00f6n O-P (kitara) teki tuolloin demot Amigalla ja ne olivat sellaisia suttuisia miditallenteita, joita me fiilisteltiin autossa. Totesin, ett\u00e4 tottakai olen mukana.<\/p>\n<p>T\u00e4m\u00e4 muistelu saa Kylm\u00e4sen palaamaan viel\u00e4 hieman taaemmaksi aikaan, jota h\u00e4n kuvailee el\u00e4m\u00e4ns\u00e4 synkimm\u00e4ksi.<\/p>\n<p>\u2013\u00a0Olin sairastunut pahasti, olin vuoden sivussa kaikesta ja t\u00e4m\u00e4 muu porukka odotti sit\u00e4, ett\u00e4 toivun sairaudesta.<\/p>\n<p>Leikkaukset olivat aika isoja, olin vuoden laakereillani ja vasta sitten p\u00e4\u00e4stiin tekem\u00e4\u00e4n For My Painia. Mutta kun p\u00e4\u00e4stiin, niin sitten asiat eteniv\u00e4t niin nopeasti, ettei me oikein edes ajateltu liikaa, mit\u00e4 me ollaan tekem\u00e4ss\u00e4.<\/p>\n<p>\u2013\u00a0Omasta n\u00e4k\u00f6kulmastani tuo oli hyvin sekavaa aikaa. Purin Falleniin kaiken sen synkkyyden, mit\u00e4 sis\u00e4lleni ja ymp\u00e4rilleni oli kertynyt, ja se albumi on t\u00e4ynn\u00e4 sellaisia pelkoja ja toivottomuutta, mit\u00e4 ei olisi voinut k\u00e4sitell\u00e4 mill\u00e4\u00e4n muulla keinolla kuin musiikin ja sanojen kautta. Fallen oli minulle itselleni eritt\u00e4in t\u00e4rke\u00e4 pelastusrengas.<\/p>\n<p>Ilmankos Fallen oli niin suurella melankolisella tunnelmalla ladattu albumi, ett\u00e4 se on merkinnyt paljon todella monelle kuulijalle: Paluukiertueen ymp\u00e4rill\u00e4 some t\u00e4yttyi kommenteista, joissa levyn kerrottiin jopa pelastaneen ihmishenki\u00e4.<\/p>\n<p>\u2013\u00a0J\u00e4nnitt\u00e4v\u00e4\u00e4 oli se, ett\u00e4 sen 20 vuoden aikana, kun emme olleet aktiivisia, yhteydenpito kuulijoilta ei sammunut koskaan, vaan saimme ihan jatkuvasti viestej\u00e4 ihmisilt\u00e4 Suomesta ja maailmalta, Kylm\u00e4nen ihmettelee.<\/p>\n<p>\u2013\u00a0Tekohetkell\u00e4 me raavittiin Fallenille kaikki ne biisit, joita meill\u00e4 oli tuolloin olemassa, ja levy oli meille kaikille er\u00e4\u00e4nlainen paineeton terapiaprojekti, jota ei stressattu lainkaan samalla tavalla p\u00e4\u00e4b\u00e4ndej\u00e4, Vetel\u00e4inen lis\u00e4\u00e4.<\/p>\n<p>\u2013\u00a0Itselle For My Pain oli t\u00e4rke\u00e4 juttu, koska me oltiin noihin aikoihin ly\u00f6ty Eternal Tears of Sorrowin kanssa hommat pakettiin. Siin\u00e4 tuli sellainen yhdenlainen hetki, kun luultiin ettei b\u00e4ndi jatku en\u00e4\u00e4 koskaan, eik\u00e4 me tuolloin tiedetty, ett\u00e4 palataan viel\u00e4 muutaman vuoden p\u00e4\u00e4st\u00e4. For My Painin kanssa sai tehd\u00e4 erilaista musiikkia eri tyyppien kanssa.<\/p>\n<p><strong>Goottimetallin nousu, tuho ja nousu<\/strong><\/p>\n<p>Jossain toisessa ulottuvuudessa For My Painista olisi voinut tulla jo 2000-luvun alussa jos ei kaikille, niin ainakin osalle b\u00e4ndin joukosta SE p\u00e4\u00e4b\u00e4ndi, jonka kanssa olisi kierretty ja tehty enemm\u00e4n albumeita.<\/p>\n<p>\u2013\u00a0Ollaanhan me sit\u00e4 mietitty, koska silloin aikanaan t\u00e4llaiselle musiikille todellakin oli kysynt\u00e4\u00e4, Vetel\u00e4inen miettii.<\/p>\n<p>\u2013\u00a0Osa j\u00e4tkist\u00e4h\u00e4n oli tuolloin sit\u00e4 mielt\u00e4, ett\u00e4 nyt menn\u00e4\u00e4n ja valloitetaan koko maailma, kun taas itse jarruttelin asiaa, ett\u00e4 t\u00e4m\u00e4 on terapiaprojekti, enk\u00e4 halua t\u00e4st\u00e4 uutta painekattilaa. Kyll\u00e4 me tuolloin silti p\u00e4\u00e4tettiin, ett\u00e4 tehd\u00e4\u00e4n se kakkoslevy. Alettiin tehd\u00e4 biisej\u00e4, treenattiinkin niit\u00e4 ja Tuomaskin oli mukana, ett\u00e4 tehd\u00e4\u00e4n toinen levy\u2026<\/p>\n<p>\u2013\u00a0Sitten Charon kasvoi isommaksi, Reflexion vei Juhaa menness\u00e4\u00e4n, Nightwish aktivoitui taas ja paketti alkoi sill\u00e4 tavalla levit\u00e4. P\u00e4\u00e4tettiin, ett\u00e4 jos meill\u00e4 ei ole tarpeeksi aikaa, niin ei me v\u00e4kisin aleta tehd\u00e4 puolivillaista levy\u00e4.<\/p>\n<p>\u2013\u00a0Ajateltiin, ett\u00e4 tehd\u00e4\u00e4n toinen albumi sitten kun aikaa on, ja eih\u00e4n t\u00e4ss\u00e4 mennyt kuin 20 vuotta, Kylm\u00e4nen nauraa.<\/p>\n<p>2000-luvun puoliv\u00e4liss\u00e4 goottimetalli oli Suomessa suorastaan ilmi\u00f6. Aina kun luettelee b\u00e4ndien nimi\u00e4 kuten HIM, Charon, The 69 Eyes, Reflexion ja Entwine, useita ryhmi\u00e4 p\u00e4\u00e4see jopa unohtumaan, mik\u00e4 kertoo niiden m\u00e4\u00e4r\u00e4st\u00e4.<\/p>\n<p>\u2013\u00a0H\u00e4mment\u00e4vint\u00e4 asiassa oli se, miten nopeasti se kaikki alkoi, ja miten nopeasti se loppui. Mekin kun julkaistiin Reflexionin debyytti vuonna 2006, niin me oltiin jo tuolloin huomattavasti my\u00f6h\u00e4ss\u00e4, Kylm\u00e4nen sanoo.<\/p>\n<p>\u2013\u00a0Goottimetallin suosio loppui kuin veitsell\u00e4 leikaten 2000-luvun puoliv\u00e4lin j\u00e4lkeen ja sen huomasi heti, kun l\u00e4hdettiin Reflexionin kanssa rundaamaan ja yleis\u00f6kato ei tapahtunut vain meill\u00e4, vaan melkein koko genress\u00e4.<\/p>\n<p>\u2013\u00a0Tuolloin keikkailtiin viel\u00e4 Ven\u00e4j\u00e4ll\u00e4 ja siell\u00e4kin oli ensimm\u00e4isell\u00e4 kerralla salit t\u00e4ynn\u00e4, tehtiin toinen albumi joka oli meid\u00e4n mielest\u00e4mme parempi, ja sitten samoissa paikoissa ei ollutkaan en\u00e4\u00e4 katsojia edes siell\u00e4 Ven\u00e4j\u00e4ll\u00e4. Samaa sai kuulla monilta muilta, ihan kuin koko genre olisi alkanut kuolla sillon, kun Sentenced kuoli.<\/p>\n<p>Kylm\u00e4nen alleviivaa, ettei For My Painia tai muutakaan musiikkia tehty tai oltu tekem\u00e4tt\u00e4 sen mukaan, miten suosittua se on tai ei ole, mutta raaka realismi tuli vastaan siin\u00e4 kohtaa, kun levyj\u00e4 tai kiertueita ei vain kannattanut tehd\u00e4.<\/p>\n<p>\u2013\u00a0Se meni niin pitk\u00e4lle, ett\u00e4 tuntui kuin hetkeen koko goottimetallin tai -rockin genre\u00e4 ei olisi en\u00e4\u00e4 ollut olemassa.<\/p>\n<p>\u2013\u00a0Jos t\u00e4t\u00e4 kaikkea miettii musahistorian kautta, niin ei se kasarin glamrock-kausikaan kovin montaa vuotta kest\u00e4nyt isoimmillaan, mutta niin se vain el\u00e4\u00e4 yh\u00e4 siell\u00e4 jossain niiden innokkaimpien fanien kannattelemana.<\/p>\n<p>Mietimme For My Pain -kaksikon kanssa sit\u00e4, ett\u00e4 monet 2000-luvun alussa herkki\u00e4 teinigoottivuosiaan viett\u00e4neet ihmiset ovat nyt aikuisia, jopa orastavassa keski-i\u00e4ss\u00e4, mutta musta ja violetti eiv\u00e4t ole heid\u00e4n syd\u00e4mist\u00e4\u00e4n kadonnut.<\/p>\n<p>\u2013\u00a0Sama asiahan se meill\u00e4 itsell\u00e4kin on, ett\u00e4 jossain kohtaa yritettiin kasailla t\u00e4lle toiselle levylle kappaleita T\u00f6rr\u00f6n O-P:n kanssa, mutta siin\u00e4 oli ruuhkavuosia ja perhett\u00e4 ja kaikkea, niin ei vain oltu tyytyv\u00e4isi\u00e4 lopputulokseen.<\/p>\n<p>\u2013\u00a0Nyt me taas ollaan samanlaisessa tilanteessa kuin meid\u00e4n kuulijatkin, ett\u00e4 lapset alkavat lent\u00e4\u00e4 pes\u00e4st\u00e4, joten nyt saattaa taas tehd\u00e4 erilaisia asioita. Itsekin olen vuosia kasannut omaa studiota t\u00e4nne Ouluun.<\/p>\n<p>\u2013\u00a0Me p\u00e4\u00e4tettiin nopeasti, ett\u00e4 For My Painista ei tule sellainen b\u00e4ndi, jossa kaikki j\u00e4senet \u00e4\u00e4nittelee asioita omissa olohuoneissaan ja l\u00e4hettelee niit\u00e4 Dropboxilla, vaan me tehd\u00e4\u00e4n t\u00e4t\u00e4 levy\u00e4 yhdess\u00e4.<\/p>\n<p>Kylm\u00e4nen ja Vetel\u00e4inen pudistelevat hymyillen p\u00e4it\u00e4\u00e4n ja toteavat sitten, ett\u00e4 kyll\u00e4h\u00e4n asia taitaa olla sill\u00e4 tavalla, ettei se goottius katoa koskaan sielt\u00e4 ihmisen sisimm\u00e4st\u00e4, jos on siihen tiettyyn melankoliaan syntynyt.<\/p>\n<p>\u2013\u00a0Kyll\u00e4 jokainen meist\u00e4 on tahoillaan tehnyt musiikkia t\u00e4ss\u00e4 kaikki n\u00e4m\u00e4 vuodet, mutta jos me ollaan ihan rehellisi\u00e4 itsellemme, niin ihan samasta tummasta liekist\u00e4 ne kaikki biisit kaikille b\u00e4ndeille ovat tulleet, Kylm\u00e4nen naurahtaa.<\/p>\n<p>\u2013\u00a0For My Painin kohdalla kyse on siit\u00e4, ett\u00e4 me ollaan samanhenkisi\u00e4 ihmisi\u00e4, jotka haluavat tehd\u00e4 juuri t\u00e4llaista musiikkia juuri t\u00e4ll\u00e4 porukalla, ja tunnistetaan toisistamme se sama palo. Kyll\u00e4 se \u201dMy wound is deeper than yours\u201d -yhteishenki kummasti l\u00f6ytyi vuosienkin j\u00e4lkeen, ja siit\u00e4 me tiedettiin, ett\u00e4 kyll\u00e4 se toinen levy oikeasti tehd\u00e4\u00e4n.<\/p>\n<p><strong>Mustan huumorin klangi<\/strong><\/p>\n<p>For My Pain -kaksikko iloitsee siit\u00e4, ett\u00e4 b\u00e4ndi on nyt enemm\u00e4n b\u00e4ndi kuin koskaan ennen: Nykyinen kokoonpano pystyy tekem\u00e4\u00e4n musiikkia yhdess\u00e4 samassa paikassa ja samaan aikaan, ihan kuten b\u00e4ndiss\u00e4 kuuluukin.<\/p>\n<p>\u2013\u00a0T\u00e4m\u00e4 johti siihen, ett\u00e4 biisej\u00e4 syntyi nopealla tahdilla todella paljon, enk\u00e4 j\u00e4nnitt\u00e4nyt levyn tekemist\u00e4 yht\u00e4\u00e4n niin paljon kuin keikkoja, koska mulla oli kulunut aikaa siit\u00e4, kun olin esiintynyt metallib\u00e4ndin kanssa, Kylm\u00e4nen sanoo.<\/p>\n<p>\u2013\u00a0Hetken aikaa katselin peiliin, ett\u00e4 jos nyt en silm\u00e4pusseihin kompastu, niin ehk\u00e4 t\u00e4m\u00e4 l\u00e4htee t\u00e4st\u00e4 sujumaan. Siit\u00e4 l\u00e4hti sellainen ajatus, ett\u00e4 ehk\u00e4 t\u00e4ss\u00e4 i\u00e4ss\u00e4 ei tarvitse ihan niin paljon vouhottaa kuin nuorempana. Kaiken voi tehd\u00e4 rennommin ja hauskemmin. Tuo uusi itsevarmuus tarttui nopeasti t\u00e4h\u00e4n levynkin tekemiseen.<\/p>\n<p>Yksi asia on yht\u00e4 vuosissa 2003 ja 2026 eli For My Painin debyytin ja kakkoslevyn julkaisussa: Goottimetallille on todellakin taas tilausta. 23 vuotta sitten genre oli kuumimmillaan, ja nyt siit\u00e4 on jopa huutava pula.<\/p>\n<p>\u2013\u00a0Se mist\u00e4 olen ihan super ylpe\u00e4 on se, ett\u00e4 paluun voi tehd\u00e4 kuka tahansa, mutta se ett\u00e4 onnistuu tekem\u00e4\u00e4n yhtyeen kanssa n\u00e4in pitk\u00e4n ajan j\u00e4lkeen oikeasti hyv\u00e4n albumin, niin se ei olekaan niin helppoa, Kylm\u00e4nen miettii.<\/p>\n<p>\u2013\u00a0Taiteellisesti t\u00e4m\u00e4 oli helpompaa kuin ikin\u00e4. Kirjoitin tekstej\u00e4kin varmaan kolmen levyn edest\u00e4. Mutta nyt me tehtiin kaikki itse. Meill\u00e4 on oma levy-yhti\u00f6, oma tuotantoyhti\u00f6, oma studio ja kaikki muu paitsi miksaus ja masterointi on meid\u00e4n omaa k\u00e4sialaa. Se on ollut valtava urakka, jonka aikana on ep\u00e4illyt kaikkea, mutta kyll\u00e4 se nyt palkitseekin.<\/p>\n<p>Mutta mik\u00e4 tekee hyv\u00e4st\u00e4 goottimetallikappaleesta hyv\u00e4n goottimetallikappaleen? Kuka vain voi kirjoittaa melankolisen melodian, mutta juuri t\u00e4ss\u00e4 genress\u00e4 keskiverron ja loistavan v\u00e4linen kuilu on kiinni pienist\u00e4 asioista.<\/p>\n<p>\u2013\u00a0Kuten kaikessa rock-musiikissa, melodia on kaikkein t\u00e4rkeint\u00e4, mutta samalla lyriikan on tuettava sit\u00e4 tunnelmaa ja tunnelmassa on oltava tietynlainen klangi, jossa kaikki kietoutuu yhteen ja vaikuttaa kaikkeen, Kylm\u00e4nen arvelee.<\/p>\n<p>\u2013\u00a0T\u00e4h\u00e4n genreen ei sovellu se, ett\u00e4 aletaan tehd\u00e4 hitti\u00e4 laskelmoidusti. Sit\u00e4 yht\u00e4l\u00f6\u00e4 ei ole olemassakaan. Se on vain aistittava, ett\u00e4 mitk\u00e4 osaset toimivat yhdess\u00e4. Mit\u00e4\u00e4n yht\u00e4 jippoa ei ole. T\u00e4ll\u00e4 uudellakin levyll\u00e4 on paljon ihan erilaisia tunnelmia kuin Fallenilla, mutta my\u00f6s samoja. Kyse on siit\u00e4, miten kaikki tunnelmat keskustelevat kesken\u00e4\u00e4n.<\/p>\n<p>\u2013\u00a0Buried Blue ei ole konseptilevy, mutta kyll\u00e4 se henkii my\u00f6s t\u00e4t\u00e4 aikaa ja n\u00e4it\u00e4 tunteita, joita juuri nyt koemme.<\/p>\n<p>Albumilta on ehk\u00e4 irrotettu singlej\u00e4, mutta se on kokonaisuus. Maailma menee yh\u00e4 enemm\u00e4n soittolistojen suuntaan, mutta For My Pain pit\u00e4\u00e4 kiinni albumikokonaisuudesta Travis Smithin kansitaiteita my\u00f6ten.<\/p>\n<p>Albumilla on my\u00f6s pidetty hauskaa. T\u00e4m\u00e4 kuuluu siin\u00e4, ett\u00e4 levyll\u00e4 on revitelty koko goottimetallin ja -rockin kuvastolla. Monikaan ei goottimetallia en\u00e4\u00e4 tee, joten For My Pain tekee oman kuuloista musiikkia, joka saa kuitenkin tehd\u00e4 kunniaa my\u00f6s Type O Negativelle, The 69 Eyesille, HIM:ille ja jopa The Curelle ja The Sisters of Mercylle.<\/p>\n<p>\u2013\u00a0T\u00e4llaiseen musiikkiin kuuluu musta huumori, jossa kaikki on yht\u00e4 aikaa haudanvakaavaa, ja virnuilee silti itselleen. For My Pain on kuin ihminen tuskallisimmillaan nauramassa silti omalle misantropialleen, Kylm\u00e4nen sanoo.<\/p>\n<p>\u2013\u00a0Miksi emme k\u00e4ytt\u00e4isi kaikkia goottimetallin keinoja, kun kentt\u00e4 on vapaa? Emme karsineet mit\u00e4\u00e4n. Annoimme menn\u00e4. Emme miettineet, voiko n\u00e4in tai n\u00e4in tehd\u00e4. Buried Bluella saa kuulua KAIKKI se, mit\u00e4 me olemme.<\/p>\n<p>\u2013\u00a0Siell\u00e4 on ihan tietoisia kumarruksia genren suuruuksien suuntaan ja v\u00e4lill\u00e4 me treeneiss\u00e4 naureskeltiinkin, ett\u00e4 kuulostaapa t\u00e4m\u00e4 nyt t\u00e4lt\u00e4 ja t\u00e4lt\u00e4, mutta sitten ajateltiin, ett\u00e4 mit\u00e4 sitten? Vetel\u00e4inen naurahtaa.<\/p>\n<p>\u2013\u00a0Buried Blue ei ole mink\u00e4\u00e4n b\u00e4ndin kopiointia, mutta mukana on t\u00e4ysin vapaasti tribuutteja juuri sellaisiin suuntiin, jotka ovat tehneet meist\u00e4 niit\u00e4 tyyppej\u00e4 ja niit\u00e4 luovia hahmoja, joita me t\u00e4n\u00e4 p\u00e4iv\u00e4n\u00e4 olemme.<\/p>\n<p><strong>Se ikuinen kaipuu<\/strong><\/p>\n<p>Tekstit ovat t\u00e4rke\u00e4 osa goottimetallia, ja sit\u00e4 ne ovat my\u00f6s For My Painille. Buried Bluelta l\u00f6ytyy yll\u00e4tt\u00e4v\u00e4n monis\u00e4vyisi\u00e4 lyriikoita, joita Kylm\u00e4nen kertoo ammentaneensa monelta suunnalta.<\/p>\n<p>\u2013\u00a0Siell\u00e4 on tekstej\u00e4 T\u00f6rr\u00f6n O-P:n vanhoista k\u00e4tk\u00f6ist\u00e4, eik\u00e4 kaikissa niiss\u00e4 ollut aluksi p\u00e4\u00e4t\u00e4 eik\u00e4 h\u00e4nt\u00e4\u00e4, mutta sielt\u00e4 t\u00e4\u00e4lt\u00e4 kasattiin ajatuksia ja juurikin niit\u00e4 tunnelmia, joita kaipasimme juuri t\u00e4h\u00e4n hetkeen.<\/p>\n<p>\u2013\u00a0Fallen-albumilla vallitsi er\u00e4\u00e4nlainen itsetuhoinen tunnelma. Sellainen ep\u00e4usko siihen, ettei ikin\u00e4 tule n\u00e4kem\u00e4\u00e4n kovin montaa vuotta eteenp\u00e4in, ja se kuului kaikkialla albumilla. Nyt aloin n\u00e4hd\u00e4 \u00f6isin lauseita ja huomasin, ett\u00e4 kaikki se postapokalyptinen- ja scifi-materiaali johon olin perehtynyt, alkoi kummuta jostain sisimm\u00e4st\u00e4ni.<\/p>\n<p>\u2013\u00a0Kaikki tuo maailmanlopun tematiikka kuuluu albumilla. En ole poliittisesti mill\u00e4\u00e4n tavalla kantaaottava hahmo, mutta kyll\u00e4 se t\u00e4m\u00e4n elett\u00e4v\u00e4n aikakauden henki tulee v\u00e4kisin esille n\u00e4iss\u00e4 teksteiss\u00e4, ett\u00e4 miten t\u00e4m\u00e4 maailma oikeasti voi olla n\u00e4in k\u00e4sitt\u00e4m\u00e4t\u00f6n. Miten voi olla niin, ett\u00e4 me vain odotamme sit\u00e4, ett\u00e4 kaikki ymp\u00e4rill\u00e4mme tuhoutuu?<\/p>\n<p>Kylm\u00e4nen sanoo, ett\u00e4 Buried Bluen taustalla vaanii pelko. Tietoisuus siit\u00e4 tuhosta, mit\u00e4 kohti ihmiskunta vaikuttaa olevan matkalla, vaikka samoista aiheista on kirjoitettu jo pitk\u00e4\u00e4n fiktiota. Nyt se fiktio alkaa olla todellisuutta.<\/p>\n<p>\u2013\u00a0Saatoin n\u00e4hd\u00e4 p\u00e4\u00e4ss\u00e4ni kokonaisen biisin tekstit nukkuessani, her\u00e4sin ja vasta sitten kirjoitin sen kokonaan kerralla yl\u00f6s. Jos tuo ei kerro jotain siit\u00e4, ett\u00e4 t\u00e4m\u00e4 musiikki ja n\u00e4m\u00e4 tekstit tulevat alitajunnasta, niin en tied\u00e4 mik\u00e4 sitten.<\/p>\n<p>\u2013\u00a0Ne tekstit eiv\u00e4t juurikaan muuttuneet tuosta. Siell\u00e4 on kyll\u00e4 mustaa huumoria ja \u201dkinky-stuffia\u201d, joka tulee hyvin luonnollisesti t\u00e4llaiseen musaan, mutta kyll\u00e4 siell\u00e4 kaiken takana on aika rajua maailmantuskaa. Mulla oli nuorena tosi vaikeaa v\u00e4\u00e4nt\u00e4mist\u00e4 tekstien kanssa, nyt n\u00e4m\u00e4 tulivat ulos kuin v\u00e4kisin, koska niiden oli pakko tulla.<\/p>\n<p>Kylm\u00e4nen virnist\u00e4\u00e4, ett\u00e4 mukana on my\u00f6s juuri sellaista kaipuun sanomaa, joka on aina h\u00e4ness\u00e4 l\u00e4sn\u00e4.<\/p>\n<p>\u2013\u00a0Se on sit\u00e4, kun aina on kaipuu ja ik\u00e4v\u00e4 jonnekin, eik\u00e4 edes tied\u00e4 itsek\u00e4\u00e4n ett\u00e4 minne.<\/p>\n<p>\u2013\u00a0Se on se kaihomielinen oli. Ei sellainen ettei mik\u00e4\u00e4n riit\u00e4, vaan sellainen ett\u00e4 ihan kuin olisi v\u00e4\u00e4r\u00e4ss\u00e4 ajassa tai paikassa, tai on v\u00e4hint\u00e4\u00e4n itse v\u00e4\u00e4r\u00e4nlainen. Mustan huumorin kukka puhkeaa aina n\u00e4ihin asioihin, koska eih\u00e4n sille nyt voi olla hym\u00e4htelem\u00e4tt\u00e4, ett\u00e4 ihminen on aina hieman eksyksiss\u00e4 itsens\u00e4 kanssa, vaikka mik\u00e4 olisi.<\/p>\n<p>Lue my\u00f6s: <a href=\"https:\/\/www.inferno.fi\/uutiskirje\/\" title=\"Tilaa Infernon uutiskirje\" class=\"underline-custom !font-montserrat !font-bold !underline-offset-4 !decoration-4 !decoration-red-600 !text-md\" rel=\"nofollow noopener\" target=\"_blank\">Tilaa Infernon uutiskirje ja tied\u00e4t mist\u00e4 kahvitauolla puhutaan! Nappaa raskaan musiikin uutiset ja puheenaiheet suoraan s\u00e4hk\u00f6postiin t\u00e4st\u00e4.<\/a><\/p>\n","protected":false},"excerpt":{"rendered":"Onko asia todella niin, ett\u00e4 tammikuussa 2026 istumme laulaja Juha Kylm\u00e4sen ja basisti Altti Vetel\u00e4isen kanssa keskustelemassa For&hellip;\n","protected":false},"author":2,"featured_media":136671,"comment_status":"","ping_status":"","sticky":false,"template":"","format":"standard","meta":{"footnotes":""},"categories":[132],"tags":[137,33,31,30,8397,5533,5042,195,47,32,2954,109],"class_list":{"0":"post-136670","1":"post","2":"type-post","3":"status-publish","4":"format-standard","5":"has-post-thumbnail","7":"category-musiikki","8":"tag-entertainment","9":"tag-fi","10":"tag-finland","11":"tag-finnish","12":"tag-goottimetalli","13":"tag-gothic-metal","14":"tag-haastattelut","15":"tag-music","16":"tag-musiikki","17":"tag-suomi","18":"tag-uusi-levy","19":"tag-viihde"},"share_on_mastodon":{"url":"https:\/\/pubeurope.com\/@fi\/115859073457260973","error":""},"_links":{"self":[{"href":"https:\/\/www.europesays.com\/fi\/wp-json\/wp\/v2\/posts\/136670","targetHints":{"allow":["GET"]}}],"collection":[{"href":"https:\/\/www.europesays.com\/fi\/wp-json\/wp\/v2\/posts"}],"about":[{"href":"https:\/\/www.europesays.com\/fi\/wp-json\/wp\/v2\/types\/post"}],"author":[{"embeddable":true,"href":"https:\/\/www.europesays.com\/fi\/wp-json\/wp\/v2\/users\/2"}],"replies":[{"embeddable":true,"href":"https:\/\/www.europesays.com\/fi\/wp-json\/wp\/v2\/comments?post=136670"}],"version-history":[{"count":0,"href":"https:\/\/www.europesays.com\/fi\/wp-json\/wp\/v2\/posts\/136670\/revisions"}],"wp:featuredmedia":[{"embeddable":true,"href":"https:\/\/www.europesays.com\/fi\/wp-json\/wp\/v2\/media\/136671"}],"wp:attachment":[{"href":"https:\/\/www.europesays.com\/fi\/wp-json\/wp\/v2\/media?parent=136670"}],"wp:term":[{"taxonomy":"category","embeddable":true,"href":"https:\/\/www.europesays.com\/fi\/wp-json\/wp\/v2\/categories?post=136670"},{"taxonomy":"post_tag","embeddable":true,"href":"https:\/\/www.europesays.com\/fi\/wp-json\/wp\/v2\/tags?post=136670"}],"curies":[{"name":"wp","href":"https:\/\/api.w.org\/{rel}","templated":true}]}}