{"id":136674,"date":"2026-01-08T10:48:06","date_gmt":"2026-01-08T10:48:06","guid":{"rendered":"https:\/\/www.europesays.com\/fi\/136674\/"},"modified":"2026-01-08T10:48:06","modified_gmt":"2026-01-08T10:48:06","slug":"tyovuorossa-susani-mahaduran-kanssa-podcastin-toinen-kausi-tarjoaa-toivoa","status":"publish","type":"post","link":"https:\/\/www.europesays.com\/fi\/136674\/","title":{"rendered":"Ty\u00f6vuorossa Susani Mahaduran kanssa \u2013 podcastin toinen kausi tarjoaa toivoa"},"content":{"rendered":"<p>Ty\u00f6vuorossa-podcastin toisen kauden aloittaa Rinnekotien liiketoimintajohtaja<strong> Annareetta Vaara<\/strong>, joka pohtii yhdess\u00e4 toimittaja, ohjaaja Susani Mahaduran kanssa sote-alan tulevaisuutta.<\/p>\n<p>\u201dSote-alan menestys perustuu hyv\u00e4\u00e4n johtamiseen ja hyvinvoivaan henkil\u00f6st\u00f6\u00f6n. Tulevaisuuden menestyj\u00e4t arvostavat ty\u00f6ntekij\u00f6it\u00e4, mahdollistavat vahvuuksilla ty\u00f6skentelyn ja rakentavat kulttuurin, joka houkuttelee osaajia\u201d, Vaara huomauttaa.<\/p>\n<p>Rinnekotien t\u00e4rke\u00e4ksi kilpailutekij\u00e4ksi Vaara n\u00e4kee rohkeuden.<\/p>\n<p>\u201dMe otamme vastaan erityisen erityisi\u00e4 asiakkaita, jotka muuten ovat vaarassa pudota yhteiskunnan turvaverkoista. Tavoitteemme on my\u00f6s ratkoa yhdess\u00e4 kumppaneidemme, kuten hyvinvointialueiden, kanssa haastavia yhteiskunnallisia ongelmia. T\u00e4m\u00e4 vaatii paljon my\u00f6s henkil\u00f6st\u00f6lt\u00e4, mutta juuri se on vahvuutemme \u2013 rohkeus ja yhteisty\u00f6\u201d, Vaara kiteytt\u00e4\u00e4.<\/p>\n<p>Susanin matkassa kohti uutta<\/p>\n<p>Ty\u00f6vuorossa-podcastin ensimm\u00e4inen kausi julkaistiin kev\u00e4\u00e4ll\u00e4 2025. T\u00e4n\u00e4\u00e4n torstaina k\u00e4ynnistyv\u00e4 toinen kausi johdattaa meid\u00e4t yh\u00e4 syvemm\u00e4lle tulevaisuuden visioihin, kohtaamisen taitoihin, rakkauteen ja itsem\u00e4\u00e4r\u00e4\u00e4misoikeuteen, mielen hyvinvointiin, aivoterveyteen ja turvallisuuteen. Podcastissa Susani Mahaduran johdolla \u00e4\u00e4neen p\u00e4\u00e4sev\u00e4t Rinnekotien ja Diakonissalaitoksen asiantuntijat.<\/p>\n<p>Toinen kausi tarjoaa my\u00f6s yll\u00e4tyksen: Aihetta laajennetaan lyhyill\u00e4 inserttivideoilla. N\u00e4emme, kun Mahadura vierailee muun muassa muistisairaiden ik\u00e4ihmisten kotona, tekee naapurustoty\u00f6t\u00e4 siivoamalla Helsingin katuja yhdess\u00e4 asunnottomuutta kokeneiden kanssa ja keskustelee rakkaudesta pariskunnan kanssa, jossa molemmat puolisot ovat kehitysvammaisia.<\/p>\n<p>Millainen kokemus Ty\u00f6vuorossa-podcastin tekeminen oli media-alan konkarille?<\/p>\n<p>\u201dRinnekotien yhteiskunnallinen ty\u00f6 on tehnyt minuun syv\u00e4n vaikutuksen. K\u00e4si syd\u00e4mell\u00e4 voin sanoa, ett\u00e4 t\u00e4m\u00e4n projektin parissa ty\u00f6skenteleminen on yksi t\u00e4rkeimpi\u00e4 kokemuksia koko urani ajalta. Sain n\u00e4hd\u00e4 ja kokea jotain sellaista, mik\u00e4 antaa minulle valtavasti toivoa paremmasta huomisesta\u201d, Mahadura sanoo.<\/p>\n<p>Ty\u00f6vuorossa-podcastin ensimm\u00e4inen jakso ilmestyy t\u00e4n\u00e4\u00e4n torstaina 8. tammikuuta. Yhteens\u00e4 julkaisemme kuusi jaksoa, parin viikon v\u00e4lein.\u00a0Podcast on kuunneltavissa \u202f<a href=\"https:\/\/open.spotify.com\/show\/49WHsHVyUDo9CbFj82XMxx?si=bkFQXEgOQqOPk-CDZZJaNQ&amp;nd=1&amp;dlsi=def3a087216b435a\" rel=\"nofollow noopener\" target=\"_blank\">Spotifyssa.<\/a> Videot voit katsoa\u00a0\u202f<a href=\"https:\/\/www.youtube.com\/@rinnekodit\/podcasts\" rel=\"nofollow noopener\" target=\"_blank\">Rinnekotien Youtube-kanavalla\u202f\u00a0<\/a>sek\u00e4 osoitteessa\u00a0\u202f<a href=\"http:\/\/rinnekodit.fi\/tyovuorossa-podcast\" rel=\"nofollow noopener\" target=\"_blank\">rinnekodit.fi\/tyovuorossa-podcast<\/a>. Seuraa my\u00f6s somessa tunnisteella #ty\u00f6vuorossapodi sek\u00e4 #SusaninKanssa.<\/p>\n","protected":false},"excerpt":{"rendered":"Ty\u00f6vuorossa-podcastin toisen kauden aloittaa Rinnekotien liiketoimintajohtaja Annareetta Vaara, joka pohtii yhdess\u00e4 toimittaja, ohjaaja Susani Mahaduran kanssa sote-alan tulevaisuutta.&hellip;\n","protected":false},"author":2,"featured_media":136675,"comment_status":"","ping_status":"","sticky":false,"template":"","format":"standard","meta":{"footnotes":""},"categories":[130],"tags":[137,33,31,30,32,109],"class_list":{"0":"post-136674","1":"post","2":"type-post","3":"status-publish","4":"format-standard","5":"has-post-thumbnail","7":"category-viihde","8":"tag-entertainment","9":"tag-fi","10":"tag-finland","11":"tag-finnish","12":"tag-suomi","13":"tag-viihde"},"share_on_mastodon":{"url":"https:\/\/pubeurope.com\/@fi\/115859089178175876","error":""},"_links":{"self":[{"href":"https:\/\/www.europesays.com\/fi\/wp-json\/wp\/v2\/posts\/136674","targetHints":{"allow":["GET"]}}],"collection":[{"href":"https:\/\/www.europesays.com\/fi\/wp-json\/wp\/v2\/posts"}],"about":[{"href":"https:\/\/www.europesays.com\/fi\/wp-json\/wp\/v2\/types\/post"}],"author":[{"embeddable":true,"href":"https:\/\/www.europesays.com\/fi\/wp-json\/wp\/v2\/users\/2"}],"replies":[{"embeddable":true,"href":"https:\/\/www.europesays.com\/fi\/wp-json\/wp\/v2\/comments?post=136674"}],"version-history":[{"count":0,"href":"https:\/\/www.europesays.com\/fi\/wp-json\/wp\/v2\/posts\/136674\/revisions"}],"wp:featuredmedia":[{"embeddable":true,"href":"https:\/\/www.europesays.com\/fi\/wp-json\/wp\/v2\/media\/136675"}],"wp:attachment":[{"href":"https:\/\/www.europesays.com\/fi\/wp-json\/wp\/v2\/media?parent=136674"}],"wp:term":[{"taxonomy":"category","embeddable":true,"href":"https:\/\/www.europesays.com\/fi\/wp-json\/wp\/v2\/categories?post=136674"},{"taxonomy":"post_tag","embeddable":true,"href":"https:\/\/www.europesays.com\/fi\/wp-json\/wp\/v2\/tags?post=136674"}],"curies":[{"name":"wp","href":"https:\/\/api.w.org\/{rel}","templated":true}]}}