{"id":136678,"date":"2026-01-08T10:52:06","date_gmt":"2026-01-08T10:52:06","guid":{"rendered":"https:\/\/www.europesays.com\/fi\/136678\/"},"modified":"2026-01-08T10:52:06","modified_gmt":"2026-01-08T10:52:06","slug":"ilmarisessa-merkittava-pudotus-tyokyvyttomyyselakehakemuksissa-laskua-kahdeksan-prosenttia","status":"publish","type":"post","link":"https:\/\/www.europesays.com\/fi\/136678\/","title":{"rendered":"Ilmarisessa merkitt\u00e4v\u00e4 pudotus ty\u00f6kyvytt\u00f6myysel\u00e4kehakemuksissa \u2013 laskua kahdeksan prosenttia"},"content":{"rendered":"<p>Uusia ty\u00f6kyvytt\u00f6myysel\u00e4kehakemuksia tuli Ilmariseen vuonna 2025 yhteens\u00e4 noin 10 500. Hakijoista 56 prosenttia oli miehi\u00e4 ja 44 prosenttia naisia. Hakemusm\u00e4\u00e4r\u00e4t laskivat kaikissa ik\u00e4ryhmiss\u00e4, ja suurin v\u00e4hennys (-12 %) oli 35\u201344-vuotiaiden ryhm\u00e4ss\u00e4. L\u00e4hes 30 prosenttia uusista hakijoista oli yli 60-vuotiaita, ja t\u00e4ss\u00e4 ik\u00e4ryhm\u00e4ss\u00e4 yleisin syy oli tuki- ja liikuntaelinsairaus. Keskim\u00e4\u00e4rin ty\u00f6kyvytt\u00f6myysel\u00e4kkeelle siirryttiin 52,8 vuoden i\u00e4ss\u00e4.<\/p>\n<p>Nivelrikko ohitti masennuksen yleisimp\u00e4n\u00e4 ty\u00f6kyvytt\u00f6myysel\u00e4kkeen syyn\u00e4\u00a0<\/p>\n<p>Useimmiten ty\u00f6kyvytt\u00f6myysel\u00e4ke my\u00f6nnettiin tuki- ja liikuntaelinsairauden (32 %) ja mielenterveyden h\u00e4iri\u00f6n (29 %) perusteella. Keskim\u00e4\u00e4rin 60 prosenttia hakijoista sai my\u00f6nteisen p\u00e4\u00e4t\u00f6ksen. \u00a0<\/p>\n<p>Ty\u00f6kyvytt\u00f6myyden taustalla olevat syyt ovat vahvasti yhteydess\u00e4 ik\u00e4\u00e4n. Alle 55-vuotiailla yleisin syy oli mielenterveyden h\u00e4iri\u00f6t, kun taas yli 55-vuotiailla tuki- ja liikuntaelinsairaudet.\u00a0<\/p>\n<p>\u2013 Masennus on ollut pitk\u00e4\u00e4n suurin yksitt\u00e4inen syy el\u00e4kkeelle siirtymiseen. Vuonna 2025 kuitenkin nivelrikko nousi yleisimm\u00e4ksi diagnoosiksi, Ilmarisen ty\u00f6kykyjohtaja <strong>Kristiina Halonen<\/strong> kertoo.\u00a0<\/p>\n<p>Useimmiten ty\u00f6kyvytt\u00f6myysel\u00e4ke my\u00f6nnettiin tuki- ja liikuntaelinsairauden perusteella kuljetuksen ja varastoinnin, teollisuuden sek\u00e4 rakentamisen toimialoilla ty\u00f6skenteleville. V\u00e4h\u00e4isint\u00e4 ty\u00f6kyvytt\u00f6myysel\u00e4k\u00f6ityminen oli informaation ja viestinn\u00e4n sek\u00e4 majoitus- ja ravitsemusalan ty\u00f6ntekij\u00e4ryhmill\u00e4.\u00a0<\/p>\n<p>Yli 60-vuotiaista my\u00f6nteisen p\u00e4\u00e4t\u00f6ksen sai noin 80 prosenttia hakijoista. Heill\u00e4 ty\u00f6kyky\u00e4 arvioidaan suhteessa omaan, viimeisimp\u00e4\u00e4n ty\u00f6h\u00f6n, kun taas nuoremmilla ty\u00f6kyky\u00e4 arvioidaan kaikkiin niihin t\u00f6ihin, joita heilt\u00e4 voidaan kohtuudella edellytt\u00e4\u00e4.\u00a0<\/p>\n<p>Alle 35-vuotiailla ty\u00f6kyvytt\u00f6myysel\u00e4kkeen taustalla mielenterveyssyyt\u00a0<\/p>\n<p>Mielenterveyden h\u00e4iri\u00f6ihin liittyv\u00e4t sairauspoissaolot ovat viime vuosina lis\u00e4\u00e4ntyneet selv\u00e4sti, erityisesti nuorilla aikuisilla. T\u00e4st\u00e4 huolimatta alle 35-vuotiaille my\u00f6nnettyjen ty\u00f6kyvytt\u00f6myysel\u00e4kkeiden m\u00e4\u00e4r\u00e4 on v\u00e4hentynyt vuodesta 2019 l\u00e4htien, vaikka samaan aikaan on koettu suuria globaaleja kriisej\u00e4, kuten koronapandemia ja sodat. Kun tarkastellaan kehityst\u00e4 pidemm\u00e4ll\u00e4 aikav\u00e4lill\u00e4 2010-luvun alusta l\u00e4htien, ty\u00f6kyvytt\u00f6myysel\u00e4kkeiden alkaminen alle 35-vuotiailla on kuitenkin hieman lis\u00e4\u00e4ntynyt.<\/p>\n<p>Vuonna 2025 alle 35-vuotiaille ty\u00f6kyvytt\u00f6myysel\u00e4ke my\u00f6nnettiin Ilmarisessa 80-prosenttisesti mielenterveyssyist\u00e4. Noin puolet alle 35-vuotiaiden hakemuksista hyl\u00e4ttiin. Yleisin hylk\u00e4yksen syy oli, ett\u00e4 sairauden katsottiin olevan liian liev\u00e4 t\u00e4ytt\u00e4\u00e4kseen ty\u00f6el\u00e4kelain asettamat vaatimukset.\u00a0<\/p>\n<p>Ilmarisen vuonna 2025 valmistuneen <a href=\"https:\/\/www.ilmarinen.fi\/ajankohtaista\/uutiset-ja-tiedotteet\/2025\/tutkimus-kuormitus-ei-pudota-nuoria-tyoelamasta\/\" target=\"_blank\" rel=\"nofollow noopener\">Nuorten ty\u00f6kyky -tutkimuksen<\/a> mukaan suurin ty\u00f6kyvytt\u00f6myysriski on ty\u00f6el\u00e4m\u00e4st\u00e4 sivussa olevilla nuorilla. Ilmarisen ty\u00f6kyvytt\u00f6myysel\u00e4keindeksin mukaan nelj\u00e4 viidest\u00e4 alle 35-vuotiaasta hakijasta ei ollut el\u00e4kkeenhakuhetkell\u00e4 t\u00f6iss\u00e4 vaan ty\u00f6tt\u00f6m\u00e4n\u00e4, opiskelijana tai muuten ty\u00f6el\u00e4m\u00e4n ulkopuolella.<\/p>\n<p>\u2013 Nuorten mielenterveydenongelmien syyn\u00e4 ei n\u00e4ytt\u00e4isi olevan ty\u00f6el\u00e4m\u00e4st\u00e4 putoaminen ty\u00f6kuormituksen ja ty\u00f6h\u00f6n liittyvien haasteiden takia, vaan ty\u00f6llistymisen ja ty\u00f6el\u00e4m\u00e4\u00e4n kiinnittymisen vaikeudet. Koulutuspolut, ty\u00f6tt\u00f6myys, huoli toimeentulosta ja syrj\u00e4ytyminen kietoutuvat vahvasti t\u00e4h\u00e4n ilmi\u00f6\u00f6n. Nuorten ty\u00f6kyvyn tukeminen on erityisen t\u00e4rke\u00e4\u00e4 siirtym\u00e4vaiheessa opintojen ja ty\u00f6el\u00e4m\u00e4n v\u00e4lill\u00e4, Halonen toteaa.<\/p>\n<p>Mielenterveysongelmia kaikilla toimialoilla saman verran<\/p>\n<p>Mielenterveysperusteinen ty\u00f6kyvytt\u00f6myys on usein liitetty asiantuntijaty\u00f6h\u00f6n, mutta fyysisen ty\u00f6n tekij\u00e4t k\u00e4rsiv\u00e4t yht\u00e4 lailla mielenterveyden h\u00e4iri\u00f6ist\u00e4. <a href=\"https:\/\/www.ilmarinen.fi\/ajankohtaista\/indeksit\/tyokyvyttomyyselakeindeksi\/\" target=\"_blank\" rel=\"nofollow noopener\">Ilmarisen ty\u00f6kyvytt\u00f6myysel\u00e4keindeksin<\/a> mukaan mielenterveysperusteinen ty\u00f6kyvytt\u00f6myys on yht\u00e4 yleist\u00e4 fyysisesti raskailla aloilla kuin toimistoty\u00f6ss\u00e4 \u2013 noin 0,5 promillea eli yksi henkil\u00f6 2 000 palkansaajasta siirtyy ty\u00f6kyvytt\u00f6myysel\u00e4kkeelle mielenterveyden syist\u00e4 toimialasta riippumatta.\u00a0<\/p>\n<p>\u2013 Asiantuntija-aloilla mielenterveyden ongelmien suuri osuus johtuu muiden sairauksien v\u00e4h\u00e4isyydest\u00e4, ei mielenterveyden h\u00e4iri\u00f6iden yleisyydest\u00e4, Halonen sanoo. \u00a0\u00a0<\/p>\n","protected":false},"excerpt":{"rendered":"Uusia ty\u00f6kyvytt\u00f6myysel\u00e4kehakemuksia tuli Ilmariseen vuonna 2025 yhteens\u00e4 noin 10 500. Hakijoista 56 prosenttia oli miehi\u00e4 ja 44 prosenttia&hellip;\n","protected":false},"author":2,"featured_media":136679,"comment_status":"","ping_status":"","sticky":false,"template":"","format":"standard","meta":{"footnotes":""},"categories":[14],"tags":[22,23,26,27,33,31,30,17,24,25,28,29,15,18,21,32,19,20,56,16,59,60,61],"class_list":{"0":"post-136678","1":"post","2":"type-post","3":"status-publish","4":"format-standard","5":"has-post-thumbnail","7":"category-ulkomaat","8":"tag-breaking-news","9":"tag-breakingnews","10":"tag-featured-news","11":"tag-featurednews","12":"tag-fi","13":"tag-finland","14":"tag-finnish","15":"tag-headlines","16":"tag-latest-news","17":"tag-latestnews","18":"tag-main-news","19":"tag-mainnews","20":"tag-news","21":"tag-otsikot","22":"tag-paauutiset","23":"tag-suomi","24":"tag-top-stories","25":"tag-topstories","26":"tag-ulkomaat","27":"tag-uutiset","28":"tag-world","29":"tag-world-news","30":"tag-worldnews"},"share_on_mastodon":{"url":"https:\/\/pubeurope.com\/@fi\/115859105003098216","error":""},"_links":{"self":[{"href":"https:\/\/www.europesays.com\/fi\/wp-json\/wp\/v2\/posts\/136678","targetHints":{"allow":["GET"]}}],"collection":[{"href":"https:\/\/www.europesays.com\/fi\/wp-json\/wp\/v2\/posts"}],"about":[{"href":"https:\/\/www.europesays.com\/fi\/wp-json\/wp\/v2\/types\/post"}],"author":[{"embeddable":true,"href":"https:\/\/www.europesays.com\/fi\/wp-json\/wp\/v2\/users\/2"}],"replies":[{"embeddable":true,"href":"https:\/\/www.europesays.com\/fi\/wp-json\/wp\/v2\/comments?post=136678"}],"version-history":[{"count":0,"href":"https:\/\/www.europesays.com\/fi\/wp-json\/wp\/v2\/posts\/136678\/revisions"}],"wp:featuredmedia":[{"embeddable":true,"href":"https:\/\/www.europesays.com\/fi\/wp-json\/wp\/v2\/media\/136679"}],"wp:attachment":[{"href":"https:\/\/www.europesays.com\/fi\/wp-json\/wp\/v2\/media?parent=136678"}],"wp:term":[{"taxonomy":"category","embeddable":true,"href":"https:\/\/www.europesays.com\/fi\/wp-json\/wp\/v2\/categories?post=136678"},{"taxonomy":"post_tag","embeddable":true,"href":"https:\/\/www.europesays.com\/fi\/wp-json\/wp\/v2\/tags?post=136678"}],"curies":[{"name":"wp","href":"https:\/\/api.w.org\/{rel}","templated":true}]}}