{"id":136682,"date":"2026-01-08T10:54:08","date_gmt":"2026-01-08T10:54:08","guid":{"rendered":"https:\/\/www.europesays.com\/fi\/136682\/"},"modified":"2026-01-08T10:54:08","modified_gmt":"2026-01-08T10:54:08","slug":"sahkonkulutus-on-noussut-kaikkien-aikojen-ennatykseen-fingrid-toivoo-malttia-sahkonkayttoon-uutisia-lyhyesti","status":"publish","type":"post","link":"https:\/\/www.europesays.com\/fi\/136682\/","title":{"rendered":"S\u00e4hk\u00f6nkulutus on noussut kaikkien aikojen enn\u00e4tykseen \u2013 Fingrid toivoo malttia s\u00e4hk\u00f6nk\u00e4ytt\u00f6\u00f6n | Uutisia lyhyesti"},"content":{"rendered":"<p class=\"aw-1gybjub aw-5vja16 kEtdKx kmuxyA yle__article__paragraph\">Enn\u00e4tyst\u00e4 vauhdittivat pakkasen lis\u00e4ksi maltilliset s\u00e4hk\u00f6n hinnat, Fingrid kertoo.<\/p>\n<p><img decoding=\"async\" alt=\"S\u00e4hk\u00f6linja ja taustalla mets\u00e4\u00e4.\" src=\"https:\/\/www.europesays.com\/fi\/wp-content\/uploads\/2026\/01\/39-15766636957d7229629d.jpeg\" class=\"aw-1l9m598 hKVVvP\"\/><\/p>\n<p>Avaa kuvien katselu<\/p>\n<p>Fingridin mukaan s\u00e4hk\u00f6 riitt\u00e4\u00e4 t\u00e4ll\u00e4 hetkell\u00e4 hyvin. Talviset s\u00e4hk\u00f6linjat kuvattiin Niemisj\u00e4rvell\u00e4 Keski-Suomessa tammikuun alussa. Kuva: Simo Pitk\u00e4nen \/ Yle<\/p>\n<p class=\"aw-1gybjub aw-1p7kakr kEtdKx cEmitX yle__article__paragraph\">Suomen s\u00e4hk\u00f6nkulutus on noussut kaikkien aikojen enn\u00e4tykseen, kantaverkkoyhti\u00f6 Fingrid kertoo viestipalvelu X:ss\u00e4.<\/p>\n<p class=\"aw-1gybjub aw-1p7kakr kEtdKx cEmitX yle__article__paragraph\">Fingridin mukaan s\u00e4hk\u00f6n kulutuksen keskiteho on k\u00e4ynyt korkeimmillaan 15\u00a0358 megawatissa.<\/p>\n<p class=\"aw-1gybjub aw-1p7kakr kEtdKx cEmitX yle__article__paragraph\">\u2013 Syyn\u00e4 on pitk\u00e4 pakkasjakso. L\u00e4mmitykseen tarvitaan paljon s\u00e4hk\u00f6\u00e4, sanoo yksik\u00f6n p\u00e4\u00e4llikk\u00f6 <strong class=\"aw-ak79eh KyCXm yle__article__strong\">Mikko Kuivaniemi<\/strong> kantaverkkoyhti\u00f6 Fingridilt\u00e4.<\/p>\n<p class=\"aw-1gybjub aw-1p7kakr kEtdKx cEmitX yle__article__paragraph\">Kuivaniemen mukaan enn\u00e4tyslukema voi viel\u00e4 rikkoutua torstai-illan mittaan.<\/p>\n<p>S\u00e4hk\u00f6nk\u00e4ytt\u00f6\u00e4 kannattaa siirt\u00e4\u00e4 halvemmille tunneille<\/p>\n<p class=\"aw-1gybjub aw-1p7kakr kEtdKx cEmitX yle__article__paragraph\">S\u00e4hk\u00f6n hinta on t\u00e4ll\u00e4 hetkell\u00e4 maltillinen, joten kuluttajat eiv\u00e4t ole ryhtyneet s\u00e4\u00e4st\u00e4m\u00e4\u00e4n s\u00e4hk\u00f6\u00e4.<\/p>\n<p class=\"aw-1gybjub aw-1p7kakr kEtdKx cEmitX yle__article__paragraph\">P\u00f6rssis\u00e4hk\u00f6n keskihinta on t\u00e4n\u00e4\u00e4n torstaina alle kymmenen sentti\u00e4 kilowattitunnilta. Kalleimmillaan p\u00f6rssis\u00e4hk\u00f6 on illalla seitsem\u00e4n ja kahdeksan v\u00e4lill\u00e4, kun hinta nousee runsaaseen 15 senttiin kilowattitunnilta.<\/p>\n<p class=\"aw-1gybjub aw-1p7kakr kEtdKx cEmitX yle__article__paragraph\">S\u00e4hk\u00f6j\u00e4rjestelm\u00e4 toimii Fingridin mukaan normaalisti ja s\u00e4hk\u00f6 riitt\u00e4\u00e4 t\u00e4ll\u00e4 hetkell\u00e4 hyvin.<\/p>\n<p class=\"aw-1gybjub aw-1p7kakr kEtdKx cEmitX yle__article__paragraph\">\u2013 Vaikka meill\u00e4 on kova kire\u00e4 pakkanen, tuulivoimaa on hyvin tarjolla, ja oikeastaan senp\u00e4 takia meill\u00e4 se s\u00e4hk\u00f6n hinta ei ole korkealla tasolla.<\/p>\n<p class=\"aw-1gybjub aw-1p7kakr kEtdKx cEmitX yle__article__paragraph\">Ennusteiden mukaan tuulivoiman tuotanto laskee huomenna perjantaina, mik\u00e4 voi n\u00e4ky\u00e4 s\u00e4hk\u00f6n hinnoissa.<\/p>\n<p class=\"aw-1gybjub aw-1p7kakr kEtdKx cEmitX yle__article__paragraph\">Vasta, kun s\u00e4hk\u00f6n hinta nousee korkeammaksi, alkaa n\u00e4ky\u00e4 my\u00f6s kuluttajien k\u00e4ytt\u00e4ytymisen vaikutus.<\/p>\n<p class=\"aw-1gybjub aw-1p7kakr kEtdKx cEmitX yle__article__paragraph\">Fingridin Kuivaniemi toivoo, ett\u00e4 kuluttajat toimisivat etukenossa ja siirt\u00e4isiv\u00e4t s\u00e4hk\u00f6nk\u00e4ytt\u00f6\u00e4\u00e4n halvemmille tunneille jo ennenkuin s\u00e4hk\u00f6n hinta nousee. Tyypillisesti s\u00e4hk\u00f6 on halvinta y\u00f6ll\u00e4.<\/p>\n<p class=\"aw-1gybjub aw-1p7kakr kEtdKx cEmitX yle__article__paragraph\">P\u00e4\u00e4t\u00f6ksen hinnasta tekev\u00e4t yksitt\u00e4iset s\u00e4hk\u00f6yhti\u00f6t, jotka k\u00e4ytt\u00e4v\u00e4t sit\u00e4 menetelm\u00e4\u00e4, mik\u00e4 t\u00e4ll\u00e4 hetkell\u00e4 tulee halvimmaksi.<\/p>\n<p class=\"aw-1gybjub aw-1p7kakr kEtdKx cEmitX yle__article__paragraph\">\u2013 Suomeen on tullut lis\u00e4\u00e4 teollisen kokoluokan s\u00e4hk\u00f6kattiloita ja niill\u00e4 tehd\u00e4\u00e4n nyt l\u00e4mp\u00f6\u00e4 sen sijaan ett\u00e4 k\u00e4ytett\u00e4isiin yhdistetyn s\u00e4hk\u00f6n ja l\u00e4mm\u00f6ntuotannon laitoksia. T\u00e4m\u00e4 nostaa s\u00e4hk\u00f6n kulutusta enemm\u00e4n kuin yksityisten kotitalouksien toiminta, Kuivaniemi sanoo.<\/p>\n<p class=\"aw-1gybjub aw-1p7kakr kEtdKx cEmitX yle__article__paragraph\">Suomeen tuodaan s\u00e4hk\u00f6\u00e4 Ruotsista, mutta samaan aikaan sit\u00e4 my\u00f6s vied\u00e4\u00e4n Viroon. Tilanne vaihtelee jopa vartin v\u00e4lein.<\/p>\n","protected":false},"excerpt":{"rendered":"Enn\u00e4tyst\u00e4 vauhdittivat pakkasen lis\u00e4ksi maltilliset s\u00e4hk\u00f6n hinnat, Fingrid kertoo. Avaa kuvien katselu Fingridin mukaan s\u00e4hk\u00f6 riitt\u00e4\u00e4 t\u00e4ll\u00e4 hetkell\u00e4&hellip;\n","protected":false},"author":2,"featured_media":136683,"comment_status":"","ping_status":"","sticky":false,"template":"","format":"standard","meta":{"footnotes":""},"categories":[5],"tags":[22,23,2038,656,26,27,33,6135,31,30,17,71,24,25,28,29,15,18,21,22966,32,19,20,16],"class_list":{"0":"post-136682","1":"post","2":"type-post","3":"status-publish","4":"format-standard","5":"has-post-thumbnail","7":"category-otsikot","8":"tag-breaking-news","9":"tag-breakingnews","10":"tag-energia","11":"tag-energiankulutus","12":"tag-featured-news","13":"tag-featurednews","14":"tag-fi","15":"tag-fingrid","16":"tag-finland","17":"tag-finnish","18":"tag-headlines","19":"tag-kotimaa","20":"tag-latest-news","21":"tag-latestnews","22":"tag-main-news","23":"tag-mainnews","24":"tag-news","25":"tag-otsikot","26":"tag-paauutiset","27":"tag-sahkonkulutus","28":"tag-suomi","29":"tag-top-stories","30":"tag-topstories","31":"tag-uutiset"},"share_on_mastodon":{"url":"https:\/\/pubeurope.com\/@fi\/115859112768852738","error":""},"_links":{"self":[{"href":"https:\/\/www.europesays.com\/fi\/wp-json\/wp\/v2\/posts\/136682","targetHints":{"allow":["GET"]}}],"collection":[{"href":"https:\/\/www.europesays.com\/fi\/wp-json\/wp\/v2\/posts"}],"about":[{"href":"https:\/\/www.europesays.com\/fi\/wp-json\/wp\/v2\/types\/post"}],"author":[{"embeddable":true,"href":"https:\/\/www.europesays.com\/fi\/wp-json\/wp\/v2\/users\/2"}],"replies":[{"embeddable":true,"href":"https:\/\/www.europesays.com\/fi\/wp-json\/wp\/v2\/comments?post=136682"}],"version-history":[{"count":0,"href":"https:\/\/www.europesays.com\/fi\/wp-json\/wp\/v2\/posts\/136682\/revisions"}],"wp:featuredmedia":[{"embeddable":true,"href":"https:\/\/www.europesays.com\/fi\/wp-json\/wp\/v2\/media\/136683"}],"wp:attachment":[{"href":"https:\/\/www.europesays.com\/fi\/wp-json\/wp\/v2\/media?parent=136682"}],"wp:term":[{"taxonomy":"category","embeddable":true,"href":"https:\/\/www.europesays.com\/fi\/wp-json\/wp\/v2\/categories?post=136682"},{"taxonomy":"post_tag","embeddable":true,"href":"https:\/\/www.europesays.com\/fi\/wp-json\/wp\/v2\/tags?post=136682"}],"curies":[{"name":"wp","href":"https:\/\/api.w.org\/{rel}","templated":true}]}}