{"id":136684,"date":"2026-01-08T11:06:07","date_gmt":"2026-01-08T11:06:07","guid":{"rendered":"https:\/\/www.europesays.com\/fi\/136684\/"},"modified":"2026-01-08T11:06:07","modified_gmt":"2026-01-08T11:06:07","slug":"kirsi-alm-siira-julkaisi-kuvan-jan-anderssonin-kanssa-seuraajat-riemastuivat-jalleen-kerran","status":"publish","type":"post","link":"https:\/\/www.europesays.com\/fi\/136684\/","title":{"rendered":"Kirsi Alm-Siira julkaisi kuvan Jan Anderssonin kanssa \u2013 seuraajat riemastuivat j\u00e4lleen kerran"},"content":{"rendered":"<p>Alm-Siira on aiemminkin vitsaillut kaksikon eroavaisuuksilla.<\/p>\n<p class=\"article-body mb-nof-24 px-nof-16\">Uutisankkuri <a class=\"font-bold underline-offset-[0.12em] [text-decoration:var(--person-link-text-decoration)] ![text-decoration-color:var(--person-link-text-decoration-color)]\" href=\"https:\/\/www.is.fi\/haku\/?query=Kirsi%20Alm-Siiran\" rel=\"nofollow noopener\" target=\"_blank\">Kirsi Alm-Siiran<\/a> julkaisema kuva hauskuuttaa Instagramissa. Alm-Siira on julkaissut kuvan, jossa h\u00e4n poseeraa kollegansa <a class=\"font-bold underline-offset-[0.12em] [text-decoration:var(--person-link-text-decoration)] ![text-decoration-color:var(--person-link-text-decoration-color)]\" href=\"https:\/\/www.is.fi\/haku\/?query=Jan%20Anderssonin\" rel=\"nofollow noopener\" target=\"_blank\">Jan Anderssonin<\/a> kanssa sel\u00e4t vastakkain.<\/p>\n<p class=\"article-body mb-nof-24 px-nof-16\">Pituuseroa ei voi olla huomaamatta.<\/p>\n<p class=\"article-body mb-nof-24 px-nof-16\">\u2013 On vuosikuvamme aika! Olkoon 2026 armollinen ihan jokaiselle maasta ponnistavalle, Alm-Siira kirjoittaa.<\/p>\n<p class=\"article-body mb-nof-24 px-nof-16\">Seuraajat ovat my\u00f6s jakaneet huomioitaan kommenttikent\u00e4ss\u00e4.<\/p>\n<p class=\"article-body mb-nof-24 px-nof-16\">\u2013 Hyv\u00e4 Kirsi ja Jan. Upea supervaljakko olette, lyhyemp\u00e4\u00e4 ja pidemp\u00e4\u00e4 uutisointia ammattitaidolla.<\/p>\n<p class=\"article-body mb-nof-24 px-nof-16\">\u2013 Ootte hyv\u00e4 parivaljakko.<\/p>\n<p class=\"article-body mb-nof-24 px-nof-16\">\u2013 Aika sulonen pari olette.<\/p>\n<p class=\"article-body mb-nof-24 px-nof-16\">\u2013 &#8221;Pekka ja P\u00e4tk\u00e4&#8221;.<\/p>\n<p class=\"article-body mb-nof-24 px-nof-16\">\u2013 Pieni pituusero.<\/p>\n<p class=\"article-body mb-nof-24 px-nof-16\">\u2013 Kyll\u00e4 min\u00e4kin n\u00e4ytt\u00e4isin korkkarit jalassa pitk\u00e4lt\u00e4 Jannen vieress\u00e4.<\/p>\n<p class=\"article-body mb-nof-24 px-nof-16\">\u2013 Epist\u00e4! Toisel on korkokeng\u00e4t!<\/p>\n<p class=\"article-body mb-nof-24 px-nof-16\">Vuosi sitten Alm-Siira julkaisi my\u00f6s kuvan, jossa he poseeraavat sel\u00e4t vastakkain.<\/p>\n<p class=\"article-body mb-nof-24 px-nof-16\">Kaksikon pituusero on jo pitk\u00e4\u00e4n ollut hupailun aihe. Alm-Siira kertoi vuonna 2022 IS:lle, ett\u00e4 h\u00e4n on toimituksen lyhin, kun taas Andersson on pisin. 158 sentti\u00e4 pitk\u00e4 Alm-Siira arvioi kaksikolla olevan l\u00e4hemm\u00e4s puoli metri\u00e4 pituuseroa.<\/p>\n<p class=\"article-body mb-nof-24 px-nof-16\">Kaksikko k\u00e4ytt\u00e4\u00e4 l\u00e4hetyksiss\u00e4 s\u00e4\u00e4dett\u00e4vi\u00e4 tuoleja, jotta he mahtuvat hyvin samaan kuvaan. Andersson kertoi aiemmin vaatineensa itse tuoleja uutisl\u00e4hetyksiin.<\/p>\n","protected":false},"excerpt":{"rendered":"Alm-Siira on aiemminkin vitsaillut kaksikon eroavaisuuksilla. Uutisankkuri Kirsi Alm-Siiran julkaisema kuva hauskuuttaa Instagramissa. Alm-Siira on julkaissut kuvan, jossa&hellip;\n","protected":false},"author":2,"featured_media":136685,"comment_status":"","ping_status":"","sticky":false,"template":"","format":"standard","meta":{"footnotes":""},"categories":[136],"tags":[407,137,33,31,30,34,408,32,109],"class_list":{"0":"post-136684","1":"post","2":"type-post","3":"status-publish","4":"format-standard","5":"has-post-thumbnail","7":"category-julkkikset","8":"tag-celebrities","9":"tag-entertainment","10":"tag-fi","11":"tag-finland","12":"tag-finnish","13":"tag-ilta-sanomat","14":"tag-julkkikset","15":"tag-suomi","16":"tag-viihde"},"share_on_mastodon":{"url":"https:\/\/pubeurope.com\/@fi\/115859160085390899","error":""},"_links":{"self":[{"href":"https:\/\/www.europesays.com\/fi\/wp-json\/wp\/v2\/posts\/136684","targetHints":{"allow":["GET"]}}],"collection":[{"href":"https:\/\/www.europesays.com\/fi\/wp-json\/wp\/v2\/posts"}],"about":[{"href":"https:\/\/www.europesays.com\/fi\/wp-json\/wp\/v2\/types\/post"}],"author":[{"embeddable":true,"href":"https:\/\/www.europesays.com\/fi\/wp-json\/wp\/v2\/users\/2"}],"replies":[{"embeddable":true,"href":"https:\/\/www.europesays.com\/fi\/wp-json\/wp\/v2\/comments?post=136684"}],"version-history":[{"count":0,"href":"https:\/\/www.europesays.com\/fi\/wp-json\/wp\/v2\/posts\/136684\/revisions"}],"wp:featuredmedia":[{"embeddable":true,"href":"https:\/\/www.europesays.com\/fi\/wp-json\/wp\/v2\/media\/136685"}],"wp:attachment":[{"href":"https:\/\/www.europesays.com\/fi\/wp-json\/wp\/v2\/media?parent=136684"}],"wp:term":[{"taxonomy":"category","embeddable":true,"href":"https:\/\/www.europesays.com\/fi\/wp-json\/wp\/v2\/categories?post=136684"},{"taxonomy":"post_tag","embeddable":true,"href":"https:\/\/www.europesays.com\/fi\/wp-json\/wp\/v2\/tags?post=136684"}],"curies":[{"name":"wp","href":"https:\/\/api.w.org\/{rel}","templated":true}]}}