{"id":136686,"date":"2026-01-08T11:07:11","date_gmt":"2026-01-08T11:07:11","guid":{"rendered":"https:\/\/www.europesays.com\/fi\/136686\/"},"modified":"2026-01-08T11:07:11","modified_gmt":"2026-01-08T11:07:11","slug":"emil-cedercreutzin-museon-hiljaisuus-nayttelyn-arvio","status":"publish","type":"post","link":"https:\/\/www.europesays.com\/fi\/136686\/","title":{"rendered":"Emil Cedercreutzin museon Hiljaisuus-n\u00e4yttelyn arvio"},"content":{"rendered":"<p>N\u00e4yttelyn nimi sis\u00e4lt\u00e4\u00e4 ristiriidan. Kun hiljaisuus p\u00e4\u00e4ttyy huutomerkkiin, joku k\u00e4ytt\u00e4\u00e4 \u00e4\u00e4nt\u00e4\u00e4n. \u201dHiljaisuus!\u201d voi kajahtaa luokassa, lastenhuoneessa tai elokuvan kuvauksissa.<\/p>\n<p>7.1. 14:22<\/p>\n<p class=\"article-body mb-nof-24 px-nof-16\">Juhani J\u00e4rvinen, Sanna Pitk\u00e4niemi-Toroska, Niina Vincelot: Hiljaisuus! Avoinna 1.2.2026 asti. Emil Cedercreutzin museo, Museotie 1, Harjavalta. Avoinna: ti, ke, su 12\u201316, to 12\u201318. Suljettu ma, pe, la.<\/p>\n<p class=\"article-body mb-nof-24 px-nof-16\">Emil Cedercreutzin museon Satakunta-salissa on esill\u00e4 kolmen kuvataiteilijan n\u00e4yttely, josta huokuu pid\u00e4telty surrealismi. Kellot eiv\u00e4t valu oksilta kuin <a class=\"font-bold underline-offset-[0.12em] [text-decoration:var(--person-link-text-decoration)] ![text-decoration-color:var(--person-link-text-decoration-color)]\" href=\"https:\/\/www.satakunnankansa.fi\/haku\/?query=Salvador%20Dal%C3%ADn\" rel=\"nofollow noopener\" target=\"_blank\">Salvador Dal\u00edn<\/a> maalauksessa, mutta jotakin <a class=\"font-bold underline-offset-[0.12em] [text-decoration:var(--person-link-text-decoration)] ![text-decoration-color:var(--person-link-text-decoration-color)]\" href=\"https:\/\/www.satakunnankansa.fi\/haku\/?query=Luis%20Bu%C3%B1uelin\" rel=\"nofollow noopener\" target=\"_blank\">Luis Bu\u00f1uelin<\/a> elokuvien kaltaista vinksahtaneisuutta n\u00e4ist\u00e4 teoksista tihkuu.<\/p>\n<p class=\"article-body mb-nof-24 px-nof-16\"><a class=\"font-bold underline-offset-[0.12em] [text-decoration:var(--person-link-text-decoration)] ![text-decoration-color:var(--person-link-text-decoration-color)]\" href=\"https:\/\/www.satakunnankansa.fi\/haku\/?query=Juhani%20J%C3%A4rvisen\" rel=\"nofollow noopener\" target=\"_blank\">Juhani J\u00e4rvisen <\/a>(s. 1952) veistosten arkkitehtoniset muodostelmat seisovat ohutjalkaisilla telineill\u00e4. Jyrkk\u00e4harjaiset pikkutalot n\u00e4ytt\u00e4v\u00e4t lyijynraskailta, ik\u00e4\u00e4n kuin ne olisi puristettu kasaan kokoaan suuremmista rakennelmista.<\/p>\n<p><img decoding=\"async\" src=\"https:\/\/www.europesays.com\/fi\/wp-content\/uploads\/2026\/01\/1767870430_78_468.jpg\" alt=\"Juhani J\u00e4rvinen: Pieni mausoleumi, 2021, pronssi.\" class=\"_Img_1rerz_1\" style=\"aspect-ratio:1.6424294268605646\" loading=\"eager\"\/><\/p>\n<p class=\"article-picture-caption\">Juhani J\u00e4rvinen: Pieni mausoleumi, 2021, pronssi. Kuva:\u00a0Satu Tenhonen<\/p>\n<p class=\"article-body mb-nof-24 px-nof-16\">Massan tiheytt\u00e4 korostavat litistyneet mittasuhteet. Talot ja temppelit venyv\u00e4t yl\u00f6sp\u00e4in kuin goottilaiset kirkot, mutta p\u00e4invastoin kuin kirkoissa, teosten \u00e4\u00e4rell\u00e4 katsojan n\u00e4k\u00f6kulma on ylh\u00e4\u00e4lt\u00e4 alas.<\/p>\n<p class=\"article-body mb-nof-24 px-nof-16\">Muotoilu on velkaa my\u00f6s keskiaikaisille pyh\u00e4inj\u00e4\u00e4nn\u00f6slippaille, joissa perinteisesti s\u00e4il\u00f6t\u00e4\u00e4n pyhimysten j\u00e4\u00e4nteit\u00e4. Ajatuskin puistattaa, ett\u00e4 veistosten sis\u00e4\u00e4n k\u00e4tkeytyisi jonkun pikkusormi tai leukaluu.<\/p>\n<p class=\"article-body mb-nof-24 px-nof-16\">Pieni\u00e4 harjakattoisia rakennuksia pilkottaa my\u00f6s <a class=\"font-bold underline-offset-[0.12em] [text-decoration:var(--person-link-text-decoration)] ![text-decoration-color:var(--person-link-text-decoration-color)]\" href=\"https:\/\/www.satakunnankansa.fi\/haku\/?query=Niina%20Vincelotin\" rel=\"nofollow noopener\" target=\"_blank\">Niina Vincelotin<\/a> maalauksista, mutta ensin silmille r\u00e4v\u00e4ht\u00e4v\u00e4t v\u00e4rit. Myrkynvihreiden kivien yll\u00e4 kirkuu aniliininpunainen taivas. Sinisten lohkareiden takaa aukeaa appelsiininv\u00e4rinen meri.<\/p>\n<p class=\"article-body mb-nof-24 px-nof-16\">Seuraavassa hetkess\u00e4 rankkasade huuhtoo vehre\u00e4n maiseman \u00e4\u00e4riviivat. V\u00e4rien sek\u00e4 kovien ja pehmeiden muotojen rinnastukset horjuttavat havaintoa siit\u00e4, mik\u00e4 on l\u00e4hell\u00e4 tai kaukana, tai mik\u00e4 on pallo tai kolo.<\/p>\n<p class=\"article-body mb-nof-24 px-nof-16\">Yksitt\u00e4in katsottuna r\u00e4ikeille kontrasteille rakentuvat teokset tuntuvat hakevan tarkoitustaan, mutta kokonaisuudessa ne toimivat rohkeina, joskin riskaabeleina huutomerkkein\u00e4.<\/p>\n<p class=\"article-body mb-nof-24 px-nof-16\">Maalausten kylkien tehostev\u00e4rit korostavat erillisi\u00e4 todellisuuksia. Ne avaavat utuisten unien ja ylivirittyneiden aistimusten n\u00e4ytt\u00e4m\u00f6it\u00e4, joille nukahtaja on vasta astumassa.<\/p>\n<p class=\"article-body mb-nof-24 px-nof-16\"><a class=\"font-bold underline-offset-[0.12em] [text-decoration:var(--person-link-text-decoration)] ![text-decoration-color:var(--person-link-text-decoration-color)]\" href=\"https:\/\/www.satakunnankansa.fi\/haku\/?query=Sanna%20Pitk%C3%A4niemi-Toroskan\" rel=\"nofollow noopener\" target=\"_blank\">Sanna Pitk\u00e4niemi-Toroskan<\/a> (s. 1976) maalaukset yhdistelev\u00e4t kansanomaista ekspressionismia, nostalgista naivismia ja elokuvaviittauksia. V\u00e4lill\u00e4 kohdataan kuin Kuolema Venetsiassa -elokuvassa, sitten karjalaisessa kyl\u00e4ss\u00e4 ja amerikkalaisilla markkinoilla marakatin kanssa. Mennytt\u00e4 aikaa korostavat temperav\u00e4rien maanl\u00e4heinen s\u00e4vyasteikko ja pellavakankaiset maalauspohjat.<\/p>\n<p><img decoding=\"async\" src=\"https:\/\/www.europesays.com\/fi\/wp-content\/uploads\/2026\/01\/1767870431_327_468.jpg\" alt=\"Sanna Pitk\u00e4niemi-Toroska: Kaivonkatsoja, 2025, \u00f6ljy ja tempera kierr\u00e4tyskankaalle.\" class=\"_Img_1rerz_1\" style=\"aspect-ratio:1.0026109660574412\" loading=\"eager\"\/><\/p>\n<p class=\"article-picture-caption\">Sanna Pitk\u00e4niemi-Toroska: Kaivonkatsoja, 2025, \u00f6ljy ja tempera kierr\u00e4tyskankaalle. Kuva:\u00a0Tuuli Penttinen-Lampisuo<\/p>\n<p class=\"article-body mb-nof-24 px-nof-16\">Teokset tarkastelevat maailmaa usein naisten ja tytt\u00f6jen tilanteista k\u00e4sin. Hard candy -tilateos viittaa s\u00e4ngyss\u00e4 toistuvaan tragediaan, jolle lapsi ei tied\u00e4 muuta nime\u00e4. Tytt\u00f6 pakenee varjoa ja kipuaa piilopaikkaansa. Vanha nainen heitt\u00e4\u00e4 \u201dJ\u00e4\u00e4hyv\u00e4iset avantgardelle\u201d ja lakaisee kuolleet miehet kadulta. Kuviin ja teosnimiin ujuttautuu kritiikki\u00e4 luottamuksen pett\u00e4jiin, olivat he sitten l\u00e4heisi\u00e4 tai vallanpit\u00e4ji\u00e4.<\/p>\n<p class=\"article-body mb-nof-24 px-nof-16\">Hiljaisuus! on kauniisti ripustettu ja sopivasti omituinen. Emil Cedercreutzin museon henkeen istuva kokonaisuus v\u00e4reilee yksil\u00f6llisten ja kulttuuristen n\u00e4kymien rajoilla.<\/p>\n<p class=\"article-body mb-nof-24 px-nof-16\">Mielikuvittelun ja arjen v\u00e4lill\u00e4 seikkaillaan my\u00f6s Ilmari-salissa. Siell\u00e4 on esill\u00e4 tekstiilitaiteilija ja k\u00e4sity\u00f6nopettaja <a class=\"font-bold underline-offset-[0.12em] [text-decoration:var(--person-link-text-decoration)] ![text-decoration-color:var(--person-link-text-decoration-color)]\" href=\"https:\/\/www.satakunnankansa.fi\/haku\/?query=Sirkka%20Muurelan\" rel=\"nofollow noopener\" target=\"_blank\">Sirkka Muurelan <\/a>(s. 1936) n\u00e4yttely. Suurten kirjontat\u00f6iden rikkaat luonton\u00e4yt ihastuttavat, mutta kanssani n\u00e4yttely\u00e4 kiert\u00e4v\u00e4 nuori kiinnitt\u00e4\u00e4 huomion kirjailtujen nukkejen ilmeisiin: huh, miten pelottavia!<\/p>\n","protected":false},"excerpt":{"rendered":"N\u00e4yttelyn nimi sis\u00e4lt\u00e4\u00e4 ristiriidan. Kun hiljaisuus p\u00e4\u00e4ttyy huutomerkkiin, joku k\u00e4ytt\u00e4\u00e4 \u00e4\u00e4nt\u00e4\u00e4n. \u201dHiljaisuus!\u201d voi kajahtaa luokassa, lastenhuoneessa tai elokuvan&hellip;\n","protected":false},"author":2,"featured_media":136687,"comment_status":"","ping_status":"","sticky":false,"template":"","format":"standard","meta":{"footnotes":""},"categories":[135],"tags":[389,387,388,390,137,33,31,30,80,32,394,393,391,392,109],"class_list":{"0":"post-136686","1":"post","2":"type-post","3":"status-publish","4":"format-standard","5":"has-post-thumbnail","7":"category-taiteet-ja-suunnittelu","8":"tag-arts","9":"tag-arts-and-design","10":"tag-artsanddesign","11":"tag-design","12":"tag-entertainment","13":"tag-fi","14":"tag-finland","15":"tag-finnish","16":"tag-satakunnan-kansa","17":"tag-suomi","18":"tag-suunnittelu","19":"tag-taiteet","20":"tag-taiteet-ja-suunnittelu","21":"tag-taiteetsuunnittelu","22":"tag-viihde"},"share_on_mastodon":{"url":"https:\/\/pubeurope.com\/@fi\/115859163910700811","error":""},"_links":{"self":[{"href":"https:\/\/www.europesays.com\/fi\/wp-json\/wp\/v2\/posts\/136686","targetHints":{"allow":["GET"]}}],"collection":[{"href":"https:\/\/www.europesays.com\/fi\/wp-json\/wp\/v2\/posts"}],"about":[{"href":"https:\/\/www.europesays.com\/fi\/wp-json\/wp\/v2\/types\/post"}],"author":[{"embeddable":true,"href":"https:\/\/www.europesays.com\/fi\/wp-json\/wp\/v2\/users\/2"}],"replies":[{"embeddable":true,"href":"https:\/\/www.europesays.com\/fi\/wp-json\/wp\/v2\/comments?post=136686"}],"version-history":[{"count":0,"href":"https:\/\/www.europesays.com\/fi\/wp-json\/wp\/v2\/posts\/136686\/revisions"}],"wp:featuredmedia":[{"embeddable":true,"href":"https:\/\/www.europesays.com\/fi\/wp-json\/wp\/v2\/media\/136687"}],"wp:attachment":[{"href":"https:\/\/www.europesays.com\/fi\/wp-json\/wp\/v2\/media?parent=136686"}],"wp:term":[{"taxonomy":"category","embeddable":true,"href":"https:\/\/www.europesays.com\/fi\/wp-json\/wp\/v2\/categories?post=136686"},{"taxonomy":"post_tag","embeddable":true,"href":"https:\/\/www.europesays.com\/fi\/wp-json\/wp\/v2\/tags?post=136686"}],"curies":[{"name":"wp","href":"https:\/\/api.w.org\/{rel}","templated":true}]}}