{"id":136688,"date":"2026-01-08T11:09:09","date_gmt":"2026-01-08T11:09:09","guid":{"rendered":"https:\/\/www.europesays.com\/fi\/136688\/"},"modified":"2026-01-08T11:09:09","modified_gmt":"2026-01-08T11:09:09","slug":"bachelorina-nahdaan-ensimmaista-kertaa-julkkis-arttu-kilpelainen-paljastaa-miksi-lahti-ohjelmaan-mukaan","status":"publish","type":"post","link":"https:\/\/www.europesays.com\/fi\/136688\/","title":{"rendered":"Bachelorina n\u00e4hd\u00e4\u00e4n ensimm\u00e4ist\u00e4 kertaa julkkis \u2013 Arttu Kilpel\u00e4inen paljastaa, miksi l\u00e4hti ohjelmaan mukaan"},"content":{"rendered":"<p><strong class=\"typography-bold\">Unelmien poikamiehen\u00e4 n\u00e4hd\u00e4\u00e4n tulevalla kaudella tv:st\u00e4 tuttu ex-poliisi Arttu Kilpel\u00e4inen. Kilpel\u00e4inen kertoo, miksi p\u00e4\u00e4tti l\u00e4hte\u00e4 mukaan ohjelmaan, jossa bachelorina on aiemmilla kausilla n\u00e4hty taviksia.\u00a0<\/strong><\/p>\n<p>Tulevalla <a class=\"cursor-pointer underline\" data-testid=\"internal-link\" role=\"link\" data-sentry-element=\"Link\" data-sentry-component=\"InternalLink\" data-sentry-source-file=\"InternalLink.tsx\" href=\"https:\/\/www.mtvuutiset.fi\/aihe\/bachelor-suomi\/7775130\" rel=\"nofollow noopener\" target=\"_blank\">Bachelor Suomi<\/a> -kaudella tosirakkautta etsii julkisuudesta tuttu <a class=\"cursor-pointer underline\" data-testid=\"internal-link\" role=\"link\" data-sentry-element=\"Link\" data-sentry-component=\"InternalLink\" data-sentry-source-file=\"InternalLink.tsx\" href=\"https:\/\/www.mtvuutiset.fi\/aihe\/arttu-kilpelainen\/9278736\" rel=\"nofollow noopener\" target=\"_blank\"><strong class=\"typography-bold\">Arttu Kilpel\u00e4inen<\/strong><\/a>. Mies vieraili torstaina 8. tammikuuta <a class=\"underline\" data-testid=\"external-link\" href=\"https:\/\/www.mtv.fi\/lista\/5P44OO3lW1lbhBZZVgTXR6\" rel=\"noopener noreferrer nofollow\" data-sentry-component=\"ExternalLink\" data-sentry-source-file=\"ExternalLink.tsx\" target=\"_blank\">Huomenta Suomessa<\/a> ja julkisti asian suorassa l\u00e4hetyksess\u00e4.\u00a0<\/p>\n<p>\u2013 Olen odottanut t\u00e4t\u00e4 hetke\u00e4 tosi kauan, ett\u00e4 saan t\u00e4m\u00e4n harteiltani pois. Nyt ei tarvitse en\u00e4\u00e4 salailla, Kilpel\u00e4inen sanoi huojentuneena.\u00a0<\/p>\n<p>29-vuotias Kilpel\u00e4inen on tullut monille tutuksi somevaikuttajana, podcastaajana ja lis\u00e4ksi h\u00e4net n\u00e4htiin viime kaudella <a class=\"underline\" data-testid=\"external-link\" href=\"https:\/\/www.mtvuutiset.fi\/aihe\/suomen-surkein-kuski\/7601184\" rel=\"noopener noreferrer nofollow\" data-sentry-component=\"ExternalLink\" data-sentry-source-file=\"ExternalLink.tsx\" target=\"_blank\">Suomen surkein kuski<\/a> -ohjelman yhten\u00e4 tuomarina.\u00a0<\/p>\n<p>Bachelor Suomi -ohjelmassa on aiemmilla kausilla n\u00e4hty unelmien poikamiehen\u00e4 taviksia, jotka ovat ohjelman my\u00f6t\u00e4 nousseet julkisuuteen. Nyt ensimm\u00e4ist\u00e4 kertaa Suomessa bachelorin saappaisiin astuu jo julkisuudesta tuttu henkil\u00f6. Kilpel\u00e4inen paljasti Huomenta Suomessa, kuinka h\u00e4n p\u00e4\u00e4tyi mukaan ohjelmaan.\u00a0<\/p>\n<p>\u2013 Ensin olin, ett\u00e4 en varmasti l\u00e4hde mukaan, kun sit\u00e4 minulta kysyttiin. Sitten hetken aikaa pureskelin asiaa ja ajattelin, ett\u00e4 okei ehk\u00e4 min\u00e4 voisin jutella t\u00e4st\u00e4 lis\u00e4\u00e4. Kaikkea muuta on jo kokeiltu, joten ehk\u00e4 t\u00e4m\u00e4 on se kaikkein absurdein tapa l\u00f6yt\u00e4\u00e4 kumppani, Kilpel\u00e4inen naurahti.\u00a0<\/p>\n<p>Lue lis\u00e4\u00e4: <a class=\"cursor-pointer underline\" data-testid=\"internal-link\" role=\"link\" data-sentry-element=\"Link\" data-sentry-component=\"InternalLink\" data-sentry-source-file=\"InternalLink.tsx\" href=\"https:\/\/www.mtvuutiset.fi\/artikkeli\/han-on-suomen-uusi-bachelor-julkisuudesta-tuttu-ex-poliisi-etsii-rakkautta\/9278684\" rel=\"nofollow noopener\" target=\"_blank\">T\u00e4ss\u00e4 on Suomen uusi Bachelor! Julkisuudesta tuttu ex-poliisi etsii rakkautta<\/a><\/p>\n<p>Kilpel\u00e4inen kokee ohjelman kannalta mieluumminkin eduksi kuin haitaksi sen, ett\u00e4 h\u00e4n on julkisuuden henkil\u00f6. Mahdolliset hakijat voivat halutessaan tutustua Kilpel\u00e4isen julkiseen profiiliin etuk\u00e4teen.\u00a0<\/p>\n<p>\u2013 Minun somessa kun k\u00e4y, niin sielt\u00e4 tulee hyvin pitk\u00e4lti se minun aito persoona esille. Totta kai joillekin se julkisuus voi olla &#8217;no go&#8217;, mutta sitten taas ei t\u00e4m\u00e4 ohjelmakaan ole t\u00e4ysin julkisuutta karttavalle tarkoitettu.\u00a0<\/p>\n<p>Kilpel\u00e4inen seurusteli pitk\u00e4\u00e4n somevaikuttaja ja yritt\u00e4j\u00e4 <strong class=\"typography-bold\">Pernilla<\/strong><strong class=\"typography-bold\"> B\u00f6ckermanin<\/strong> kanssa. Kaksikko piti my\u00f6s yhteist\u00e4 podcastia. <a class=\"underline\" data-testid=\"external-link\" href=\"https:\/\/www.mtvuutiset.fi\/artikkeli\/pernilla-bockerman-ja-arttu-kilpelainen-ovat-eronneet-avaavat-syita-podcastissa\/8877152\" rel=\"noopener noreferrer nofollow\" data-sentry-component=\"ExternalLink\" data-sentry-source-file=\"ExternalLink.tsx\" target=\"_blank\">He ilmoittivat erostaan vuonna 2024.<\/a><\/p>\n<p>Kilpel\u00e4inen kertoo Huomenta Suomessa, miksi suhteet eiv\u00e4t ole sen j\u00e4lkeen ottaneet tulta alleen.\u00a0<\/p>\n<p>\u2013\u00a0Sit\u00e4 tuntee monta kertaa olevansa hirve\u00e4n valmis l\u00f6yt\u00e4m\u00e4\u00e4n itselleen kumppanin. Sitten katsoo itse\u00e4\u00e4n peilist\u00e4 ja ihmettelee, ett\u00e4 mik\u00e4 minussa on vialla, kun vierell\u00e4 on ihminen, jossa kaikki on kohdallaan, mutta silti jostain syyst\u00e4 tunteet j\u00e4\u00e4v\u00e4t uupumaan. Ja sitten se navigointi siit\u00e4, ett\u00e4 vienk\u00f6 t\u00e4t\u00e4 viel\u00e4 eteenp\u00e4in vai j\u00e4t\u00e4nk\u00f6 t\u00e4m\u00e4n t\u00e4h\u00e4n, niin toistaiseksi olen tehnyt niin, ett\u00e4 olen j\u00e4tt\u00e4nyt sen siihen.\u00a0<\/p>\n<p>\u2013 Olen k\u00e4ynyt sit\u00e4 terapiassa l\u00e4pi ja olemme tulleet siihen lopputulokseen, ett\u00e4 se on ollut karkuun juoksemista. En ole uskaltanut antaa itse\u00e4ni toiselle ihmisille. Mutta nyt on sellainen tilanne, ett\u00e4 asiaa on k\u00e4sitelty, ja kun kuvaukset alkavat, niin sielt\u00e4 ei karkuun p\u00e4\u00e4se. Siell\u00e4 on kohdattava se, mit\u00e4 eteen tulee, Kilpel\u00e4inen sanoo.\u00a0<\/p>\n<p>Bachelorin matkassa ohjelmassa kulkee viime kaudelta tuttu juontaja <a class=\"cursor-pointer underline\" data-testid=\"internal-link\" role=\"link\" data-sentry-element=\"Link\" data-sentry-component=\"InternalLink\" data-sentry-source-file=\"InternalLink.tsx\" href=\"https:\/\/www.mtvuutiset.fi\/aihe\/shirly-karvinen\/5898742\" rel=\"nofollow noopener\" target=\"_blank\"><strong class=\"typography-bold\">Shirly Karvinen<\/strong><\/a>. Ohjelma kuvataan kev\u00e4\u00e4ll\u00e4 2026 ja esitet\u00e4\u00e4n MTV:ll\u00e4 my\u00f6hemmin ilmoitettavana ajankohtana.<\/p>\n<p>Saako Bachelor-Arttu syd\u00e4mesi sykkim\u00e4\u00e4n? <a class=\"underline\" data-testid=\"external-link\" href=\"https:\/\/www.mtv.fi\/ohjelmat\/osallistu\" rel=\"noopener noreferrer nofollow\" data-sentry-component=\"ExternalLink\" data-sentry-source-file=\"ExternalLink.tsx\" target=\"_blank\">Hae ohjelmaan mukaan t\u00e4\u00e4ll\u00e4!<\/a><\/p>\n","protected":false},"excerpt":{"rendered":"Unelmien poikamiehen\u00e4 n\u00e4hd\u00e4\u00e4n tulevalla kaudella tv:st\u00e4 tuttu ex-poliisi Arttu Kilpel\u00e4inen. Kilpel\u00e4inen kertoo, miksi p\u00e4\u00e4tti l\u00e4hte\u00e4 mukaan ohjelmaan, jossa&hellip;\n","protected":false},"author":2,"featured_media":136689,"comment_status":"","ping_status":"","sticky":false,"template":"","format":"standard","meta":{"footnotes":""},"categories":[133],"tags":[137,33,31,30,32,206,156,109],"class_list":{"0":"post-136688","1":"post","2":"type-post","3":"status-publish","4":"format-standard","5":"has-post-thumbnail","7":"category-televisiot","8":"tag-entertainment","9":"tag-fi","10":"tag-finland","11":"tag-finnish","12":"tag-suomi","13":"tag-televisiot","14":"tag-tv","15":"tag-viihde"},"share_on_mastodon":{"url":"https:\/\/pubeurope.com\/@fi\/115859171824408856","error":""},"_links":{"self":[{"href":"https:\/\/www.europesays.com\/fi\/wp-json\/wp\/v2\/posts\/136688","targetHints":{"allow":["GET"]}}],"collection":[{"href":"https:\/\/www.europesays.com\/fi\/wp-json\/wp\/v2\/posts"}],"about":[{"href":"https:\/\/www.europesays.com\/fi\/wp-json\/wp\/v2\/types\/post"}],"author":[{"embeddable":true,"href":"https:\/\/www.europesays.com\/fi\/wp-json\/wp\/v2\/users\/2"}],"replies":[{"embeddable":true,"href":"https:\/\/www.europesays.com\/fi\/wp-json\/wp\/v2\/comments?post=136688"}],"version-history":[{"count":0,"href":"https:\/\/www.europesays.com\/fi\/wp-json\/wp\/v2\/posts\/136688\/revisions"}],"wp:featuredmedia":[{"embeddable":true,"href":"https:\/\/www.europesays.com\/fi\/wp-json\/wp\/v2\/media\/136689"}],"wp:attachment":[{"href":"https:\/\/www.europesays.com\/fi\/wp-json\/wp\/v2\/media?parent=136688"}],"wp:term":[{"taxonomy":"category","embeddable":true,"href":"https:\/\/www.europesays.com\/fi\/wp-json\/wp\/v2\/categories?post=136688"},{"taxonomy":"post_tag","embeddable":true,"href":"https:\/\/www.europesays.com\/fi\/wp-json\/wp\/v2\/tags?post=136688"}],"curies":[{"name":"wp","href":"https:\/\/api.w.org\/{rel}","templated":true}]}}