{"id":136690,"date":"2026-01-08T11:10:07","date_gmt":"2026-01-08T11:10:07","guid":{"rendered":"https:\/\/www.europesays.com\/fi\/136690\/"},"modified":"2026-01-08T11:10:07","modified_gmt":"2026-01-08T11:10:07","slug":"musiikki-ei-koskaan-lopu-epavirallinen-mtv-rewind-palvelu-toistaa-musavideoita-ilman-mainoksia","status":"publish","type":"post","link":"https:\/\/www.europesays.com\/fi\/136690\/","title":{"rendered":"Musiikki ei koskaan lopu! Ep\u00e4virallinen MTV Rewind -palvelu toistaa musavideoita ilman mainoksia"},"content":{"rendered":"<p>&#13;<br \/>\n\t\t\t\t&#13;<br \/>\n\t\t\t\t<strong>MTV<\/strong> eli <strong>Music Television<\/strong> lakkautti vuoden 2025 lopussa kaikki eurooppalaiset musiikkivideoita viel\u00e4 n\u00e4ytt\u00e4neet rinnakkaiskanavansa.<\/p>\n<p>K\u00e4vimme l\u00e4pi <a href=\"https:\/\/dawn.fi\/uutiset\/2025\/10\/15\/music-tv-mtv-lopettaa-musiikkivideo-kanavat-euroopassa\" rel=\"nofollow noopener\" target=\"_blank\">MTV:n historiaa ja musiikkivideokanavien lakkautusta tarkemmin erillisess\u00e4 artikkelissamme<\/a>.<\/p>\n<p>Ja painotettakoon, ett\u00e4 MTV:n varsinaista p\u00e4\u00e4kanavaa ei lakkautettu, mutta se ei ole n\u00e4ytt\u00e4nyt musiikkivideoita en\u00e4\u00e4 vuosikausiin, vaan keskittyy l\u00e4hinn\u00e4 reality-ohjelmiin.<\/p>\n<p>Mutta nostalgian n\u00e4lk\u00e4 on niin suuri, ett\u00e4 tauotonta musiikkivideoiden kokemusta varten tilalle syntyi hyvin nopeasti ep\u00e4virallinen jatkaja, <strong>MTV Rewind<\/strong>.<\/p>\n<p>MTV Rewind on t\u00e4ysin ep\u00e4virallinen pieni verkkopalvelu, joka toistaa selaimessa tauotta musiikkivideoita. Katsoja voi valita itselleen kiinnostavimman vuosikymmenen ja sen j\u00e4lkeen biisej\u00e4 alkaa py\u00f6rim\u00e4\u00e4n, t\u00e4ysin ilman mink\u00e4\u00e4nlaista algoritmia. V\u00e4liin tupsahtaa toisinaan hauskoina maistiaisina arkistoituja, alkuper\u00e4isen MTV-kanavan v\u00e4lijuontoja tai promoja.&#13;<\/p>\n<p>&#13;<\/p>\n<p>Musiikkivideoita palvelusta l\u00f6ytyy yli 33 000 kappaletta ja ne on ryhmitelty vuosikymmenitt\u00e4in IMDB:n tietojen pohjalta.<\/p>\n<p>Musiikkivideot toistuvat kaikki YouTubesta, joten palvelu on my\u00f6s musiikin osalta t\u00e4ysin laillinen (joskin MTV:n nimen ja logon k\u00e4ytt\u00e4minen johtanee ennenpitk\u00e4\u00e4 ongelmiin..). T\u00e4ysin sattumanvarainen biisien toisto ei tokikaan vastaa t\u00e4ysin autenttista MTV:n katselua, jossa suosituimmat biisit soivat v\u00e4hint\u00e4\u00e4n tunnin v\u00e4lein, mutta varsin uskollisen kokemuksen ep\u00e4virallisen MTV Rewindin avulla saa kuitenkin luotua. Palvelun kehitt\u00e4j\u00e4 l\u00f6ytyy <a href=\"https:\/\/x.com\/flexasaurusrex\" target=\"_blank\" rel=\"nofollow\">Twitterist\u00e4<\/a>.<\/p>\n<p>Palvelu l\u00f6ytyy t\u00e4\u00e4lt\u00e4:<\/p>\n<p><a href=\"https:\/\/wantmymtv.vercel.app\/player.html\" target=\"_blank\" rel=\"nofollow noopener\">Ep\u00e4virallinen MTV Rewind<\/a><\/p>\n","protected":false},"excerpt":{"rendered":"&#13; &#13; MTV eli Music Television lakkautti vuoden 2025 lopussa kaikki eurooppalaiset musiikkivideoita viel\u00e4 n\u00e4ytt\u00e4neet rinnakkaiskanavansa. K\u00e4vimme l\u00e4pi&hellip;\n","protected":false},"author":2,"featured_media":136691,"comment_status":"","ping_status":"","sticky":false,"template":"","format":"standard","meta":{"footnotes":""},"categories":[132],"tags":[137,33,31,30,195,47,32,109],"class_list":{"0":"post-136690","1":"post","2":"type-post","3":"status-publish","4":"format-standard","5":"has-post-thumbnail","7":"category-musiikki","8":"tag-entertainment","9":"tag-fi","10":"tag-finland","11":"tag-finnish","12":"tag-music","13":"tag-musiikki","14":"tag-suomi","15":"tag-viihde"},"share_on_mastodon":{"url":"https:\/\/pubeurope.com\/@fi\/115859175850588549","error":""},"_links":{"self":[{"href":"https:\/\/www.europesays.com\/fi\/wp-json\/wp\/v2\/posts\/136690","targetHints":{"allow":["GET"]}}],"collection":[{"href":"https:\/\/www.europesays.com\/fi\/wp-json\/wp\/v2\/posts"}],"about":[{"href":"https:\/\/www.europesays.com\/fi\/wp-json\/wp\/v2\/types\/post"}],"author":[{"embeddable":true,"href":"https:\/\/www.europesays.com\/fi\/wp-json\/wp\/v2\/users\/2"}],"replies":[{"embeddable":true,"href":"https:\/\/www.europesays.com\/fi\/wp-json\/wp\/v2\/comments?post=136690"}],"version-history":[{"count":0,"href":"https:\/\/www.europesays.com\/fi\/wp-json\/wp\/v2\/posts\/136690\/revisions"}],"wp:featuredmedia":[{"embeddable":true,"href":"https:\/\/www.europesays.com\/fi\/wp-json\/wp\/v2\/media\/136691"}],"wp:attachment":[{"href":"https:\/\/www.europesays.com\/fi\/wp-json\/wp\/v2\/media?parent=136690"}],"wp:term":[{"taxonomy":"category","embeddable":true,"href":"https:\/\/www.europesays.com\/fi\/wp-json\/wp\/v2\/categories?post=136690"},{"taxonomy":"post_tag","embeddable":true,"href":"https:\/\/www.europesays.com\/fi\/wp-json\/wp\/v2\/tags?post=136690"}],"curies":[{"name":"wp","href":"https:\/\/api.w.org\/{rel}","templated":true}]}}