{"id":136692,"date":"2026-01-08T11:11:08","date_gmt":"2026-01-08T11:11:08","guid":{"rendered":"https:\/\/www.europesays.com\/fi\/136692\/"},"modified":"2026-01-08T11:11:08","modified_gmt":"2026-01-08T11:11:08","slug":"matt-damon-muunsi-itsensa-hammastyttavaan-kuntoon-viimeksi-painoin-nain-vahan-lukiossa","status":"publish","type":"post","link":"https:\/\/www.europesays.com\/fi\/136692\/","title":{"rendered":"Matt Damon muunsi itsens\u00e4 h\u00e4mm\u00e4stytt\u00e4v\u00e4\u00e4n kuntoon &#8211; &#8221;Viimeksi painoin n\u00e4in v\u00e4h\u00e4n lukiossa&#8221;"},"content":{"rendered":"<p>The Odyssey -elokuvan p\u00e4\u00e4t\u00e4hti <strong>Matt Damon<\/strong> kertoi New Heights -podcastissa, ett\u00e4 h\u00e4n joutui kovalle laihdutuskuurille valmistautuessaan elokuvaa varten.<\/p>\n<p>55-vuotias Damon laihdutti itsens\u00e4 noin 75-kiloiseksi. Noin v\u00e4h\u00e4n mies oli viimeksi painanut lukiossa.<\/p>\n<p>\u201dPainoni on normaalisti noin 85-90 kiloa. Olin [The Odysseyssa] todella hyv\u00e4ss\u00e4 kunnossa. [<strong>Christopher<\/strong>] <strong>Nolan<\/strong> halusi minusta hoikan, mutta vahvan. Siihen vaadittiin paljon treeni\u00e4 ja todella tiukka ruokavalio\u201d, Damon kertoi.<\/p>\n<p>Lue my\u00f6s: <a href=\"https:\/\/www.episodi.fi\/uutiset\/the-odysseyn-ensimmainen-traileri-ei-kerannyt-pelkkaa-ylistysta-tama-asia-katsojia-hiertaa\/\" title=\"The Odysseyn ensimm\u00e4inen traileri ei ker\u00e4nnyt pelkk\u00e4\u00e4 ylistyst\u00e4 \u2013 T\u00e4m\u00e4 asia katsojia hiert\u00e4\u00e4\" class=\"underline-custom !font-montserrat !font-bold !underline-offset-4 !decoration-4 !decoration-episodi-blue !text-md\" rel=\"nofollow noopener\" target=\"_blank\">The Odysseyn ensimm\u00e4inen traileri ei ker\u00e4nnyt pelkk\u00e4\u00e4 ylistyst\u00e4 \u2013 T\u00e4m\u00e4 asia katsojia hiert\u00e4\u00e4<\/a><\/p>\n<p>Lue my\u00f6s: <a href=\"https:\/\/www.episodi.fi\/uutiset\/google-paljasti-ensi-vuoden-odotetuimmat-elokuvat-paljon-spandexia-ja-lepattavia-viittoja\/\" title=\"Google paljasti ensi vuoden odotetuimmat elokuvat \u2013 paljon spandexia ja lepattavia viittoja\" class=\"underline-custom !font-montserrat !font-bold !underline-offset-4 !decoration-4 !decoration-episodi-blue !text-md\" rel=\"nofollow noopener\" target=\"_blank\">Google paljasti ensi vuoden odotetuimmat elokuvat \u2013 paljon spandexia ja lepattavia viittoja<\/a><\/p>\n<p>Damon j\u00e4tti l\u00e4\u00e4k\u00e4rin suosituksesta muun muassa gluteenin.<\/p>\n<p>Toista oli vuoden 2009-elokuvassa Ilmiantaja!, jossa Damon lihotti itsens\u00e4 noin 105 kiloon. Tuolloin oli lupa herkutella.<\/p>\n<p>\u201cKuvausten aikana s\u00f6in varsinaisten aterioiden v\u00e4liss\u00e4 McDonald\u2019s -aterian ja siihen p\u00e4\u00e4lle viel\u00e4 Doritos-sipsej\u00e4.<\/p>\n<p>\u201dSe oli silkkaa taivasta\u201d, Damon muisteli.<\/p>\n<p><img loading=\"lazy\" decoding=\"async\" alt=\"YouTube video\" width=\"480\" height=\"360\" data-pin-nopin=\"true\" nopin=\"nopin\" class=\"perfmatters-lazy\" src=\"https:\/\/www.europesays.com\/fi\/wp-content\/uploads\/2025\/12\/1766437327_387_hqdefault.jpg\"\/><\/p>\n<p>L\u00e4hde: <a href=\"https:\/\/variety.com\/2026\/film\/news\/matt-damon-the-odyssey-weight-loss-1236625572\/\" rel=\"nofollow noopener\" target=\"_blank\">Variety<\/a><\/p>\n<p>\u200b<\/p>\n","protected":false},"excerpt":{"rendered":"The Odyssey -elokuvan p\u00e4\u00e4t\u00e4hti Matt Damon kertoi New Heights -podcastissa, ett\u00e4 h\u00e4n joutui kovalle laihdutuskuurille valmistautuessaan elokuvaa varten.&hellip;\n","protected":false},"author":2,"featured_media":104198,"comment_status":"","ping_status":"","sticky":false,"template":"","format":"standard","meta":{"footnotes":""},"categories":[131],"tags":[155,137,33,173,31,30,4102,172,32,689,109],"class_list":{"0":"post-136692","1":"post","2":"type-post","3":"status-publish","4":"format-standard","5":"has-post-thumbnail","7":"category-elokuvat","8":"tag-elokuvat","9":"tag-entertainment","10":"tag-fi","11":"tag-film","12":"tag-finland","13":"tag-finnish","14":"tag-matt-damon","15":"tag-movies","16":"tag-suomi","17":"tag-the-odyssey","18":"tag-viihde"},"share_on_mastodon":{"url":"https:\/\/pubeurope.com\/@fi\/115859179608696542","error":""},"_links":{"self":[{"href":"https:\/\/www.europesays.com\/fi\/wp-json\/wp\/v2\/posts\/136692","targetHints":{"allow":["GET"]}}],"collection":[{"href":"https:\/\/www.europesays.com\/fi\/wp-json\/wp\/v2\/posts"}],"about":[{"href":"https:\/\/www.europesays.com\/fi\/wp-json\/wp\/v2\/types\/post"}],"author":[{"embeddable":true,"href":"https:\/\/www.europesays.com\/fi\/wp-json\/wp\/v2\/users\/2"}],"replies":[{"embeddable":true,"href":"https:\/\/www.europesays.com\/fi\/wp-json\/wp\/v2\/comments?post=136692"}],"version-history":[{"count":0,"href":"https:\/\/www.europesays.com\/fi\/wp-json\/wp\/v2\/posts\/136692\/revisions"}],"wp:featuredmedia":[{"embeddable":true,"href":"https:\/\/www.europesays.com\/fi\/wp-json\/wp\/v2\/media\/104198"}],"wp:attachment":[{"href":"https:\/\/www.europesays.com\/fi\/wp-json\/wp\/v2\/media?parent=136692"}],"wp:term":[{"taxonomy":"category","embeddable":true,"href":"https:\/\/www.europesays.com\/fi\/wp-json\/wp\/v2\/categories?post=136692"},{"taxonomy":"post_tag","embeddable":true,"href":"https:\/\/www.europesays.com\/fi\/wp-json\/wp\/v2\/tags?post=136692"}],"curies":[{"name":"wp","href":"https:\/\/api.w.org\/{rel}","templated":true}]}}