{"id":136701,"date":"2026-01-08T11:19:07","date_gmt":"2026-01-08T11:19:07","guid":{"rendered":"https:\/\/www.europesays.com\/fi\/136701\/"},"modified":"2026-01-08T11:19:07","modified_gmt":"2026-01-08T11:19:07","slug":"louhintahiekka-kirkkonummentien-ja-overbyntien-perusparannuksen-tyomaatiedote-viikko-2-2026","status":"publish","type":"post","link":"https:\/\/www.europesays.com\/fi\/136701\/","title":{"rendered":"Louhintahiekka: Kirkkonummentien ja \u00d6verbyntien perusparannuksen ty\u00f6maatiedote, viikko 2\/2026"},"content":{"rendered":"<p><strong>Ty\u00f6t jatkuvat j\u00e4\u00e4hallin alueella, Gesterbyntiell\u00e4 sek\u00e4 \u00d6verbyntiell\u00e4<\/strong>.<\/p>\n<p>Kuluvan viikon ty\u00f6t<\/p>\n<ul class=\"wp-block-list\">\n<li>Kaivuuty\u00f6t jatkuvat j\u00e4\u00e4hallin alueella<\/li>\n<li>Liikennej\u00e4rjestelyiden parantaminen<\/li>\n<\/ul>\n<p>Tulevien viikkojen ty\u00f6t<\/p>\n<ul class=\"wp-block-list\">\n<li>Viikko 2 (7.1.2026 alkaen): Vesihuollon kaivuu ja putkiasennukset j\u00e4\u00e4hallin alueella (Stadioninkuja, Hemnellinkaari, Tivolinpiha raitti, Stadioninpolku)<\/li>\n<li>Viikko 3 (12.1.2026 alkaen): Pohjarakenteet, pys\u00e4kkien levennykset ja liikennej\u00e4rjestelyt Gesterbyntiell\u00e4.<\/li>\n<li>Viikko 3 (12.1.2026 alkaen): Pohjarakenteet, sek\u00e4 vesihuollon liitost\u00f6it\u00e4 \u00d6verbyntiell\u00e4<\/li>\n<li>Viikko 3 (12.1.2026 alkaen): Liikennej\u00e4rjestelyjen muutokset j\u00e4\u00e4hallin alueella (Hemnellinkaari)<\/li>\n<li>Viikko 4 (19.1.2026 alkaen): Putkituksien siirtot\u00f6it\u00e4 sek\u00e4 pohjanvahvistuksen valmistelevi\u00e4 t\u00f6it\u00e4 Kirkkotallintiell\u00e4.<\/li>\n<\/ul>\n<p>Liikennej\u00e4rjestelyt ja turvallisuus<\/p>\n<ul class=\"wp-block-list\">\n<li>Viikoilla 3\u20134 Gesterbyntie palautetaan alkuper\u00e4iselle sijainnilleen, k\u00e4velytie pysyy suljettuna, kiertotie k\u00e4yt\u00f6ss\u00e4<\/li>\n<li>Viikoilla 3\u20134 j\u00e4\u00e4hallin ajoyhteys siirret\u00e4\u00e4n tulevaan sijaintiinsa, samalla kevyen liikenteen j\u00e4rjestelyt muuttuvat<\/li>\n<li>Kirkkotallintie ja \u00d6verbyntie pysyv\u00e4t suljettuina, kiertotie Asemankaaren-Nummitien ja Vilhonkummuntien kautta<\/li>\n<li>Bussit pysyv\u00e4t poikkeusreitill\u00e4<\/li>\n<li>Nopeusrajoitus ty\u00f6maa-alueella 30 km\/h.<\/li>\n<li>Noudata opasteita ja k\u00e4yt\u00e4 kevyen liikenteen v\u00e4liaikaisia reittej\u00e4<\/li>\n<\/ul>\n<p>Ilmoita turvallisuushavainto helposti verkossa<\/p>\n<p>Kirkkonummentien ja \u00d6verbyntien perusparannusty\u00f6maa jatkuu vaiheittain marraskuuhun 2026 saakka. Kunnalle on t\u00e4rke\u00e4\u00e4, ett\u00e4 ty\u00f6maa pysyy turvallisena kaikille. Jos huomaat vaaratilanteen, puutteellisen opastuksen, rikkoutuneen aidan tai muun turvallisuuteen liittyv\u00e4n ongelman, ilmoita siit\u00e4 <a href=\"https:\/\/app.zeroni.fi\/teehavainto\/#!\/\" rel=\"nofollow noopener\" target=\"_blank\">Tee havainto -palvelussa<\/a>.<\/p>\n<p>N\u00e4in teet havainnon:<\/p>\n<ol class=\"wp-block-list\">\n<li>Mene <a href=\"https:\/\/app.zeroni.fi\/teehavainto\/#!\/\" rel=\"nofollow noopener\" target=\"_blank\">Tee havainto -palveluun<\/a>.<\/li>\n<li>Salli sijainnin k\u00e4ytt\u00f6, jotta havainto kohdistuu oikealle ty\u00f6maalle<\/li>\n<li>Kirjoita lyhyt kuvaus ja halutessasi lis\u00e4\u00e4 kuva<\/li>\n<li>L\u00e4het\u00e4 havainto. Tieto menee suoraan ty\u00f6maan turvallisuudesta vastaaville.<\/li>\n<\/ol>\n<p>Nopea ilmoitus auttaa korjaamaan puutteet ja ehk\u00e4isem\u00e4\u00e4n tapaturmia.<\/p>\n<p>Lis\u00e4tietoja<\/p>\n<p><strong>Louhintahiekka Oy<\/strong><\/p>\n<p>Iivari Kanto<br \/>+358 449 010 292<br \/>iivari.kanto@louhintahiekka.fi<\/p>\n<p>Lue lis\u00e4\u00e4:<\/p>\n<p><a href=\"https:\/\/kirkkonummi.fi\/wp-content\/uploads\/2025\/04\/Katusuunnitelmat_Yhteenveto.pdf\" rel=\"nofollow noopener\" target=\"_blank\">Kirkkonummentien ja \u00d6verbyntien lainvoimainen katusuunnitelma (PDF-tiedosto, avautuu uuteen v\u00e4lilehteen)<\/a><\/p>\n<p>\n\tAiheeseen liittyy<\/p>\n","protected":false},"excerpt":{"rendered":"Ty\u00f6t jatkuvat j\u00e4\u00e4hallin alueella, Gesterbyntiell\u00e4 sek\u00e4 \u00d6verbyntiell\u00e4. Kuluvan viikon ty\u00f6t Kaivuuty\u00f6t jatkuvat j\u00e4\u00e4hallin alueella Liikennej\u00e4rjestelyiden parantaminen Tulevien viikkojen&hellip;\n","protected":false},"author":2,"featured_media":136702,"comment_status":"","ping_status":"","sticky":false,"template":"","format":"standard","meta":{"footnotes":""},"categories":[12],"tags":[22,23,26,27,33,31,30,17,24,25,28,29,15,18,21,32,19,20,16],"class_list":{"0":"post-136701","1":"post","2":"type-post","3":"status-publish","4":"format-standard","5":"has-post-thumbnail","7":"category-suomi","8":"tag-breaking-news","9":"tag-breakingnews","10":"tag-featured-news","11":"tag-featurednews","12":"tag-fi","13":"tag-finland","14":"tag-finnish","15":"tag-headlines","16":"tag-latest-news","17":"tag-latestnews","18":"tag-main-news","19":"tag-mainnews","20":"tag-news","21":"tag-otsikot","22":"tag-paauutiset","23":"tag-suomi","24":"tag-top-stories","25":"tag-topstories","26":"tag-uutiset"},"share_on_mastodon":{"url":"https:\/\/pubeurope.com\/@fi\/115859211085917900","error":""},"_links":{"self":[{"href":"https:\/\/www.europesays.com\/fi\/wp-json\/wp\/v2\/posts\/136701","targetHints":{"allow":["GET"]}}],"collection":[{"href":"https:\/\/www.europesays.com\/fi\/wp-json\/wp\/v2\/posts"}],"about":[{"href":"https:\/\/www.europesays.com\/fi\/wp-json\/wp\/v2\/types\/post"}],"author":[{"embeddable":true,"href":"https:\/\/www.europesays.com\/fi\/wp-json\/wp\/v2\/users\/2"}],"replies":[{"embeddable":true,"href":"https:\/\/www.europesays.com\/fi\/wp-json\/wp\/v2\/comments?post=136701"}],"version-history":[{"count":0,"href":"https:\/\/www.europesays.com\/fi\/wp-json\/wp\/v2\/posts\/136701\/revisions"}],"wp:featuredmedia":[{"embeddable":true,"href":"https:\/\/www.europesays.com\/fi\/wp-json\/wp\/v2\/media\/136702"}],"wp:attachment":[{"href":"https:\/\/www.europesays.com\/fi\/wp-json\/wp\/v2\/media?parent=136701"}],"wp:term":[{"taxonomy":"category","embeddable":true,"href":"https:\/\/www.europesays.com\/fi\/wp-json\/wp\/v2\/categories?post=136701"},{"taxonomy":"post_tag","embeddable":true,"href":"https:\/\/www.europesays.com\/fi\/wp-json\/wp\/v2\/tags?post=136701"}],"curies":[{"name":"wp","href":"https:\/\/api.w.org\/{rel}","templated":true}]}}