{"id":136710,"date":"2026-01-08T11:36:07","date_gmt":"2026-01-08T11:36:07","guid":{"rendered":"https:\/\/www.europesays.com\/fi\/136710\/"},"modified":"2026-01-08T11:36:07","modified_gmt":"2026-01-08T11:36:07","slug":"millainen-pomo-on-dave-mustaine-megadeth-rumpali-kertoo","status":"publish","type":"post","link":"https:\/\/www.europesays.com\/fi\/136710\/","title":{"rendered":"Millainen pomo on Dave Mustaine? Megadeth-rumpali kertoo"},"content":{"rendered":"<p>Entinen <strong>Soilwork<\/strong>-rumpali <strong>Dirk Verbeuren<\/strong> liittyi thrash metal -suuruus <strong>Megadethin <\/strong>riveihin alkuvuodesta 2016 eli belgialaiskannuttajalla tulee pian py\u00f6re\u00e4t 10 vuotta t\u00e4yteen Megadeth-kippari <strong>Dave Mustainen<\/strong> rinnalla (tai no, takana). H\u00e4nen soittoaan voi kuulla vuoden 2022 The Sick, the Dying\u2026 and the Dead! -albumilla sek\u00e4 23.1. ilmestyv\u00e4ll\u00e4 Megadeth-levyll\u00e4, joka j\u00e4\u00e4kin sitten b\u00e4ndin viimeiseksi.<\/p>\n<p>Mustainella on maine \u00e4ksyn\u00e4 miehen\u00e4 ja hankalana pomona, joten tuoreessa Freddy and Friends -podcastin haastattelussa Verbeurenilta kysyttiin, millaista Mustainen kanssa on ollut ty\u00f6skennell\u00e4.<\/p>\n<p>\u201dSamanlaista kuin kenen tahansa muunkin. Olen tehnyt paljon hommia erilaisten ihmisten kanssa \u2013 ja tulen tekem\u00e4\u00e4n jatkossakin \u2013 ett\u00e4 jokaisen kanssa t\u00e4ytyy oppia se paras tapa tehd\u00e4 yhteisty\u00f6t\u00e4. Millainen heid\u00e4n prosessinsa on, mit\u00e4 he hakevat ja mit\u00e4 he odottavat. V\u00e4lill\u00e4 se vaatii enemm\u00e4n hakemista ja kokeiluja\u201d, <a href=\"https:\/\/blabbermouth.net\/news\/megadeths-dirk-verbeuren-on-dave-mustaine-hell-tell-you-straight-to-your-face-if-he-doesnt-like-something\" target=\"_blank\" rel=\"noreferrer noopener nofollow\">Verbeuren toteaa<\/a>.<\/p>\n<p>\u201dDave on aina hyvin suorapuheinen ja suoraviivainen. Ihan sama mit\u00e4 h\u00e4nest\u00e4 sanotaan, h\u00e4n on juuri sit\u00e4, milt\u00e4 n\u00e4ytt\u00e4\u00e4. Ja h\u00e4n sanoo suoraan p\u00e4in naamaa, jos ei pid\u00e4 jostain tai jos h\u00e4n haluaa jotain tietty\u00e4 juttua. H\u00e4nen kanssaan oli itse asiassa aika helppo ymm\u00e4rt\u00e4\u00e4, mit\u00e4 h\u00e4n haluaa.\u201d<\/p>\n<p>Lue my\u00f6s: <a href=\"https:\/\/www.inferno.fi\/uutiset\/megadethin-viimeisella-kiertueella-ei-nahda-entisia-jasenia-vierailemassa-ei-tama-ole-mikaan-nukketeatteri\/\" title=\"Megadethin viimeisell\u00e4 kiertueella ei n\u00e4hd\u00e4 entisi\u00e4 j\u00e4seni\u00e4 vierailemassa \u2013 \u201dEi t\u00e4m\u00e4 ole mik\u00e4\u00e4n nukketeatteri\u201d\" class=\"underline-custom !font-montserrat !font-bold !underline-offset-4 !decoration-4 !decoration-red-600 !text-md\" rel=\"nofollow noopener\" target=\"_blank\">Megadethin viimeisell\u00e4 kiertueella ei n\u00e4hd\u00e4 entisi\u00e4 j\u00e4seni\u00e4 vierailemassa \u2013 \u201dEi t\u00e4m\u00e4 ole mik\u00e4\u00e4n nukketeatteri\u201d<\/a><\/p>\n<p>\u201dJa totta kai sekin auttaa, ett\u00e4\u2026 Kasvoin Megadethin parissa ja b\u00e4ndi on ollut el\u00e4m\u00e4ss\u00e4ni kauan. Joten ymm\u00e4rr\u00e4n b\u00e4ndi\u00e4. Se auttaa. Jos en tuntisi b\u00e4ndi\u00e4 niin hyvin, en v\u00e4ltt\u00e4m\u00e4tt\u00e4 pystyisi tuomaan siihen omaa panostani yht\u00e4 hyvin.\u201d<\/p>\n<p><img loading=\"lazy\" decoding=\"async\" alt=\"YouTube video\" width=\"480\" height=\"360\" data-pin-nopin=\"true\" nopin=\"nopin\" class=\"perfmatters-lazy\" src=\"https:\/\/www.europesays.com\/fi\/wp-content\/uploads\/2026\/01\/1767872167_261_hqdefault.jpg\"\/><\/p>\n<p>Lue my\u00f6s: <a href=\"https:\/\/www.inferno.fi\/uutiset\/megadethin-dave-mustaine-terveysvaivoistaan-kaikki-tama-tekee-soittamisesta-todella-kivuliasta\/\" title=\"Megadethin Dave Mustaine terveysvaivoistaan: \u201dKaikki t\u00e4m\u00e4 tekee soittamisesta todella kivuliasta\u201d\" class=\"underline-custom !font-montserrat !font-bold !underline-offset-4 !decoration-4 !decoration-red-600 !text-md\" rel=\"nofollow noopener\" target=\"_blank\">Megadethin Dave Mustaine terveysvaivoistaan: \u201dKaikki t\u00e4m\u00e4 tekee soittamisesta todella kivuliasta\u201d<\/a><\/p>\n<p>Lue my\u00f6s: <a href=\"https:\/\/www.inferno.fi\/uutiskirje\/\" title=\"Tilaa Infernon uutiskirje\" class=\"underline-custom !font-montserrat !font-bold !underline-offset-4 !decoration-4 !decoration-red-600 !text-md\" rel=\"nofollow noopener\" target=\"_blank\">Tilaa Infernon uutiskirje ja tied\u00e4t mist\u00e4 kahvitauolla puhutaan! Nappaa raskaan musiikin uutiset ja puheenaiheet suoraan s\u00e4hk\u00f6postiin t\u00e4st\u00e4.<\/a><\/p>\n","protected":false},"excerpt":{"rendered":"Entinen Soilwork-rumpali Dirk Verbeuren liittyi thrash metal -suuruus Megadethin riveihin alkuvuodesta 2016 eli belgialaiskannuttajalla tulee pian py\u00f6re\u00e4t 10&hellip;\n","protected":false},"author":2,"featured_media":136711,"comment_status":"","ping_status":"","sticky":false,"template":"","format":"standard","meta":{"footnotes":""},"categories":[132],"tags":[137,33,31,30,195,47,32,109],"class_list":{"0":"post-136710","1":"post","2":"type-post","3":"status-publish","4":"format-standard","5":"has-post-thumbnail","7":"category-musiikki","8":"tag-entertainment","9":"tag-fi","10":"tag-finland","11":"tag-finnish","12":"tag-music","13":"tag-musiikki","14":"tag-suomi","15":"tag-viihde"},"share_on_mastodon":{"url":"https:\/\/pubeurope.com\/@fi\/115859277929961828","error":""},"_links":{"self":[{"href":"https:\/\/www.europesays.com\/fi\/wp-json\/wp\/v2\/posts\/136710","targetHints":{"allow":["GET"]}}],"collection":[{"href":"https:\/\/www.europesays.com\/fi\/wp-json\/wp\/v2\/posts"}],"about":[{"href":"https:\/\/www.europesays.com\/fi\/wp-json\/wp\/v2\/types\/post"}],"author":[{"embeddable":true,"href":"https:\/\/www.europesays.com\/fi\/wp-json\/wp\/v2\/users\/2"}],"replies":[{"embeddable":true,"href":"https:\/\/www.europesays.com\/fi\/wp-json\/wp\/v2\/comments?post=136710"}],"version-history":[{"count":0,"href":"https:\/\/www.europesays.com\/fi\/wp-json\/wp\/v2\/posts\/136710\/revisions"}],"wp:featuredmedia":[{"embeddable":true,"href":"https:\/\/www.europesays.com\/fi\/wp-json\/wp\/v2\/media\/136711"}],"wp:attachment":[{"href":"https:\/\/www.europesays.com\/fi\/wp-json\/wp\/v2\/media?parent=136710"}],"wp:term":[{"taxonomy":"category","embeddable":true,"href":"https:\/\/www.europesays.com\/fi\/wp-json\/wp\/v2\/categories?post=136710"},{"taxonomy":"post_tag","embeddable":true,"href":"https:\/\/www.europesays.com\/fi\/wp-json\/wp\/v2\/tags?post=136710"}],"curies":[{"name":"wp","href":"https:\/\/api.w.org\/{rel}","templated":true}]}}