{"id":136720,"date":"2026-01-08T11:45:10","date_gmt":"2026-01-08T11:45:10","guid":{"rendered":"https:\/\/www.europesays.com\/fi\/136720\/"},"modified":"2026-01-08T11:45:10","modified_gmt":"2026-01-08T11:45:10","slug":"rauma-on-mukana-liiku-talvella-kampanjassa-10-1-31-3-kirjaa-liikutut-kilometrit-sovellukseen","status":"publish","type":"post","link":"https:\/\/www.europesays.com\/fi\/136720\/","title":{"rendered":"Rauma on mukana LiikU talvella -kampanjassa 10.1.\u201331.3. \u2013 kirjaa liikutut kilometrit sovellukseen"},"content":{"rendered":"<p><img fetchpriority=\"high\" decoding=\"async\" width=\"1024\" height=\"681\" src=\"https:\/\/www.europesays.com\/fi\/wp-content\/uploads\/2026\/01\/hiihto_sukset-lahikuvassa-1024x681.jpg\" alt=\"Sukset ja monot l\u00e4hikuvassa hiihtoladulla.\" class=\"wp-image-55871\"  \/><\/p>\n<p>Rauma osallistuu j\u00e4lleen Lounais-Suomen Liikunta ja Urheilu ry:n LiikU talvella -kampanjaan, joka kannustaa nauttimaan talviliikunnan iloista ja ker\u00e4\u00e4m\u00e4\u00e4n kilometrej\u00e4 eri lajeista. Kampanja j\u00e4rjestet\u00e4\u00e4n 10.1.\u201331.3. Rauma kisaa yli 10 000 asukkaan sarjassa.<\/p>\n<p>Kaupunkilaiset voivat osallistua kampanjaan omien kilometritavoitteidensa mukaan. Kilometrikirjaukset tehd\u00e4\u00e4n p\u00e4\u00e4s\u00e4\u00e4nt\u00f6isesti Liikkuen l\u00e4pi vuoden -sovelluksen kautta, joka siirt\u00e4\u00e4 merkinn\u00e4t suoraan kampanjan kuntarankingiin. Paperisia osallistujakortteja on saatavilla Karin kampuksen kansalaisopiston palvelupisteelt\u00e4 sek\u00e4 palvelupiste Pyyrmanista.<\/p>\n<p>\u2013 Jokainen voi asettaa itselleen sopivat kilometritavoitteet ja nauttia talviliikunnasta omalla tavallaan esimerkiksi hiiht\u00e4en, k\u00e4vellen, lumikenk\u00e4illen, py\u00f6r\u00e4illen, luistellen tai vaikka potkukelkkaillen, liikuntakoordinaattori Kimmo Kouru kannustaa. Lis\u00e4tietoja kampanjasta l\u00f6ytyy osoitteesta liiku.fi\/liikutalvella. Kampanja toteutetaan yhteisty\u00f6ss\u00e4 LiikUn ja mukana olevien kuntien liikuntatoimien kanssa, ja osallistujien kesken arvotaan palkintoja.<\/p>\n<p>\nSaatat olla kiinnostunut my\u00f6s n\u00e4ist\u00e4\n<\/p>\n<ul class=\"columns-2 related-posts is-style-border-radius-and-border wp-block-post-template is-layout-grid wp-container-core-post-template-is-layout-02493678 wp-block-post-template-is-layout-grid\">\n<li class=\"wp-block-post post-73658 post type-post status-publish format-standard has-post-thumbnail hentry category-ajankohtaista category-hyvinvointi-ja-terveys category-liikunta category-rauma-lehti\">\n<img loading=\"lazy\" decoding=\"async\" width=\"750\" height=\"500\" src=\"https:\/\/www.europesays.com\/fi\/wp-content\/uploads\/2026\/01\/rauma-lehti_hyvinvointiaraumalla_peltsi2-750x500.jpg\" class=\"attachment-medium-large size-medium-large wp-post-image\" alt=\"Kuvassa Mikko &quot;Peltsi&quot; Peltola kurkistamassa leikkiputkesta.\" style=\"width:100%;height:100%;object-fit:cover;\"  \/><\/p>\n<\/li>\n<li class=\"wp-block-post post-73839 post type-post status-publish format-standard has-post-thumbnail hentry category-ajankohtaista category-kirjasto\">\n<img loading=\"lazy\" decoding=\"async\" width=\"750\" height=\"451\" src=\"https:\/\/www.europesays.com\/fi\/wp-content\/uploads\/2026\/01\/kirjasto_paakirjasto3-e1715769708781-750x451.jpg\" class=\"attachment-medium-large size-medium-large wp-post-image\" alt=\"P\u00e4\u00e4kirjasto.\" style=\"width:100%;height:100%;object-fit:cover;\"  \/><\/p>\n<\/li>\n<\/ul>\n","protected":false},"excerpt":{"rendered":"Rauma osallistuu j\u00e4lleen Lounais-Suomen Liikunta ja Urheilu ry:n LiikU talvella -kampanjaan, joka kannustaa nauttimaan talviliikunnan iloista ja ker\u00e4\u00e4m\u00e4\u00e4n&hellip;\n","protected":false},"author":2,"featured_media":136721,"comment_status":"","ping_status":"","sticky":false,"template":"","format":"standard","meta":{"footnotes":""},"categories":[12],"tags":[22,23,26,27,33,31,30,17,24,25,28,29,15,18,21,32,19,20,16],"class_list":{"0":"post-136720","1":"post","2":"type-post","3":"status-publish","4":"format-standard","5":"has-post-thumbnail","7":"category-suomi","8":"tag-breaking-news","9":"tag-breakingnews","10":"tag-featured-news","11":"tag-featurednews","12":"tag-fi","13":"tag-finland","14":"tag-finnish","15":"tag-headlines","16":"tag-latest-news","17":"tag-latestnews","18":"tag-main-news","19":"tag-mainnews","20":"tag-news","21":"tag-otsikot","22":"tag-paauutiset","23":"tag-suomi","24":"tag-top-stories","25":"tag-topstories","26":"tag-uutiset"},"share_on_mastodon":{"url":"https:\/\/pubeurope.com\/@fi\/115859313397490128","error":""},"_links":{"self":[{"href":"https:\/\/www.europesays.com\/fi\/wp-json\/wp\/v2\/posts\/136720","targetHints":{"allow":["GET"]}}],"collection":[{"href":"https:\/\/www.europesays.com\/fi\/wp-json\/wp\/v2\/posts"}],"about":[{"href":"https:\/\/www.europesays.com\/fi\/wp-json\/wp\/v2\/types\/post"}],"author":[{"embeddable":true,"href":"https:\/\/www.europesays.com\/fi\/wp-json\/wp\/v2\/users\/2"}],"replies":[{"embeddable":true,"href":"https:\/\/www.europesays.com\/fi\/wp-json\/wp\/v2\/comments?post=136720"}],"version-history":[{"count":0,"href":"https:\/\/www.europesays.com\/fi\/wp-json\/wp\/v2\/posts\/136720\/revisions"}],"wp:featuredmedia":[{"embeddable":true,"href":"https:\/\/www.europesays.com\/fi\/wp-json\/wp\/v2\/media\/136721"}],"wp:attachment":[{"href":"https:\/\/www.europesays.com\/fi\/wp-json\/wp\/v2\/media?parent=136720"}],"wp:term":[{"taxonomy":"category","embeddable":true,"href":"https:\/\/www.europesays.com\/fi\/wp-json\/wp\/v2\/categories?post=136720"},{"taxonomy":"post_tag","embeddable":true,"href":"https:\/\/www.europesays.com\/fi\/wp-json\/wp\/v2\/tags?post=136720"}],"curies":[{"name":"wp","href":"https:\/\/api.w.org\/{rel}","templated":true}]}}