{"id":136724,"date":"2026-01-08T11:58:07","date_gmt":"2026-01-08T11:58:07","guid":{"rendered":"https:\/\/www.europesays.com\/fi\/136724\/"},"modified":"2026-01-08T11:58:07","modified_gmt":"2026-01-08T11:58:07","slug":"iida-ketola-kritisoi-gettomasan-tahdittamaa-mainosta-miesvauvat","status":"publish","type":"post","link":"https:\/\/www.europesays.com\/fi\/136724\/","title":{"rendered":"Iida Ketola kritisoi Gettomasan t\u00e4hditt\u00e4m\u00e4\u00e4 mainosta: &#8221;Miesvauvat&#8230;&#8221;"},"content":{"rendered":"<p>\n            20250820 HELSINKI. Erikoisjoukot-pressi. IIDA KETOLA. KUVA: ATTE KAJOVA<br \/>\n            ATTE KAJOVA\n        <\/p>\n<p class=\"subtitle \">Iida Ketola ei s\u00e4\u00e4stellyt sanoissaan.<\/p>\n<p class=\"article-content article-content-width !bg-background\">Somessa suosittujen ihmisten kaupalliset yhteisty\u00f6t aiheuttavat aika ajoin n\u00e4r\u00e4\u00e4.<\/p>\n<p class=\"font-weight-bold m-font-weight-bold article-content article-content-width !bg-background\">Video: Gettomasan paluu<\/p>\n<p class=\"article-content article-content-width !bg-background\">Nyt radiojuontajana tunnetuksi tullut yritt\u00e4j\u00e4  avasi sanaisen arkkunsa suosikkir\u00e4pp\u00e4ri . Kyseess\u00e4 on kotimaisen elintarvikealan yrityksen kampanja.<\/p>\n<p class=\"article-content article-content-width !bg-background\">Iida julkaisi keskiviikkona (7.1.) <a href=\"https:\/\/www.instagram.com\/ogiidaketola\/\" aria-label=\"Iida Ketolan Instagram\" target=\"_blank\" rel=\"nofollow noopener\">Instagram-tilins\u00e4<\/a> tarinat-osiossa uudelleen kyseisen mainoksen vahvalla saatetekstill\u00e4 varusteltuna:<\/p>\n<p class=\"article-content article-content-width !bg-background\">\u2013 Antakaa mun kaikki kest\u00e4\u00e4, ett\u00e4 nyt n\u00e4m\u00e4 miesvauvat kaipaavat n\u00e4in paljon \u00e4itiens\u00e4 tissimaitoa, ett\u00e4 varastavat sit\u00e4 vasikoilta.<\/p>\n<p>        <a itemprop=\"url\" href=\"https:\/\/www.seiska.fi\/kotimaa\/kuva-julki-iida-ketola-mykistaa-tinderissa-en-etsi-mitaan-loppuelaman-rakkaustarinaa\/2028983\" rel=\"nofollow noopener\" target=\"_blank\"><\/p>\n<p>\nAvautuu Seiskalle deittailusta\n<\/p>\n<p class=\"section-date\">\n        <strong class=\"article-section\" data-section=\"kotimaa\"><br \/>\n            kotimaa<br \/>\n        <\/strong><br \/>\n        23.12.2025 07:30\n    <\/p>\n<p>Kuva julki! Iida Ketola mykist\u00e4\u00e4 Tinderiss\u00e4 \u2013 \u201dEn etsi mit\u00e4\u00e4n loppuel\u00e4m\u00e4n rakkaustarinaa\u201d\n    <\/p>\n<p itemprop=\"description\" class=\"subtitle \">\n    Tosi-tv-kaunotar ja kampaamoyritt\u00e4j\u00e4 antoi Seiskalle luvan Tinder-kuvan julkaisuun.\n<\/p>\n<p>        <\/a><\/p>\n<p class=\"article-content article-content-width !bg-background\">Sit\u00e4, keit\u00e4 Iida tarkemmin tarkoitti miesvauvoilla, h\u00e4n ei Seiskalle tarkentanut, vaan kielt\u00e4ytyi kohteliaasti kommentoimasta.<\/p>\n<p>                <img decoding=\"async\" src=\"https:\/\/www.europesays.com\/fi\/wp-content\/uploads\/2026\/01\/1971786.webp.jpeg\" width=\"576\" height=\"322\" title=\"Iida kuvattuna lokakuussa 2025.\" alt=\"Iida Ketola poseeraa kameralle luurankokoira-lelu syliss\u00e4\u00e4n.\" loading=\"lazy\" \/>            <\/p>\n<p>\n            Iida kuvattuna lokakuussa 2025.<br \/>\n            Matti Matikainen\n        <\/p>\n<p class=\"article-content article-content-width !bg-background\">Tarinat ovat katsottavissa vuorokauden ajan julkaisustaan.<\/p>\n<p>El\u00e4inten yst\u00e4v\u00e4<\/p>\n<p class=\"article-content article-content-width !bg-background\">Iida on tunnetusti el\u00e4inrakas. H\u00e4n muutti joitakin vuosia seitten Helsingin hektisyydest\u00e4 maaseudun rauhaan. Pihapiiriss\u00e4\u00e4n h\u00e4n pit\u00e4\u00e4 useita kotiel\u00e4imi\u00e4, kuten kanoja, possu ja lampaita.<\/p>\n<p class=\"article-content article-content-width !bg-background\">Toissa vuonna h\u00e4n menetti yhden el\u00e4imist\u00e4\u00e4n suden hy\u00f6kk\u00e4ykselle. Uhriksi suden suuhun joutui yksi Iidan lampaista.<\/p>\n<p>        <a itemprop=\"url\" href=\"https:\/\/www.seiska.fi\/kotimaa\/iida-ketola-suru-uutinen\/1997607\" rel=\"nofollow noopener\" target=\"_blank\"><\/p>\n<p>\nIida Ketola:\n<\/p>\n<p class=\"section-date\">\n        <strong class=\"article-section\" data-section=\"kotimaa\"><br \/>\n            kotimaa<br \/>\n        <\/strong><br \/>\n        19.11.2025 15:25\n    <\/p>\n<p>Iida Ketola: Suru-uutinen\n    <\/p>\n<p itemprop=\"description\" class=\"subtitle \">\n    Iida hyv\u00e4stelee rakkaan lemmikkins\u00e4.\n<\/p>\n<p>        <\/a><\/p>\n<p class=\"article-content article-content-width !bg-background\">Viime marraskuussa h\u00e4n joutui puolestaan hyv\u00e4stelem\u00e4\u00e4n lemmikkikanansa,\u00a0<\/p>\n<p>Tuttu my\u00f6s tosi-tv:st\u00e4<\/p>\n<p class=\"article-content article-content-width !bg-background\">Ennen kampaamoyritt\u00e4j\u00e4ksi ryhtymist\u00e4 Iida ty\u00f6skenteli pitk\u00e4\u00e4n median parissa.\u00a0<\/p>\n<p class=\"article-content article-content-width !bg-background\">H\u00e4n juonsi muun muassa Rantalentis-chat-ohjelmaa, radio-ohjelmia sek\u00e4 osallistui useisiin tosi-tv-sarjoihin, kuten Big Brother ja Viidakon t\u00e4ht\u00f6set.<\/p>\n<p><script async src=\"\/\/www.instagram.com\/embed.js\"><\/script><\/p>\n","protected":false},"excerpt":{"rendered":"20250820 HELSINKI. Erikoisjoukot-pressi. IIDA KETOLA. KUVA: ATTE KAJOVA ATTE KAJOVA Iida Ketola ei s\u00e4\u00e4stellyt sanoissaan. Somessa suosittujen ihmisten&hellip;\n","protected":false},"author":2,"featured_media":136725,"comment_status":"","ping_status":"","sticky":false,"template":"","format":"standard","meta":{"footnotes":""},"categories":[136],"tags":[407,23825,137,33,31,30,7135,3274,408,23826,32,1214,109],"class_list":{"0":"post-136724","1":"post","2":"type-post","3":"status-publish","4":"format-standard","5":"has-post-thumbnail","7":"category-julkkikset","8":"tag-celebrities","9":"tag-elainrakkaus","10":"tag-entertainment","11":"tag-fi","12":"tag-finland","13":"tag-finnish","14":"tag-gettomasa","15":"tag-iida-ketola","16":"tag-julkkikset","17":"tag-kaupallinen-yhteistyo","18":"tag-suomi","19":"tag-tosi-tv","20":"tag-viihde"},"share_on_mastodon":{"url":"https:\/\/pubeurope.com\/@fi\/115859364411629111","error":""},"_links":{"self":[{"href":"https:\/\/www.europesays.com\/fi\/wp-json\/wp\/v2\/posts\/136724","targetHints":{"allow":["GET"]}}],"collection":[{"href":"https:\/\/www.europesays.com\/fi\/wp-json\/wp\/v2\/posts"}],"about":[{"href":"https:\/\/www.europesays.com\/fi\/wp-json\/wp\/v2\/types\/post"}],"author":[{"embeddable":true,"href":"https:\/\/www.europesays.com\/fi\/wp-json\/wp\/v2\/users\/2"}],"replies":[{"embeddable":true,"href":"https:\/\/www.europesays.com\/fi\/wp-json\/wp\/v2\/comments?post=136724"}],"version-history":[{"count":0,"href":"https:\/\/www.europesays.com\/fi\/wp-json\/wp\/v2\/posts\/136724\/revisions"}],"wp:featuredmedia":[{"embeddable":true,"href":"https:\/\/www.europesays.com\/fi\/wp-json\/wp\/v2\/media\/136725"}],"wp:attachment":[{"href":"https:\/\/www.europesays.com\/fi\/wp-json\/wp\/v2\/media?parent=136724"}],"wp:term":[{"taxonomy":"category","embeddable":true,"href":"https:\/\/www.europesays.com\/fi\/wp-json\/wp\/v2\/categories?post=136724"},{"taxonomy":"post_tag","embeddable":true,"href":"https:\/\/www.europesays.com\/fi\/wp-json\/wp\/v2\/tags?post=136724"}],"curies":[{"name":"wp","href":"https:\/\/api.w.org\/{rel}","templated":true}]}}